{"id":1008,"date":"2017-08-12T11:51:26","date_gmt":"2017-08-12T09:51:26","guid":{"rendered":"http:\/\/www.franciszek-walcz.pl\/?p=1008"},"modified":"2017-08-12T11:51:47","modified_gmt":"2017-08-12T09:51:47","slug":"ogloszenia-duszpasterskie-13-08-2017","status":"publish","type":"post","link":"http:\/\/www.franciszek-walcz.pl\/?p=1008","title":{"rendered":"OG\u0141OSZENIA DUSZPASTERSKIE 13.08.2017"},"content":{"rendered":"<p><strong><img loading=\"lazy\" decoding=\"async\" class=\"size-medium wp-image-1009 alignleft\" src=\"http:\/\/www.franciszek-walcz.pl\/wp-content\/uploads\/2017\/08\/f83-300x196.jpg\" alt=\"\" width=\"300\" height=\"196\" \/>DZIEWI\u0118TNASTA NIEDZIELA W CI\u0104GU ROKU<\/strong><\/p>\n<p>Dzisiaj, 13 sierpnia, przypada 19. niedziela zwyk\u0142a w roku liturgicznym. Natomiast <span style=\"color: #ff6600; font-size: 12pt;\"><strong><u>w\u00a0najbli\u017cszy wtorek, 15 sierpnia, b\u0119dziemy obchodzi\u0107 uroczysto\u015b\u0107 Wniebowzi\u0119cia Naj\u015bwi\u0119tszej Maryi Panny.<\/u><\/strong> <strong>Msza \u015bw. o godz. 9,00 i 10,30.<\/strong><\/span> Prawd\u0119 wiary o tym, \u017ce Maryja po ziemskim \u017cyciu z cia\u0142em i\u00a0dusz\u0105 zosta\u0142a wzi\u0119ta do chwa\u0142y niebieskiej i wywy\u017cszona przez Pana Boga jako Kr\u00f3lowa, og\u0142osi\u0142 papie\u017c Pius XII w\u00a01950 roku.\u00a0 W Polsce ta uroczysto\u015b\u0107 znana jest i obchodzona jako \u015bwi\u0119to Matki Bo\u017cej Zielnej. Na \u00a0wtorkow\u0105 liturgi\u0119 do ko\u015bcio\u0142a przynosimy bukiety zi\u00f3\u0142, kwiat\u00f3w i warzyw, kt\u00f3re zostan\u0105 tu pob\u0142ogos\u0142awione. Dlaczego w\u0142a\u015bnie w t\u0119 uroczysto\u015b\u0107 w ko\u015bciele b\u0142ogos\u0142awimy zio\u0142a i kwiaty? Bo dzi\u0119kujemy za dar pierwszych zbior\u00f3w w\u0142a\u015bnie w dniu, w kt\u00f3rym osi\u0105ga pe\u0142ni\u0119 zbawienia Maryja \u2013 Najdojrzalszy Owoc odkupionej ludzko\u015bci. Ofiarujmy Jej nasze serca i codzienny trud przybli\u017cania si\u0119 do Pana Boga. Na wz\u00f3r Maryi mamy stara\u0107 si\u0119 by\u0107 lud\u017ami wniebowzi\u0119cia \u2013 tymi, kt\u00f3rzy \u015bwiadomie i zdecydowanie pod\u0105\u017caj\u0105 ku niebu. Wraz z wtorkowym \u015bwi\u0119tem maryjnym tradycyjnie pami\u0119ci\u0105 si\u0119gamy do naszej historii, aby wspomina\u0107 \u201eCud nad Wis\u0142\u0105\u201d z 1920 roku, a tak\u017ce my\u015blimy o naszych si\u0142ach zbrojnych,<br \/>\no polskim wojsku, kt\u00f3re tego dnia ma swoje \u015bwi\u0119to. Pami\u0119tajmy, \u017ce zmagania o w\u0142a\u015bciwe miejsce Polski w\u015br\u00f3d narod\u00f3w Europy i \u015bwiata ci\u0105gle jeszcze trwaj\u0105 \u2013 do\u015bwiadczamy tego naocznie. Polecajmy Kr\u00f3lowej Polski losy naszego narodu.<\/p>\n<p>Przez ostatnie dni my\u015bli i serca nas, Polak\u00f3w pod\u0105\u017caj\u0105 razem z t\u0142umami pielgrzym\u00f3w na Jasn\u0105 G\u00f3r\u0119, gdzie od wiek\u00f3w z g\u0142\u0119bok\u0105 wiar\u0105 wsp\u00f3lnie zanosimy do Matki Bo\u017cej, Kr\u00f3lowej Polski, nasze sprawy narodowe, sprawy naszych rodzin i osobiste. Dzi\u0119kujemy za tyle dowod\u00f3w Jej wielowiekowej opieki nad nasz\u0105 Ojczyzn\u0105 w\u015br\u00f3d wielu zawirowa\u0144 historii, tak\u017ce tej najnowszej.<\/p>\n<p>Sk\u0142adamy serdeczne \u017cyczenia \u015bwi\u0119tuj\u0105cym w tym tygodniu swoje urodziny i imieniny. Zmar\u0142ych\u00a0 polecamy bo\u017cemu mi\u0142osierdziu<\/p>\n","protected":false},"excerpt":{"rendered":"<p>DZIEWI\u0118TNASTA NIEDZIELA W CI\u0104GU ROKU Dzisiaj, 13 sierpnia, przypada 19. niedziela zwyk\u0142a w roku liturgicznym. Natomiast w\u00a0najbli\u017cszy wtorek, 15 sierpnia, b\u0119dziemy obchodzi\u0107 uroczysto\u015b\u0107 Wniebowzi\u0119cia Naj\u015bwi\u0119tszej Maryi Panny. Msza \u015bw. o godz. 9,00 i 10,30. Prawd\u0119 wiary o tym, \u017ce Maryja po ziemskim \u017cyciu z cia\u0142em i\u00a0dusz\u0105 zosta\u0142a wzi\u0119ta do chwa\u0142y niebieskiej i wywy\u017cszona przez Pana Boga jako Kr\u00f3lowa, og\u0142osi\u0142 papie\u017c Pius XII w\u00a01950 roku.\u00a0 W Polsce ta uroczysto\u015b\u0107 znana jest i obchodzona jako \u015bwi\u0119to Matki Bo\u017cej Zielnej. Na \u00a0wtorkow\u0105 liturgi\u0119 do ko\u015bcio\u0142a przynosimy bukiety zi\u00f3\u0142, kwiat\u00f3w i warzyw, kt\u00f3re zostan\u0105 tu pob\u0142ogos\u0142awione. Dlaczego w\u0142a\u015bnie w t\u0119 uroczysto\u015b\u0107 w ko\u015bciele b\u0142ogos\u0142awimy zio\u0142a i kwiaty? Bo dzi\u0119kujemy za dar pierwszych zbior\u00f3w w\u0142a\u015bnie w dniu, w kt\u00f3rym osi\u0105ga pe\u0142ni\u0119 zbawienia Maryja \u2013 Najdojrzalszy Owoc odkupionej ludzko\u015bci. Ofiarujmy Jej nasze serca i codzienny trud przybli\u017cania si\u0119 do Pana Boga. Na wz\u00f3r Maryi mamy stara\u0107 si\u0119 by\u0107 lud\u017ami wniebowzi\u0119cia \u2013 tymi, kt\u00f3rzy \u015bwiadomie i zdecydowanie&hellip;<\/p>\n<p> <a class=\"more-link\" href=\"http:\/\/www.franciszek-walcz.pl\/?p=1008\">Czytaj dalej<\/a><\/p>\n","protected":false},"author":1,"featured_media":0,"comment_status":"open","ping_status":"open","sticky":false,"template":"","format":"standard","meta":{"footnotes":""},"categories":[4],"tags":[],"class_list":{"0":"post-1008","1":"post","2":"type-post","3":"status-publish","4":"format-standard","6":"category-ogloszenia"},"brizy_media":[],"_links":{"self":[{"href":"http:\/\/www.franciszek-walcz.pl\/index.php?rest_route=\/wp\/v2\/posts\/1008","targetHints":{"allow":["GET"]}}],"collection":[{"href":"http:\/\/www.franciszek-walcz.pl\/index.php?rest_route=\/wp\/v2\/posts"}],"about":[{"href":"http:\/\/www.franciszek-walcz.pl\/index.php?rest_route=\/wp\/v2\/types\/post"}],"author":[{"embeddable":true,"href":"http:\/\/www.franciszek-walcz.pl\/index.php?rest_route=\/wp\/v2\/users\/1"}],"replies":[{"embeddable":true,"href":"http:\/\/www.franciszek-walcz.pl\/index.php?rest_route=%2Fwp%2Fv2%2Fcomments&post=1008"}],"version-history":[{"count":1,"href":"http:\/\/www.franciszek-walcz.pl\/index.php?rest_route=\/wp\/v2\/posts\/1008\/revisions"}],"predecessor-version":[{"id":1010,"href":"http:\/\/www.franciszek-walcz.pl\/index.php?rest_route=\/wp\/v2\/posts\/1008\/revisions\/1010"}],"wp:attachment":[{"href":"http:\/\/www.franciszek-walcz.pl\/index.php?rest_route=%2Fwp%2Fv2%2Fmedia&parent=1008"}],"wp:term":[{"taxonomy":"category","embeddable":true,"href":"http:\/\/www.franciszek-walcz.pl\/index.php?rest_route=%2Fwp%2Fv2%2Fcategories&post=1008"},{"taxonomy":"post_tag","embeddable":true,"href":"http:\/\/www.franciszek-walcz.pl\/index.php?rest_route=%2Fwp%2Fv2%2Ftags&post=1008"}],"curies":[{"name":"wp","href":"https:\/\/api.w.org\/{rel}","templated":true}]}}