{"id":1012,"date":"2017-08-14T17:55:08","date_gmt":"2017-08-14T15:55:08","guid":{"rendered":"http:\/\/www.franciszek-walcz.pl\/?p=1012"},"modified":"2017-08-14T17:55:08","modified_gmt":"2017-08-14T15:55:08","slug":"gest-dobrego-syna","status":"publish","type":"post","link":"http:\/\/www.franciszek-walcz.pl\/?p=1012","title":{"rendered":"Gest dobrego Syna"},"content":{"rendered":"<p><img loading=\"lazy\" decoding=\"async\" class=\"size-medium wp-image-1013 alignleft\" src=\"http:\/\/www.franciszek-walcz.pl\/wp-content\/uploads\/2017\/08\/f151-300x195.jpg\" alt=\"\" width=\"300\" height=\"195\" \/>\u015awi\u0119te nic nie m\u00f3wi o\u00a0Wniebowzi\u0119ciu Naj\u015bwi\u0119tszej Maryi Panny. Nie wspomina o\u00a0tym wydarzeniu nawet \u015bw. Jan, kt\u00f3ry wzi\u0105\u0142 Maryj\u0119 pod opiek\u0119, jako swoj\u0105 Matk\u0119, ju\u017c na Golgocie. Milcz\u0105 o\u00a0tym wydarzeniu r\u00f3wnie\u017c najstarsze dokumenty pisane. Jedynie pobo\u017cne opowiadania przekazywa\u0142y t\u0119 prawd\u0119 z\u00a0ust do ust. W\u00a0VIII wieku Ko\u015bcio\u0142y Wschodu obchodz\u0105 ju\u017c uroczysto\u015b\u0107 Wniebowzi\u0119cia, a\u00a0\u015bw. Jan z\u00a0Damaszku g\u0142osi z\u00a0tej okazji przepi\u0119kne homilie.<\/p>\n<p>Dlaczego Ko\u015bci\u00f3\u0142 uzna\u0142 fakt Wniebowzi\u0119cia i\u00a0uroczy\u015bcie wspomina go w\u00a0swoim kalendarzu? Odpowied\u017a jest prosta. Maryja mia\u0142a kochaj\u0105cego a\u00a0r\u00f3wnocze\u015bnie wszechmocnego Syna. Ten wi\u0119c m\u00f3g\u0142 J\u0105 zabra\u0107 do nieba \u201enie czekaj\u0105c\u201d na powszechne zmartwychwstanie cia\u0142. Tego domaga si\u0119 synowska mi\u0142o\u015b\u0107. Ka\u017cdy dobry syn, kochaj\u0105cy matk\u0119, gdyby m\u00f3g\u0142 zabra\u0142by j\u0105 do nieba.<\/p>\n<p>Uroczysto\u015b\u0107 Wniebowzi\u0119cia jest pi\u0119knym wyznaniem mi\u0142o\u015bci Syna do Matki i w\u00a0tym duchu nale\u017cy j\u0105 prze\u017cywa\u0107. Po\u015brednio wzywa ona do g\u0142\u0119bszej refleksji nad naszym odniesieniem do matki. Czy ona jest szcz\u0119\u015bliwa z\u00a0tej racji, \u017ce dziecko uczyni\u0142o dla niej wszystko, na co by\u0142o je sta\u0107? Czy jej oko nie zachodzi \u0142z\u0105, ile razy spogl\u0105da na syna czy c\u00f3rk\u0119? Czy ubogacamy nasz\u0105 matk\u0119 ziemsk\u0105, czy j\u0105 krzywdzimy?<\/p>\n<p><em>Ks. Edward Staniek<\/em><\/p>\n","protected":false},"excerpt":{"rendered":"<p>\u015awi\u0119te nic nie m\u00f3wi o\u00a0Wniebowzi\u0119ciu Naj\u015bwi\u0119tszej Maryi Panny. Nie wspomina o\u00a0tym wydarzeniu nawet \u015bw. Jan, kt\u00f3ry wzi\u0105\u0142 Maryj\u0119 pod opiek\u0119, jako swoj\u0105 Matk\u0119, ju\u017c na Golgocie. Milcz\u0105 o\u00a0tym wydarzeniu r\u00f3wnie\u017c najstarsze dokumenty pisane. Jedynie pobo\u017cne opowiadania przekazywa\u0142y t\u0119 prawd\u0119 z\u00a0ust do ust. W\u00a0VIII wieku Ko\u015bcio\u0142y Wschodu obchodz\u0105 ju\u017c uroczysto\u015b\u0107 Wniebowzi\u0119cia, a\u00a0\u015bw. Jan z\u00a0Damaszku g\u0142osi z\u00a0tej okazji przepi\u0119kne homilie. Dlaczego Ko\u015bci\u00f3\u0142 uzna\u0142 fakt Wniebowzi\u0119cia i\u00a0uroczy\u015bcie wspomina go w\u00a0swoim kalendarzu? Odpowied\u017a jest prosta. Maryja mia\u0142a kochaj\u0105cego a\u00a0r\u00f3wnocze\u015bnie wszechmocnego Syna. Ten wi\u0119c m\u00f3g\u0142 J\u0105 zabra\u0107 do nieba \u201enie czekaj\u0105c\u201d na powszechne zmartwychwstanie cia\u0142. Tego domaga si\u0119 synowska mi\u0142o\u015b\u0107. Ka\u017cdy dobry syn, kochaj\u0105cy matk\u0119, gdyby m\u00f3g\u0142 zabra\u0142by j\u0105 do nieba. Uroczysto\u015b\u0107 Wniebowzi\u0119cia jest pi\u0119knym wyznaniem mi\u0142o\u015bci Syna do Matki i w\u00a0tym duchu nale\u017cy j\u0105 prze\u017cywa\u0107. Po\u015brednio wzywa ona do g\u0142\u0119bszej refleksji nad naszym odniesieniem do matki. Czy ona jest szcz\u0119\u015bliwa z\u00a0tej racji, \u017ce dziecko uczyni\u0142o dla niej wszystko, na co by\u0142o je sta\u0107? Czy&hellip;<\/p>\n<p> <a class=\"more-link\" href=\"http:\/\/www.franciszek-walcz.pl\/?p=1012\">Czytaj dalej<\/a><\/p>\n","protected":false},"author":1,"featured_media":0,"comment_status":"open","ping_status":"open","sticky":false,"template":"","format":"standard","meta":{"footnotes":""},"categories":[5],"tags":[],"class_list":{"0":"post-1012","1":"post","2":"type-post","3":"status-publish","4":"format-standard","6":"category-artykuly"},"brizy_media":[],"_links":{"self":[{"href":"http:\/\/www.franciszek-walcz.pl\/index.php?rest_route=\/wp\/v2\/posts\/1012","targetHints":{"allow":["GET"]}}],"collection":[{"href":"http:\/\/www.franciszek-walcz.pl\/index.php?rest_route=\/wp\/v2\/posts"}],"about":[{"href":"http:\/\/www.franciszek-walcz.pl\/index.php?rest_route=\/wp\/v2\/types\/post"}],"author":[{"embeddable":true,"href":"http:\/\/www.franciszek-walcz.pl\/index.php?rest_route=\/wp\/v2\/users\/1"}],"replies":[{"embeddable":true,"href":"http:\/\/www.franciszek-walcz.pl\/index.php?rest_route=%2Fwp%2Fv2%2Fcomments&post=1012"}],"version-history":[{"count":1,"href":"http:\/\/www.franciszek-walcz.pl\/index.php?rest_route=\/wp\/v2\/posts\/1012\/revisions"}],"predecessor-version":[{"id":1014,"href":"http:\/\/www.franciszek-walcz.pl\/index.php?rest_route=\/wp\/v2\/posts\/1012\/revisions\/1014"}],"wp:attachment":[{"href":"http:\/\/www.franciszek-walcz.pl\/index.php?rest_route=%2Fwp%2Fv2%2Fmedia&parent=1012"}],"wp:term":[{"taxonomy":"category","embeddable":true,"href":"http:\/\/www.franciszek-walcz.pl\/index.php?rest_route=%2Fwp%2Fv2%2Fcategories&post=1012"},{"taxonomy":"post_tag","embeddable":true,"href":"http:\/\/www.franciszek-walcz.pl\/index.php?rest_route=%2Fwp%2Fv2%2Ftags&post=1012"}],"curies":[{"name":"wp","href":"https:\/\/api.w.org\/{rel}","templated":true}]}}