{"id":10138,"date":"2020-08-22T13:43:33","date_gmt":"2020-08-22T11:43:33","guid":{"rendered":"http:\/\/www.franciszek-walcz.pl\/?p=10138"},"modified":"2020-08-22T13:43:33","modified_gmt":"2020-08-22T11:43:33","slug":"klucze-kosciola","status":"publish","type":"post","link":"http:\/\/www.franciszek-walcz.pl\/?p=10138","title":{"rendered":"Klucze Ko\u015bcio\u0142a"},"content":{"rendered":"<p align=\"justify\"><span style=\"font-family: Times New Roman, serif;\"><span style=\"font-size: large;\">Ko\u015bci\u00f3\u0142 jest instytucj\u0105 bosko-ludzk\u0105, kt\u00f3rej Chrystus powierzy\u0142 w\u0142adz\u0119 kluczy. Z\u0142o\u017cy\u0142 je w r\u0119ce Piotra i jego nast\u0119pc\u00f3w. Czego dotyczy ta w\u0142adza? Co Piotr zamyka i co otwiera?<\/span><\/span><\/p>\n<p align=\"justify\"><span style=\"font-family: Times New Roman, serif;\"><span style=\"font-size: large;\">To klucze do \u015bwiata prawdy objawionej. Klucze pozwalaj\u0105ce na wtajemniczenie w bogactwo Pisma \u015awi\u0119tego i Tradycji. M\u00f3wi o tym wyj\u0105tkowo jasno \u015bw. Pawe\u0142 w Li\u015bcie do Rzymian: \u201eO g\u0142\u0119boko\u015bci bogactw, m\u0105dro\u015bci i wiedzy Boga!\u201d (Rz 11,35). Te klucze, nad kt\u00f3rymi czuwa Piotr, s\u0105 w r\u0119ku duszpasterzy i katechet\u00f3w.<\/span><\/span><\/p>\n<p align=\"justify\"><span style=\"font-family: Times New Roman, serif;\"><span style=\"font-size: large;\">To klucze do \u015bwiata dobra i \u015bwiata z\u0142a. Nimi otwiera Ko\u015bci\u00f3\u0142 \u015bwiat dobra i mi\u0142osierdzia i nimi zamyka \u015bwiat z\u0142a, kiedy nawr\u00f3cony cz\u0142owiek go opu\u015bci. Te klucze, nad kt\u00f3rymi czuwa Piotr, spoczywaj\u0105 w r\u0119ku wychowawc\u00f3w.<\/span><\/span><\/p>\n<p align=\"justify\"><span style=\"font-family: Times New Roman, serif;\"><span style=\"font-size: large;\">To klucze do \u015bwiata \u015bwi\u0119to\u015bci, kt\u00f3rymi Ko\u015bci\u00f3\u0142 otwiera \u015bwiat \u0142aski. Czyni to w sakramentach. One spoczywaj\u0105 w r\u0119ku kap\u0142ana, kt\u00f3ry konsekruje chleb i rozgrzesza. Czuwa jednak nad nimi Piotr, kt\u00f3ry jest za nie odpowiedzialny.<\/span><\/span><\/p>\n<p align=\"justify\"><span style=\"font-family: Times New Roman, serif;\"><span style=\"font-size: large;\">To klucze dyscypliny ko\u015bcielnej, czyli prawa obowi\u0105zuj\u0105cego ochrzczonych. One zamykaj\u0105 drzwi Ko\u015bcio\u0142a dla tych, kt\u00f3rzy s\u0105 niezdyscyplinowani, i otwieraj\u0105 je tym, kt\u00f3rzy chc\u0105 prawami tymi \u017cy\u0107. Te klucze spoczywaj\u0105 w r\u0119kach biskup\u00f3w odpowiedzialnych za \u017cycie wsp\u00f3lnoty religijnej. Ich ojcowski charakter ujawni\u0142 Izajasz, klucznik \u201eb\u0119dzie ojcem dla mieszka\u0144c\u00f3w Jeruzalem\u201d (Iz 22,21).<\/span><\/span><\/p>\n<p align=\"justify\"><span style=\"font-family: Times New Roman, serif;\"><span style=\"font-size: large;\">Ucze\u0144 Chrystusa, nale\u017c\u0105c do Ko\u015bcio\u0142a, winien zna\u0107 moc owych kluczy i umie\u0107 z nich korzysta\u0107. W\u0142adzy w Ko\u015bciele<\/span><\/span><span style=\"font-family: Arial, serif;\"><span style=\"font-size: medium;\"> nie da si\u0119 por\u00f3wna\u0107 z \u017cadn\u0105 inn\u0105 na ziemi. W nim w\u0142ada B\u00f3g i On rozliczy klucznik\u00f3w.<\/span><\/span><\/p>\n<p align=\"right\"><span style=\"font-family: Times New Roman, serif;\"><span style=\"font-size: medium;\">ks. Edward Staniek<\/span><\/span><\/p>\n","protected":false},"excerpt":{"rendered":"<p>Ko\u015bci\u00f3\u0142 jest instytucj\u0105 bosko-ludzk\u0105, kt\u00f3rej Chrystus powierzy\u0142 w\u0142adz\u0119 kluczy. Z\u0142o\u017cy\u0142 je w r\u0119ce Piotra i jego nast\u0119pc\u00f3w. Czego dotyczy ta w\u0142adza? Co Piotr zamyka i co otwiera? To klucze do \u015bwiata prawdy objawionej. Klucze pozwalaj\u0105ce na wtajemniczenie w bogactwo Pisma \u015awi\u0119tego i Tradycji. M\u00f3wi o tym wyj\u0105tkowo jasno \u015bw. Pawe\u0142 w Li\u015bcie do Rzymian: \u201eO g\u0142\u0119boko\u015bci bogactw, m\u0105dro\u015bci i wiedzy Boga!\u201d (Rz 11,35). Te klucze, nad kt\u00f3rymi czuwa Piotr, s\u0105 w r\u0119ku duszpasterzy i katechet\u00f3w. To klucze do \u015bwiata dobra i \u015bwiata z\u0142a. Nimi otwiera Ko\u015bci\u00f3\u0142 \u015bwiat dobra i mi\u0142osierdzia i nimi zamyka \u015bwiat z\u0142a, kiedy nawr\u00f3cony cz\u0142owiek go opu\u015bci. Te klucze, nad kt\u00f3rymi czuwa Piotr, spoczywaj\u0105 w r\u0119ku wychowawc\u00f3w. To klucze do \u015bwiata \u015bwi\u0119to\u015bci, kt\u00f3rymi Ko\u015bci\u00f3\u0142 otwiera \u015bwiat \u0142aski. Czyni to w sakramentach. One spoczywaj\u0105 w r\u0119ku kap\u0142ana, kt\u00f3ry konsekruje chleb i rozgrzesza. Czuwa jednak nad nimi Piotr, kt\u00f3ry jest za nie odpowiedzialny. To klucze dyscypliny ko\u015bcielnej, czyli prawa&hellip;<\/p>\n<p> <a class=\"more-link\" href=\"http:\/\/www.franciszek-walcz.pl\/?p=10138\">Czytaj dalej<\/a><\/p>\n","protected":false},"author":1,"featured_media":0,"comment_status":"closed","ping_status":"open","sticky":false,"template":"","format":"standard","meta":{"footnotes":""},"categories":[5],"tags":[],"class_list":{"0":"post-10138","1":"post","2":"type-post","3":"status-publish","4":"format-standard","6":"category-artykuly"},"brizy_media":[],"_links":{"self":[{"href":"http:\/\/www.franciszek-walcz.pl\/index.php?rest_route=\/wp\/v2\/posts\/10138","targetHints":{"allow":["GET"]}}],"collection":[{"href":"http:\/\/www.franciszek-walcz.pl\/index.php?rest_route=\/wp\/v2\/posts"}],"about":[{"href":"http:\/\/www.franciszek-walcz.pl\/index.php?rest_route=\/wp\/v2\/types\/post"}],"author":[{"embeddable":true,"href":"http:\/\/www.franciszek-walcz.pl\/index.php?rest_route=\/wp\/v2\/users\/1"}],"replies":[{"embeddable":true,"href":"http:\/\/www.franciszek-walcz.pl\/index.php?rest_route=%2Fwp%2Fv2%2Fcomments&post=10138"}],"version-history":[{"count":1,"href":"http:\/\/www.franciszek-walcz.pl\/index.php?rest_route=\/wp\/v2\/posts\/10138\/revisions"}],"predecessor-version":[{"id":10139,"href":"http:\/\/www.franciszek-walcz.pl\/index.php?rest_route=\/wp\/v2\/posts\/10138\/revisions\/10139"}],"wp:attachment":[{"href":"http:\/\/www.franciszek-walcz.pl\/index.php?rest_route=%2Fwp%2Fv2%2Fmedia&parent=10138"}],"wp:term":[{"taxonomy":"category","embeddable":true,"href":"http:\/\/www.franciszek-walcz.pl\/index.php?rest_route=%2Fwp%2Fv2%2Fcategories&post=10138"},{"taxonomy":"post_tag","embeddable":true,"href":"http:\/\/www.franciszek-walcz.pl\/index.php?rest_route=%2Fwp%2Fv2%2Ftags&post=10138"}],"curies":[{"name":"wp","href":"https:\/\/api.w.org\/{rel}","templated":true}]}}