{"id":1015,"date":"2017-08-14T17:57:15","date_gmt":"2017-08-14T15:57:15","guid":{"rendered":"http:\/\/www.franciszek-walcz.pl\/?p=1015"},"modified":"2017-08-14T17:58:25","modified_gmt":"2017-08-14T15:58:25","slug":"slowo-pasterskie-bp-jozefa-guzdka-biskupa-polowego-wojska-polskiego-z-okazji-swieta-wojska-polskiego","status":"publish","type":"post","link":"http:\/\/www.franciszek-walcz.pl\/?p=1015","title":{"rendered":"S\u0142owo pasterskie bp. J\u00f3zefa Guzdka, Biskupa Polowego Wojska Polskiego, z okazji \u015awi\u0119ta Wojska Polskiego"},"content":{"rendered":"<p><img loading=\"lazy\" decoding=\"async\" class=\"size-medium wp-image-1016 alignleft\" src=\"http:\/\/www.franciszek-walcz.pl\/wp-content\/uploads\/2017\/08\/f152-300x111.jpg\" alt=\"\" width=\"300\" height=\"111\" \/><em>Po raz kolejny 15 sierpnia \u2013 wpatrzeni w posta\u0107 zwyci\u0119skiej Maryi, kt\u00f3ra zosta\u0142a z cia\u0142em i dusz\u0105 wzi\u0119ta do nieba \u2013 b\u0119dziemy wspomina\u0107 wielkie zwyci\u0119stwo odniesione na przedpolach Warszawy w 1920 roku. Zadecydowa\u0142o ono nie tylko o przysz\u0142o\u015bci m\u0142odego pa\u0144stwa polskiego, odrodzonego w 1918 roku, ale tak\u017ce o kszta\u0142cie chrze\u015bcija\u0144skiej Europy.<\/em><\/p>\n<p><em>Wspominaj\u0105c Cud nad Wis\u0142\u0105 dzi\u0119kujmy Bogu, \u017ce by\u0142 natchnieniem, \u017ar\u00f3d\u0142em si\u0142 i najg\u0142\u0119bszych motywacji dla naszych Rodak\u00f3w w tym trudnym, wojennym czasie. Wsp\u00f3lna modlitwa, udzia\u0142 we Mszach \u015bw. i procesjach b\u0142agalnych jednoczy\u0142y wszystkich wok\u00f3\u0142 najwa\u017cniejszej sprawy w tamtym czasie \u2013 wok\u00f3\u0142 obrony wolno\u015bci i\u00a0niepodleg\u0142o\u015bci Ojczyzny.<\/em><\/p>\n<p><em>Z ogromnym szacunkiem i wdzi\u0119czno\u015bci\u0105 my\u015blimy o \u017co\u0142nierzach Wojska Polskiego, kt\u00f3rzy nie ul\u0119kli si\u0119 przewa\u017caj\u0105cej si\u0142y wroga, ale ofiarnie, pe\u0142ni po\u015bwi\u0119cenia, chwycili za bro\u0144, staj\u0105c w obronie wiosek i miast. Zgodnie z pouczeniem Chrystusa zawartym w Ewangelii: \u201eNikt nie ma wi\u0119kszej mi\u0142o\u015bci od tej, gdy kto\u015b \u017cycie swoje oddaje za przyjaci\u00f3\u0142 swoich\u201d (J 15,13), zdobyli si\u0119 na heroiczny b\u00f3j.<\/em><\/p>\n<p><em>Poleg\u0142ym i zmar\u0142ym nasz\u0105 wdzi\u0119czno\u015b\u0107 oka\u017cemy podczas modlitwy w ko\u015bcio\u0142ach i kaplicach, a tak\u017ce uczestnicz\u0105c w okoliczno\u015bciowych spotkaniach i apelach.<\/em><\/p>\n<p><em>W dniu historycznego zwyci\u0119stwa nad Armi\u0105 Czerwon\u0105 w 1920 roku obchodzimy \u015awi\u0119to Wojska Polskiego. Wspominaj\u0105c i podziwiaj\u0105c rycerzy wolno\u015bci sprzed 97. lat nasz wzrok i s\u0142owa pami\u0119ci kierujemy w stron\u0119 tych, kt\u00f3rzy ju\u017c wype\u0142nili swoje \u017co\u0142nierskie zadania \u2013 kombatant\u00f3w wszystkich front\u00f3w walki o woln\u0105 Polsk\u0119 i \u017co\u0142nierzy, kt\u00f3rzy przeszli ju\u017c w stan spoczynku.<\/em><\/p>\n<p><em>Szacunek i wdzi\u0119czno\u015b\u0107 chcemy wyrazi\u0107 tak\u017ce \u017co\u0142nierzom, kt\u00f3rzy dzi\u015b stoj\u0105 na stra\u017cy pokoju i bezpiecze\u0144stwa naszych granic. Wsp\u00f3\u0142czesne pokolenie \u017co\u0142nierzy anga\u017cuje si\u0119 w walk\u0119 ze z\u0142em, terroryzmem, tak\u017ce daleko poza granicami naszej Ojczyzny, ale zawsze z\u00a0my\u015bl\u0105 o bezpiecze\u0144stwie tej, kt\u00f3ra jest nasz\u0105 Matk\u0105. Sk\u0142adaj\u0105c wojskow\u0105 przysi\u0119g\u0119 decyduj\u0105 si\u0119 wiernie s\u0142u\u017cy\u0107 Ojczy\u017anie nie szcz\u0119dz\u0105c si\u0142, krwi a nawet swojego \u017cycia \u2013 dla ludzi w mundurach to sprawa honoru.<\/em><\/p>\n<p><em>W ten \u015bwi\u0105teczny dzie\u0144 patrzymy tak\u017ce w przysz\u0142o\u015b\u0107 \u2013 Boga prosimy o wsparcie w realizacji trudnej i odpowiedzialnej misji Polskich Si\u0142 Zbrojnych. Ws\u0142uchani w s\u0142owa Chrystusa: \u201ePok\u00f3j zostawiam wam, pok\u00f3j m\u00f3j daj\u0119 wam. Nie tak jak daje \u015bwiat\u201d (J 14,27) \u2013 pro\u015bmy o dar Chrystusowego pokoju najpierw w naszych sercach, w rodzinach, w naszym pa\u0144stwie i na ca\u0142ym \u015bwiecie. Nie podno\u015bmy, a nawet nie dotykajmy, kamienia rzuconego w nasz\u0105 stron\u0119, aby nie zarazi\u0107 si\u0119 nienawi\u015bci\u0105. Niech bezpiecze\u0144stwo naszej Ojczyzny b\u0119dzie wsp\u00f3lnym celem, kt\u00f3ry nas \u0142\u0105czy.<\/em><\/p>\n<p><em>Maryjo Wniebowzi\u0119ta, Hetmanko \u017bo\u0142nierza Polskiego, w \u015awi\u0119to Wojska Polskiego, we\u017a w sw\u0105 opiek\u0119 \u017co\u0142nierzy i tych wszystkich, kt\u00f3rzy s\u0142u\u017c\u0105 bezpiecze\u0144stwu i stoj\u0105 na stra\u017cy wolno\u015bci naszej Ojczyzny.<\/em><\/p>\n<p>+ J\u00f3zef Guzdek<br \/>\nBiskup Polowy Wojska Polskiego<\/p>\n","protected":false},"excerpt":{"rendered":"<p>Po raz kolejny 15 sierpnia \u2013 wpatrzeni w posta\u0107 zwyci\u0119skiej Maryi, kt\u00f3ra zosta\u0142a z cia\u0142em i dusz\u0105 wzi\u0119ta do nieba \u2013 b\u0119dziemy wspomina\u0107 wielkie zwyci\u0119stwo odniesione na przedpolach Warszawy w 1920 roku. Zadecydowa\u0142o ono nie tylko o przysz\u0142o\u015bci m\u0142odego pa\u0144stwa polskiego, odrodzonego w 1918 roku, ale tak\u017ce o kszta\u0142cie chrze\u015bcija\u0144skiej Europy. Wspominaj\u0105c Cud nad Wis\u0142\u0105 dzi\u0119kujmy Bogu, \u017ce by\u0142 natchnieniem, \u017ar\u00f3d\u0142em si\u0142 i najg\u0142\u0119bszych motywacji dla naszych Rodak\u00f3w w tym trudnym, wojennym czasie. Wsp\u00f3lna modlitwa, udzia\u0142 we Mszach \u015bw. i procesjach b\u0142agalnych jednoczy\u0142y wszystkich wok\u00f3\u0142 najwa\u017cniejszej sprawy w tamtym czasie \u2013 wok\u00f3\u0142 obrony wolno\u015bci i\u00a0niepodleg\u0142o\u015bci Ojczyzny. Z ogromnym szacunkiem i wdzi\u0119czno\u015bci\u0105 my\u015blimy o \u017co\u0142nierzach Wojska Polskiego, kt\u00f3rzy nie ul\u0119kli si\u0119 przewa\u017caj\u0105cej si\u0142y wroga, ale ofiarnie, pe\u0142ni po\u015bwi\u0119cenia, chwycili za bro\u0144, staj\u0105c w obronie wiosek i miast. Zgodnie z pouczeniem Chrystusa zawartym w Ewangelii: \u201eNikt nie ma wi\u0119kszej mi\u0142o\u015bci od tej, gdy kto\u015b \u017cycie swoje oddaje za przyjaci\u00f3\u0142 swoich\u201d (J 15,13),&hellip;<\/p>\n<p> <a class=\"more-link\" href=\"http:\/\/www.franciszek-walcz.pl\/?p=1015\">Czytaj dalej<\/a><\/p>\n","protected":false},"author":1,"featured_media":0,"comment_status":"open","ping_status":"open","sticky":false,"template":"","format":"standard","meta":{"footnotes":""},"categories":[5],"tags":[],"class_list":{"0":"post-1015","1":"post","2":"type-post","3":"status-publish","4":"format-standard","6":"category-artykuly"},"brizy_media":[],"_links":{"self":[{"href":"http:\/\/www.franciszek-walcz.pl\/index.php?rest_route=\/wp\/v2\/posts\/1015","targetHints":{"allow":["GET"]}}],"collection":[{"href":"http:\/\/www.franciszek-walcz.pl\/index.php?rest_route=\/wp\/v2\/posts"}],"about":[{"href":"http:\/\/www.franciszek-walcz.pl\/index.php?rest_route=\/wp\/v2\/types\/post"}],"author":[{"embeddable":true,"href":"http:\/\/www.franciszek-walcz.pl\/index.php?rest_route=\/wp\/v2\/users\/1"}],"replies":[{"embeddable":true,"href":"http:\/\/www.franciszek-walcz.pl\/index.php?rest_route=%2Fwp%2Fv2%2Fcomments&post=1015"}],"version-history":[{"count":2,"href":"http:\/\/www.franciszek-walcz.pl\/index.php?rest_route=\/wp\/v2\/posts\/1015\/revisions"}],"predecessor-version":[{"id":1018,"href":"http:\/\/www.franciszek-walcz.pl\/index.php?rest_route=\/wp\/v2\/posts\/1015\/revisions\/1018"}],"wp:attachment":[{"href":"http:\/\/www.franciszek-walcz.pl\/index.php?rest_route=%2Fwp%2Fv2%2Fmedia&parent=1015"}],"wp:term":[{"taxonomy":"category","embeddable":true,"href":"http:\/\/www.franciszek-walcz.pl\/index.php?rest_route=%2Fwp%2Fv2%2Fcategories&post=1015"},{"taxonomy":"post_tag","embeddable":true,"href":"http:\/\/www.franciszek-walcz.pl\/index.php?rest_route=%2Fwp%2Fv2%2Ftags&post=1015"}],"curies":[{"name":"wp","href":"https:\/\/api.w.org\/{rel}","templated":true}]}}