{"id":1019,"date":"2017-08-14T18:01:32","date_gmt":"2017-08-14T16:01:32","guid":{"rendered":"http:\/\/www.franciszek-walcz.pl\/?p=1019"},"modified":"2017-08-14T18:01:32","modified_gmt":"2017-08-14T16:01:32","slug":"ogloszenia-duszpasterskie-15-08-2017","status":"publish","type":"post","link":"http:\/\/www.franciszek-walcz.pl\/?p=1019","title":{"rendered":"OG\u0141OSZENIA DUSZPASTERSKIE 15.08.2017"},"content":{"rendered":"<p><strong><img loading=\"lazy\" decoding=\"async\" class=\"size-medium wp-image-1020 alignleft\" src=\"http:\/\/www.franciszek-walcz.pl\/wp-content\/uploads\/2017\/08\/f153-300x192.jpg\" alt=\"\" width=\"300\" height=\"192\" \/><span style=\"color: #ff9900;\">WNIEBOWZI\u0118CIE NAJ\u015aWI\u0118TSZEJ MARYI PANNY<\/span><\/strong><\/p>\n<p>Dzi\u015b obchodzimy uroczysto\u015b\u0107 Wniebowzi\u0119cia Naj\u015bwi\u0119tszej Maryi Panny. To najstarsze \u015bwi\u0119to maryjne w Ko\u015bciele.Og\u0142aszaj\u0105c dogmat o wniebowzi\u0119ciu Naj\u015bwi\u0119tszej Maryi Panny w 1950 roku, papie\u017c Pius XII napisa\u0142: \u201e[\u2026] powag\u0105 Pana naszego Jezusa Chrystusa, \u015bwi\u0119tych Aposto\u0142\u00f3w Piotra i Paw\u0142a i nasz\u0105, og\u0142aszamy, orzekamy i okre\u015blamy jako dogmat objawiony przez Boga: \u017ce Niepokalana Matka Boga, Maryja zawsze Dziewica, po zako\u0144czeniu ziemskiego \u017cycia z dusz\u0105 i cia\u0142em zosta\u0142a wzi\u0119ta do chwa\u0142y niebieskiej\u201d. W ten spos\u00f3b zosta\u0142a ukoronowana wielowiekowa tradycja Ko\u015bcio\u0142a i \u017cywa do dzi\u015b wiara, \u017ce Maryja ze swego miejsca w niebie wci\u0105\u017c trwa przy nas, jest nasz\u0105 Po\u015bredniczk\u0105, Opiekunk\u0105, Pocieszycielk\u0105, Nadziej\u0105 i Kr\u00f3low\u0105.<\/p>\n<p><span style=\"color: #ff9900;\"><strong><u>Msze \u015awi\u0119te w naszym ko\u015bciele \u015bwi\u0105teczny: godz.9,00 i 10,30 .<\/u><\/strong><\/span><\/p>\n<p>Wszystkie polskie my\u015bli i serca pod\u0105\u017caj\u0105 dzi\u015b do Cz\u0119stochowy, na Jasn\u0105 G\u00f3r\u0119, gdzie od pokole\u0144 z g\u0142\u0119bok\u0105 wiar\u0105 modlimy si\u0119 do Matki Bo\u017cej Kr\u00f3lowej Polski. Dzi\u0119kujemy Maryi za Jej opiek\u0119 nad nasz\u0105 Ojczyzn\u0105, nad rodzinami i wsp\u00f3lnotami parafialnymi. Prosimy o pomoc w rozwi\u0105zywaniu trudnych spraw naszej codzienno\u015bci, w dochowaniu wierno\u015bci Panu Bogu i Ko\u015bcio\u0142owi w\u015br\u00f3d tylu wsp\u00f3\u0142czesnych zagro\u017ce\u0144 i nieustannych atak\u00f3w szatana.<\/p>\n<p><strong>\u00a0Dzisiejsz\u0105 uroczysto\u015b\u0107 lud polski zwyk\u0142 nazywa\u0107 \u015bwi\u0119tem Matki Bo\u017cej Zielnej.<\/strong> Zazwyczaj na t\u0119 por\u0119 przypada koniec \u017cniw. Wdzi\u0119czni Maryi za opiek\u0119 przynosimy dzi\u015b bukiety z zi\u00f3\u0142, k\u0142os\u00f3w i kwiat\u00f3w, a rolnicy sk\u0142adaj\u0105 u Jej st\u00f3p wie\u0144ce do\u017cynkowe. Ko\u015bci\u00f3\u0142 je b\u0142ogos\u0142awi, aby sta\u0142y si\u0119 znakiem naszego dzi\u0119kczynienia. Przypomnijmy, \u017ce liturgiczny gest b\u0142ogos\u0142awienia rzeczy ma by\u0107 okazj\u0105 do wychwalania Boga Stw\u00f3rcy za wszelkie otrzymane dary. Jednocze\u015bnie jest pro\u015bb\u0105, aby b\u0142ogos\u0142awiony przedmiot zawsze przypomina\u0142 o Panu Bogu i\u00a0Jego dobroci, o Bo\u017cej opiece. Pob\u0142ogos\u0142awione wi\u0105zanki zanie\u015bmy do domu, niech umieszczone przy wizerunku Maryi ci\u0105gle przypominaj\u0105 nam o wielkich rzeczach, jakie Pan B\u00f3g czyni dla nas.<\/p>\n<p>Nasz\u0105 modlitewn\u0105 pami\u0119ci\u0105 obejmujemy dzisiaj tak\u017ce donios\u0142e wydarzenie w naszej narodowej historii: tak zwany Cud nad Wis\u0142\u0105, kiedy to nasze wojska opar\u0142y si\u0119 przewa\u017caj\u0105cej sile wojsk bolszewickich w 1920 roku. \u201eCud nad Wis\u0142\u0105\u201d uwa\u017ca si\u0119 za zwrotny punkt<br \/>\nw historii XX-wiecznej Europy, gdy\u017c powstrzyma\u0142 \u201eczerwon\u0105 inwazj\u0119\u201d na Zach\u00f3d i pozwoli\u0142 unikn\u0105\u0107 kolejnego rozbioru Polski. \u00a0Pami\u0119tamy te\u017c o polskich \u017co\u0142nierzach, kt\u00f3rzy dbaj\u0105 o nasze bezpiecze\u0144stwo, staraj\u0105 si\u0119 wprowadza\u0107 pok\u00f3j tam, gdzie go brakuje \u2013 dzi\u015b maj\u0105 swoje \u015bwi\u0119to.<\/p>\n<p>Sk\u0142adamy serdeczne \u017cyczenia \u015bwi\u0119tuj\u0105cym w tym tygodniu swoje urodziny i imieniny. Zmar\u0142ych\u00a0 polecamy bo\u017cemu mi\u0142osierdziu<\/p>\n<p>&nbsp;<\/p>\n","protected":false},"excerpt":{"rendered":"<p>WNIEBOWZI\u0118CIE NAJ\u015aWI\u0118TSZEJ MARYI PANNY Dzi\u015b obchodzimy uroczysto\u015b\u0107 Wniebowzi\u0119cia Naj\u015bwi\u0119tszej Maryi Panny. To najstarsze \u015bwi\u0119to maryjne w Ko\u015bciele.Og\u0142aszaj\u0105c dogmat o wniebowzi\u0119ciu Naj\u015bwi\u0119tszej Maryi Panny w 1950 roku, papie\u017c Pius XII napisa\u0142: \u201e[\u2026] powag\u0105 Pana naszego Jezusa Chrystusa, \u015bwi\u0119tych Aposto\u0142\u00f3w Piotra i Paw\u0142a i nasz\u0105, og\u0142aszamy, orzekamy i okre\u015blamy jako dogmat objawiony przez Boga: \u017ce Niepokalana Matka Boga, Maryja zawsze Dziewica, po zako\u0144czeniu ziemskiego \u017cycia z dusz\u0105 i cia\u0142em zosta\u0142a wzi\u0119ta do chwa\u0142y niebieskiej\u201d. W ten spos\u00f3b zosta\u0142a ukoronowana wielowiekowa tradycja Ko\u015bcio\u0142a i \u017cywa do dzi\u015b wiara, \u017ce Maryja ze swego miejsca w niebie wci\u0105\u017c trwa przy nas, jest nasz\u0105 Po\u015bredniczk\u0105, Opiekunk\u0105, Pocieszycielk\u0105, Nadziej\u0105 i Kr\u00f3low\u0105. Msze \u015awi\u0119te w naszym ko\u015bciele \u015bwi\u0105teczny: godz.9,00 i 10,30 . Wszystkie polskie my\u015bli i serca pod\u0105\u017caj\u0105 dzi\u015b do Cz\u0119stochowy, na Jasn\u0105 G\u00f3r\u0119, gdzie od pokole\u0144 z g\u0142\u0119bok\u0105 wiar\u0105 modlimy si\u0119 do Matki Bo\u017cej Kr\u00f3lowej Polski. Dzi\u0119kujemy Maryi za Jej opiek\u0119 nad nasz\u0105 Ojczyzn\u0105, nad rodzinami i&hellip;<\/p>\n<p> <a class=\"more-link\" href=\"http:\/\/www.franciszek-walcz.pl\/?p=1019\">Czytaj dalej<\/a><\/p>\n","protected":false},"author":1,"featured_media":0,"comment_status":"open","ping_status":"open","sticky":false,"template":"","format":"standard","meta":{"footnotes":""},"categories":[4],"tags":[],"class_list":{"0":"post-1019","1":"post","2":"type-post","3":"status-publish","4":"format-standard","6":"category-ogloszenia"},"brizy_media":[],"_links":{"self":[{"href":"http:\/\/www.franciszek-walcz.pl\/index.php?rest_route=\/wp\/v2\/posts\/1019","targetHints":{"allow":["GET"]}}],"collection":[{"href":"http:\/\/www.franciszek-walcz.pl\/index.php?rest_route=\/wp\/v2\/posts"}],"about":[{"href":"http:\/\/www.franciszek-walcz.pl\/index.php?rest_route=\/wp\/v2\/types\/post"}],"author":[{"embeddable":true,"href":"http:\/\/www.franciszek-walcz.pl\/index.php?rest_route=\/wp\/v2\/users\/1"}],"replies":[{"embeddable":true,"href":"http:\/\/www.franciszek-walcz.pl\/index.php?rest_route=%2Fwp%2Fv2%2Fcomments&post=1019"}],"version-history":[{"count":1,"href":"http:\/\/www.franciszek-walcz.pl\/index.php?rest_route=\/wp\/v2\/posts\/1019\/revisions"}],"predecessor-version":[{"id":1021,"href":"http:\/\/www.franciszek-walcz.pl\/index.php?rest_route=\/wp\/v2\/posts\/1019\/revisions\/1021"}],"wp:attachment":[{"href":"http:\/\/www.franciszek-walcz.pl\/index.php?rest_route=%2Fwp%2Fv2%2Fmedia&parent=1019"}],"wp:term":[{"taxonomy":"category","embeddable":true,"href":"http:\/\/www.franciszek-walcz.pl\/index.php?rest_route=%2Fwp%2Fv2%2Fcategories&post=1019"},{"taxonomy":"post_tag","embeddable":true,"href":"http:\/\/www.franciszek-walcz.pl\/index.php?rest_route=%2Fwp%2Fv2%2Ftags&post=1019"}],"curies":[{"name":"wp","href":"https:\/\/api.w.org\/{rel}","templated":true}]}}