{"id":1025,"date":"2017-08-19T11:56:29","date_gmt":"2017-08-19T09:56:29","guid":{"rendered":"http:\/\/www.franciszek-walcz.pl\/?p=1025"},"modified":"2017-08-19T11:56:29","modified_gmt":"2017-08-19T09:56:29","slug":"pogrzeb-sw-pamieci-tadeusza-zacharzewskiego","status":"publish","type":"post","link":"http:\/\/www.franciszek-walcz.pl\/?p=1025","title":{"rendered":"Pogrzeb \u015bw. pami\u0119ci Tadeusza Zacharzewskiego"},"content":{"rendered":"<p><img loading=\"lazy\" decoding=\"async\" class=\"size-medium wp-image-1026 alignleft\" src=\"http:\/\/www.franciszek-walcz.pl\/wp-content\/uploads\/2017\/08\/zach-200x300.jpg\" alt=\"\" width=\"200\" height=\"300\" srcset=\"http:\/\/www.franciszek-walcz.pl\/wp-content\/uploads\/2017\/08\/zach-200x300.jpg 200w, http:\/\/www.franciszek-walcz.pl\/wp-content\/uploads\/2017\/08\/zach.jpg 495w\" sizes=\"auto, (max-width: 200px) 100vw, 200px\" \/>18 sierpnia br., Msz\u0105 \u015bw. o g. 12.00 w naszym parafialnym ko\u015bciele, po\u017cegnali\u015bmy zmar\u0142ego Tadeusza Zacharzewskiego, d\u0142ugoletniego by\u0142ego \u00a0ko\u015bcielnego naszej parafii. Pan Tadeusz\u00a0 praktycznie codziennie by\u0142 obecny w ko\u015bciele. S\u0142u\u017cba o\u0142tarza by\u0142a dla Niego radosn\u0105 s\u0142u\u017cb\u0105 dla Pana Boga. To wspania\u0142y rys Jego postawy \u2013 wiedzia\u0142, \u017ce Jego wysi\u0142ek jest darem dla Jezusa .\u00a0\u00a0 Zna\u0142 wszystkich, wiedzia\u0142 najwi\u0119cej o ka\u017cdym zak\u0105tku ko\u015bcio\u0142a. Gdy co\u015b szwankowa\u0142o wiedzia\u0142 kogo wo\u0142a\u0107 na pomoc. Dobry cz\u0142owiek.<\/p>\n<p style=\"text-align: center;\"><strong>Brakuje Go nam.<\/strong><\/p>\n<p>W pogrzebie opr\u00f3cz licznej rodziny wzi\u0119\u0142a udzia\u0142 du\u017ca cz\u0119\u015b\u0107 parafian starszych i m\u0142odszych. Po uroczystej Mszy \u015bw. w d\u017awi\u0119ku dzwon\u00f3w \u00a0odprowadzili\u015bmy cia\u0142o naszego ko\u015bcielnego na \u00a0cmentarz i z\u0142o\u017cyli\u015bmy je w grobie z nadziej\u0105 na zmartwychwstanie i \u017cycie wieczne. Niech Chrystus przyjmie Go do siebie na wieki.<\/p>\n<p style=\"text-align: center;\"><span style=\"color: #ff9900;\"><strong><u>Msze \u015bw. w intencji <\/u><\/strong><\/span><\/p>\n<p><span style=\"color: #ff9900;\"><strong><u>\u015b.p. Tadeusza Zacharzewskiego b\u0119d\u0105 odprawiane<\/u><\/strong><\/span><\/p>\n<p style=\"text-align: left;\"><span style=\"color: #ff9900;\"><strong>20 sierpie\u0144 &#8211; godz.09,00 <\/strong><strong>od najbli\u017cszej rodziny<\/strong><\/span><\/p>\n<p><span style=\"color: #ff9900;\"><strong>\u00a0<\/strong><strong>5 wrzesie\u0144- godz.18,00<\/strong><strong> od siostry Kazimiery z rodzin\u0105<\/strong><\/span><\/p>\n<p><span style=\"color: #ff9900;\"><strong>6 wrzesie\u0144- godz.18,00 <\/strong><strong>od s\u0105siad\u00f3w z bloku nr.93<\/strong><\/span><\/p>\n<p><span style=\"color: #ff9900;\"><strong>13 wrzesie\u0144- godz.18,00 <\/strong><strong>od s\u0105siad\u00f3w z bloku nr.93<\/strong><\/span><\/p>\n<p><span style=\"color: #ff9900;\"><strong>15 wrzesie\u0144- godz.18,00 <\/strong><strong>od uczestnik\u00f3w pogrzebu<\/strong><\/span><\/p>\n<p><span style=\"color: #ff9900;\"><strong>16 wrzesie\u0144- godz.17,00 <\/strong><strong>od Pa\u0144stwa Cybi\u0144skich i Pana Czes\u0142awa<\/strong><\/span><\/p>\n<p><span style=\"color: #ff9900;\"><strong>17 wrzesie\u0144- godz.12,00 <\/strong><strong>od s\u0105siad\u00f3w z bloku nr.93<\/strong><\/span><\/p>\n<p><span style=\"color: #ff9900;\"><strong>24 wrzesie\u0144- godz.12,00 <\/strong><strong>od s\u0105siad\u00f3w z bloku nr.93<\/strong><\/span><\/p>\n<p><span style=\"color: #ff9900;\"><strong>\u00a01 pa\u017cdziernik- godz.12,00 <\/strong><strong>od s\u0105siad\u00f3w z bloku \u00a0nr.93<\/strong><\/span><\/p>\n<p><span style=\"color: #ff9900;\"><strong>\u00a015 pa\u017cdziernik- godz.10,30 <\/strong><strong>od \u00a0siostrze\u0144c\u00f3w Krzysztofa , Janusza i Wojciecha<\/strong><\/span><\/p>\n<p><span style=\"color: #ff9900;\"><strong>\u00a028 pa\u017cdziernik- godz.17,00 od siostry Lodzi z rodzin\u0105<\/strong><\/span><\/p>\n","protected":false},"excerpt":{"rendered":"<p>18 sierpnia br., Msz\u0105 \u015bw. o g. 12.00 w naszym parafialnym ko\u015bciele, po\u017cegnali\u015bmy zmar\u0142ego Tadeusza Zacharzewskiego, d\u0142ugoletniego by\u0142ego \u00a0ko\u015bcielnego naszej parafii. Pan Tadeusz\u00a0 praktycznie codziennie by\u0142 obecny w ko\u015bciele. S\u0142u\u017cba o\u0142tarza by\u0142a dla Niego radosn\u0105 s\u0142u\u017cb\u0105 dla Pana Boga. To wspania\u0142y rys Jego postawy \u2013 wiedzia\u0142, \u017ce Jego wysi\u0142ek jest darem dla Jezusa .\u00a0\u00a0 Zna\u0142 wszystkich, wiedzia\u0142 najwi\u0119cej o ka\u017cdym zak\u0105tku ko\u015bcio\u0142a. Gdy co\u015b szwankowa\u0142o wiedzia\u0142 kogo wo\u0142a\u0107 na pomoc. Dobry cz\u0142owiek. Brakuje Go nam. W pogrzebie opr\u00f3cz licznej rodziny wzi\u0119\u0142a udzia\u0142 du\u017ca cz\u0119\u015b\u0107 parafian starszych i m\u0142odszych. Po uroczystej Mszy \u015bw. w d\u017awi\u0119ku dzwon\u00f3w \u00a0odprowadzili\u015bmy cia\u0142o naszego ko\u015bcielnego na \u00a0cmentarz i z\u0142o\u017cyli\u015bmy je w grobie z nadziej\u0105 na zmartwychwstanie i \u017cycie wieczne. Niech Chrystus przyjmie Go do siebie na wieki. Msze \u015bw. w intencji \u015b.p. Tadeusza Zacharzewskiego b\u0119d\u0105 odprawiane 20 sierpie\u0144 &#8211; godz.09,00 od najbli\u017cszej rodziny \u00a05 wrzesie\u0144- godz.18,00 od siostry Kazimiery z rodzin\u0105 6 wrzesie\u0144- godz.18,00 od s\u0105siad\u00f3w&hellip;<\/p>\n<p> <a class=\"more-link\" href=\"http:\/\/www.franciszek-walcz.pl\/?p=1025\">Czytaj dalej<\/a><\/p>\n","protected":false},"author":1,"featured_media":0,"comment_status":"open","ping_status":"open","sticky":false,"template":"","format":"standard","meta":{"footnotes":""},"categories":[4],"tags":[],"class_list":{"0":"post-1025","1":"post","2":"type-post","3":"status-publish","4":"format-standard","6":"category-ogloszenia"},"brizy_media":[],"_links":{"self":[{"href":"http:\/\/www.franciszek-walcz.pl\/index.php?rest_route=\/wp\/v2\/posts\/1025","targetHints":{"allow":["GET"]}}],"collection":[{"href":"http:\/\/www.franciszek-walcz.pl\/index.php?rest_route=\/wp\/v2\/posts"}],"about":[{"href":"http:\/\/www.franciszek-walcz.pl\/index.php?rest_route=\/wp\/v2\/types\/post"}],"author":[{"embeddable":true,"href":"http:\/\/www.franciszek-walcz.pl\/index.php?rest_route=\/wp\/v2\/users\/1"}],"replies":[{"embeddable":true,"href":"http:\/\/www.franciszek-walcz.pl\/index.php?rest_route=%2Fwp%2Fv2%2Fcomments&post=1025"}],"version-history":[{"count":1,"href":"http:\/\/www.franciszek-walcz.pl\/index.php?rest_route=\/wp\/v2\/posts\/1025\/revisions"}],"predecessor-version":[{"id":1027,"href":"http:\/\/www.franciszek-walcz.pl\/index.php?rest_route=\/wp\/v2\/posts\/1025\/revisions\/1027"}],"wp:attachment":[{"href":"http:\/\/www.franciszek-walcz.pl\/index.php?rest_route=%2Fwp%2Fv2%2Fmedia&parent=1025"}],"wp:term":[{"taxonomy":"category","embeddable":true,"href":"http:\/\/www.franciszek-walcz.pl\/index.php?rest_route=%2Fwp%2Fv2%2Fcategories&post=1025"},{"taxonomy":"post_tag","embeddable":true,"href":"http:\/\/www.franciszek-walcz.pl\/index.php?rest_route=%2Fwp%2Fv2%2Ftags&post=1025"}],"curies":[{"name":"wp","href":"https:\/\/api.w.org\/{rel}","templated":true}]}}