{"id":1038,"date":"2017-08-25T20:51:28","date_gmt":"2017-08-25T18:51:28","guid":{"rendered":"http:\/\/www.franciszek-walcz.pl\/?p=1038"},"modified":"2017-08-25T20:51:28","modified_gmt":"2017-08-25T18:51:28","slug":"26-sierpnia-matki-bozej-jasnogorskiej","status":"publish","type":"post","link":"http:\/\/www.franciszek-walcz.pl\/?p=1038","title":{"rendered":"26 sierpnia \u2014 Matki Bo\u017cej Jasnog\u00f3rskiej"},"content":{"rendered":"<p><img loading=\"lazy\" decoding=\"async\" class=\"size-medium wp-image-1039 alignleft\" src=\"http:\/\/www.franciszek-walcz.pl\/wp-content\/uploads\/2017\/08\/f2608-300x185.jpg\" alt=\"\" width=\"300\" height=\"185\" \/>Uroczysto\u015b\u0107 NMP Cz\u0119stochowskiej \u015bci\u015ble zwi\u0105zana jest z sanktuarium maryjnym w Cz\u0119stochowie, w kt\u00f3rym od ko\u0144ca XIV wieku otaczany jest wielk\u0105 czci\u0105 obraz Bo\u017cej Rodzicielki. Pochodzenie obrazu, osnute legendami, pozostaje dot\u0105d niewyja\u015bnione. Prawdopodobnie pochodzi ze wschodu i stanowi typ ikony Panagia Hodegetria, czyli \u201eNaj\u015bwi\u0119tsza Przewodniczka\u201d.<br \/>\nObraz Matki Bo\u017cej do Cz\u0119stochowy sprowadzi\u0142 W\u0142adys\u0142aw Opolczyk, ksi\u0105\u017c\u0119 opolski, syn Boles\u0142awa II ksi\u0119cia Opolskiego, z zamku w Be\u0142\u017ccu i umie\u015bci\u0142 w ufundowanym przez siebie klasztorze, do kt\u00f3rego sprowadzi\u0142 z W\u0119gier ojc\u00f3w paulin\u00f3w. Obraz bardzo szybko zas\u0142yn\u0105\u0142 cudami. W roku 1429 kr\u00f3l W\u0142adys\u0142aw Jagie\u0142\u0142o w li\u015bcie do papie\u017ca Marcina V pisa\u0142 o tym miejscu, \u017ce na Jasnej G\u00f3rze ko\u0142o Cz\u0119stochowy dziej\u0105 si\u0119 cz\u0119sto tajemnice licznych cud\u00f3w. <strong>Jasna G\u00f3ra powoli stawa\u0142a si\u0119 g\u0142\u00f3wnym o\u015brodkiem kultu maryjnego w ca\u0142ej Polsce i zarazem duchow\u0105 stolic\u0105 naszej Ojczyzny.<\/strong><\/p>\n<p>W 1430 roku mia\u0142 miejsce napad na klasztor i cz\u0119\u015bciowe uszkodzenie obrazu. Jakby na przek\u00f3r wydarzenie to przyczyni\u0142o si\u0119 do rozwoju kultu Matki Bo\u017cej z Cz\u0119stochowy, zwanej tak\u017ce \u201eCzarn\u0105 Madonn\u0105\u201d. Z czasem klasztor na Jasnej G\u00f3rze sta\u0142 si\u0119 twierdz\u0105 obronn\u0105 stawiaj\u0105c\u0105 czo\u0142o najazdowi szwedzkiemu w 1655 r. Najazd na klasztor nast\u0105pi\u0142 ju\u017c po wybudowaniu umocnie\u0144 zewn\u0119trznych w tym wa\u0142\u00f3w, co w zasadniczy spos\u00f3b wp\u0142yn\u0119\u0142o na skuteczn\u0105 obron\u0119. Obrona klasztoru lotem b\u0142yskawicy rozesz\u0142a si\u0119 po ca\u0142ym kraju i jak p\u00f3\u017aniej opisywa\u0142 Henryk Sienkiewicz, duch tego zwyci\u0119stwa pozwoli\u0142 uwierzy\u0107 narodowi w ostateczne zwyci\u0119stwo.<\/p>\n<p>Zwyci\u0119ska obrona Jasnej G\u00f3ry sprawi\u0142a, \u017ce sanktuarium to zdoby\u0142o s\u0142aw\u0119 w ca\u0142ej Polsce.\u00a0 Po wielu staraniach paulin\u00f3w <strong>papie\u017c Pius X w roku 1904 ustanowi\u0142 dla sanktuarium specjalne \u015bwi\u0119to Matki Bo\u017cej Cz\u0119stochowskiej na 24 sierpnia. Papie\u017c ten podarowa\u0142 tak\u017ce korony, kt\u00f3rymi powt\u00f3rnie ukoronowano obraz w 1910 roku. Nast\u0119pnie papie\u017c Pius XI, w roku 1931 ustali\u0142 obch\u00f3d \u015bwi\u0119ta na 26 sierpnia. <\/strong><\/p>\n<p>Teksty liturgiczne wys\u0142awiaj\u0105 opiek\u0119 Matki Bo\u017cej nad Polsk\u0105 i por\u00f3wnuj\u0105 twierdz\u0119 jasnog\u00f3rsk\u0105 z Syjonem, siedzib\u0105 Arki przymierza w Starym Testamencie. Obecno\u015b\u0107 i wstawiennictwo Maryi zobowi\u0105zuje nar\u00f3d do walki w obronie wiary, czyli do dawania \u015bwiadectwa pos\u0142usze\u0144stwa i wierno\u015bci Bogu i Ewangelii. Ko\u015bci\u00f3\u0142 w Polsce prosi w liturgicznej modlitwie o uwolnienie od wszelkiego z\u0142a i niebezpiecze\u0144stwa oraz o opiek\u0119 nad wszystkimi jego dobrymi dzie\u0142ami. Maryja jest dla naszego narodu Matk\u0105 i Kr\u00f3low\u0105 i dlatego uciekamy si\u0119 do Niej we wszystkich naszych potrzebach i szukamy Jej po\u015brednictwa i wstawiennictwa.<\/p>\n","protected":false},"excerpt":{"rendered":"<p>Uroczysto\u015b\u0107 NMP Cz\u0119stochowskiej \u015bci\u015ble zwi\u0105zana jest z sanktuarium maryjnym w Cz\u0119stochowie, w kt\u00f3rym od ko\u0144ca XIV wieku otaczany jest wielk\u0105 czci\u0105 obraz Bo\u017cej Rodzicielki. Pochodzenie obrazu, osnute legendami, pozostaje dot\u0105d niewyja\u015bnione. Prawdopodobnie pochodzi ze wschodu i stanowi typ ikony Panagia Hodegetria, czyli \u201eNaj\u015bwi\u0119tsza Przewodniczka\u201d. Obraz Matki Bo\u017cej do Cz\u0119stochowy sprowadzi\u0142 W\u0142adys\u0142aw Opolczyk, ksi\u0105\u017c\u0119 opolski, syn Boles\u0142awa II ksi\u0119cia Opolskiego, z zamku w Be\u0142\u017ccu i umie\u015bci\u0142 w ufundowanym przez siebie klasztorze, do kt\u00f3rego sprowadzi\u0142 z W\u0119gier ojc\u00f3w paulin\u00f3w. Obraz bardzo szybko zas\u0142yn\u0105\u0142 cudami. W roku 1429 kr\u00f3l W\u0142adys\u0142aw Jagie\u0142\u0142o w li\u015bcie do papie\u017ca Marcina V pisa\u0142 o tym miejscu, \u017ce na Jasnej G\u00f3rze ko\u0142o Cz\u0119stochowy dziej\u0105 si\u0119 cz\u0119sto tajemnice licznych cud\u00f3w. Jasna G\u00f3ra powoli stawa\u0142a si\u0119 g\u0142\u00f3wnym o\u015brodkiem kultu maryjnego w ca\u0142ej Polsce i zarazem duchow\u0105 stolic\u0105 naszej Ojczyzny. W 1430 roku mia\u0142 miejsce napad na klasztor i cz\u0119\u015bciowe uszkodzenie obrazu. Jakby na przek\u00f3r wydarzenie to przyczyni\u0142o si\u0119 do rozwoju kultu&hellip;<\/p>\n<p> <a class=\"more-link\" href=\"http:\/\/www.franciszek-walcz.pl\/?p=1038\">Czytaj dalej<\/a><\/p>\n","protected":false},"author":1,"featured_media":0,"comment_status":"open","ping_status":"open","sticky":false,"template":"","format":"standard","meta":{"footnotes":""},"categories":[4],"tags":[],"class_list":{"0":"post-1038","1":"post","2":"type-post","3":"status-publish","4":"format-standard","6":"category-ogloszenia"},"brizy_media":[],"_links":{"self":[{"href":"http:\/\/www.franciszek-walcz.pl\/index.php?rest_route=\/wp\/v2\/posts\/1038","targetHints":{"allow":["GET"]}}],"collection":[{"href":"http:\/\/www.franciszek-walcz.pl\/index.php?rest_route=\/wp\/v2\/posts"}],"about":[{"href":"http:\/\/www.franciszek-walcz.pl\/index.php?rest_route=\/wp\/v2\/types\/post"}],"author":[{"embeddable":true,"href":"http:\/\/www.franciszek-walcz.pl\/index.php?rest_route=\/wp\/v2\/users\/1"}],"replies":[{"embeddable":true,"href":"http:\/\/www.franciszek-walcz.pl\/index.php?rest_route=%2Fwp%2Fv2%2Fcomments&post=1038"}],"version-history":[{"count":1,"href":"http:\/\/www.franciszek-walcz.pl\/index.php?rest_route=\/wp\/v2\/posts\/1038\/revisions"}],"predecessor-version":[{"id":1040,"href":"http:\/\/www.franciszek-walcz.pl\/index.php?rest_route=\/wp\/v2\/posts\/1038\/revisions\/1040"}],"wp:attachment":[{"href":"http:\/\/www.franciszek-walcz.pl\/index.php?rest_route=%2Fwp%2Fv2%2Fmedia&parent=1038"}],"wp:term":[{"taxonomy":"category","embeddable":true,"href":"http:\/\/www.franciszek-walcz.pl\/index.php?rest_route=%2Fwp%2Fv2%2Fcategories&post=1038"},{"taxonomy":"post_tag","embeddable":true,"href":"http:\/\/www.franciszek-walcz.pl\/index.php?rest_route=%2Fwp%2Fv2%2Ftags&post=1038"}],"curies":[{"name":"wp","href":"https:\/\/api.w.org\/{rel}","templated":true}]}}