{"id":10815,"date":"2020-09-19T15:27:42","date_gmt":"2020-09-19T13:27:42","guid":{"rendered":"http:\/\/www.franciszek-walcz.pl\/?p=10815"},"modified":"2020-09-19T15:30:31","modified_gmt":"2020-09-19T13:30:31","slug":"boza-sprawiedliwosc","status":"publish","type":"post","link":"http:\/\/www.franciszek-walcz.pl\/?p=10815","title":{"rendered":"BO\u017bA SPRAWIEDLIWO\u015a\u0106"},"content":{"rendered":"<p><span style=\"color: #202020;\"><span style=\"font-family: Times New Roman, serif;\"><span style=\"font-size: large;\">Przypowie\u015b\u0107 o robotnikach w winnicy przypomina nam, \u017ce sprawiedliwo\u015b\u0107 Boga jest inna ni\u017c ludzkie oczekiwania. On kieruje si\u0119 mi\u0142o\u015bci\u0105 tak\u017ce w ocenie zas\u0142ug cz\u0142owieka. Robotnicy pracuj\u0105cy w winnicy ca\u0142y dzie\u0144 symbolizuj\u0105 Nar\u00f3d wybrany, w kt\u00f3rego dziejach B\u00f3g si\u0119 objawi\u0142. Robotnicy ostatniej godziny to poganie, kt\u00f3rzy uwierzyli w Chrystusa po Zes\u0142aniu Ducha \u015awi\u0119tego. Przez wiar\u0119 ci ostatni zostali zr\u00f3wnani z tymi, kt\u00f3rzy uwierzyli wcze\u015bniej, dlatego wszyscy otrzymuj\u0105 t\u0119 sam\u0105 zap\u0142at\u0119 \u2014 wieczne zbawienie.<\/span><\/span><\/span><\/p>\n<p><span style=\"color: #202020;\"><span style=\"font-family: Times New Roman, serif;\"><span style=\"font-size: large;\">Pami\u0119tajmy o tej Bo\u017cej logice mi\u0142osierdzia w naszym w\u0142asnym my\u015bleniu i dzia\u0142aniu. Nie ulegajmy temu, co nam brutalnie narzucaj\u0105 \u015brodki przekazu, goni\u0105c za sensacj\u0105 i zalewaj\u0105c nas niezliczonymi informacjami i komentarzami, z kt\u00f3rych zdecydowana wi\u0119kszo\u015b\u0107 dotyczy burzliwych i dramatycznych wydarze\u0144: zbrodni, walk, zamach\u00f3w, wszelkiego rodzaju przest\u0119pstw, afer i skandali. Poniewa\u017c dla dziennikarzy dobro zazwyczaj nie jest wiadomo\u015bci\u0105 interesuj\u0105c\u0105, w mediach dominuje negatywny obraz rzeczywisto\u015bci. My jednak umiejmy spojrze\u0107 na przekazywane nam informacje krytycznie i nie popadajmy w pesymizm i zniech\u0119cenie.<\/span><\/span><\/span><\/p>\n<p><span style=\"color: #202020;\"><span style=\"font-family: Times New Roman, serif;\"><span style=\"font-size: large;\">Nie dajmy si\u0119 zwie\u015b\u0107 medialnej perswazji, \u017ce w \u015bwiecie dominuje z\u0142o. Pami\u0119tajmy, \u017ce dobra jest wi\u0119cej, chocia\u017c pozostaje ono ukryte. Aby je dostrzec, trzeba umie\u0107 rozezna\u0107 drogi Pana, a nast\u0119pnie samemu nimi pod\u0105\u017ca\u0107. Zbawcza mi\u0142o\u015b\u0107 Boga i Jego wspania\u0142omy\u015blno\u015b\u0107 przynagla nas do na\u015bladowania.<\/span><\/span><\/span><\/p>\n<p><span style=\"color: #7080a0;\">\u201e<span style=\"font-family: Times New Roman, serif;\"><span style=\"font-size: large;\"><b>Przyjacielu, nie czyni\u0119 ci krzywdy,<br \/>\nczy nie o denara um\u00f3wi\u0142e\u015b si\u0119 ze mn\u0105?\u201d<br \/>\n(Mt 20, 13)<\/b><\/span><\/span><\/span><\/p>\n","protected":false},"excerpt":{"rendered":"<p>Przypowie\u015b\u0107 o robotnikach w winnicy przypomina nam, \u017ce sprawiedliwo\u015b\u0107 Boga jest inna ni\u017c ludzkie oczekiwania. On kieruje si\u0119 mi\u0142o\u015bci\u0105 tak\u017ce w ocenie zas\u0142ug cz\u0142owieka. Robotnicy pracuj\u0105cy w winnicy ca\u0142y dzie\u0144 symbolizuj\u0105 Nar\u00f3d wybrany, w kt\u00f3rego dziejach B\u00f3g si\u0119 objawi\u0142. Robotnicy ostatniej godziny to poganie, kt\u00f3rzy uwierzyli w Chrystusa po Zes\u0142aniu Ducha \u015awi\u0119tego. Przez wiar\u0119 ci ostatni zostali zr\u00f3wnani z tymi, kt\u00f3rzy uwierzyli wcze\u015bniej, dlatego wszyscy otrzymuj\u0105 t\u0119 sam\u0105 zap\u0142at\u0119 \u2014 wieczne zbawienie. Pami\u0119tajmy o tej Bo\u017cej logice mi\u0142osierdzia w naszym w\u0142asnym my\u015bleniu i dzia\u0142aniu. Nie ulegajmy temu, co nam brutalnie narzucaj\u0105 \u015brodki przekazu, goni\u0105c za sensacj\u0105 i zalewaj\u0105c nas niezliczonymi informacjami i komentarzami, z kt\u00f3rych zdecydowana wi\u0119kszo\u015b\u0107 dotyczy burzliwych i dramatycznych wydarze\u0144: zbrodni, walk, zamach\u00f3w, wszelkiego rodzaju przest\u0119pstw, afer i skandali. Poniewa\u017c dla dziennikarzy dobro zazwyczaj nie jest wiadomo\u015bci\u0105 interesuj\u0105c\u0105, w mediach dominuje negatywny obraz rzeczywisto\u015bci. My jednak umiejmy spojrze\u0107 na przekazywane nam informacje krytycznie i nie popadajmy w pesymizm&hellip;<\/p>\n<p> <a class=\"more-link\" href=\"http:\/\/www.franciszek-walcz.pl\/?p=10815\">Czytaj dalej<\/a><\/p>\n","protected":false},"author":1,"featured_media":0,"comment_status":"closed","ping_status":"open","sticky":false,"template":"","format":"standard","meta":{"footnotes":""},"categories":[5],"tags":[],"class_list":{"0":"post-10815","1":"post","2":"type-post","3":"status-publish","4":"format-standard","6":"category-artykuly"},"brizy_media":[],"_links":{"self":[{"href":"http:\/\/www.franciszek-walcz.pl\/index.php?rest_route=\/wp\/v2\/posts\/10815","targetHints":{"allow":["GET"]}}],"collection":[{"href":"http:\/\/www.franciszek-walcz.pl\/index.php?rest_route=\/wp\/v2\/posts"}],"about":[{"href":"http:\/\/www.franciszek-walcz.pl\/index.php?rest_route=\/wp\/v2\/types\/post"}],"author":[{"embeddable":true,"href":"http:\/\/www.franciszek-walcz.pl\/index.php?rest_route=\/wp\/v2\/users\/1"}],"replies":[{"embeddable":true,"href":"http:\/\/www.franciszek-walcz.pl\/index.php?rest_route=%2Fwp%2Fv2%2Fcomments&post=10815"}],"version-history":[{"count":1,"href":"http:\/\/www.franciszek-walcz.pl\/index.php?rest_route=\/wp\/v2\/posts\/10815\/revisions"}],"predecessor-version":[{"id":10816,"href":"http:\/\/www.franciszek-walcz.pl\/index.php?rest_route=\/wp\/v2\/posts\/10815\/revisions\/10816"}],"wp:attachment":[{"href":"http:\/\/www.franciszek-walcz.pl\/index.php?rest_route=%2Fwp%2Fv2%2Fmedia&parent=10815"}],"wp:term":[{"taxonomy":"category","embeddable":true,"href":"http:\/\/www.franciszek-walcz.pl\/index.php?rest_route=%2Fwp%2Fv2%2Fcategories&post=10815"},{"taxonomy":"post_tag","embeddable":true,"href":"http:\/\/www.franciszek-walcz.pl\/index.php?rest_route=%2Fwp%2Fv2%2Ftags&post=10815"}],"curies":[{"name":"wp","href":"https:\/\/api.w.org\/{rel}","templated":true}]}}