{"id":11090,"date":"2020-09-26T12:07:53","date_gmt":"2020-09-26T10:07:53","guid":{"rendered":"http:\/\/www.franciszek-walcz.pl\/?p=11090"},"modified":"2020-09-26T12:08:04","modified_gmt":"2020-09-26T10:08:04","slug":"nawrocenie-a-z-czego-i-po-co","status":"publish","type":"post","link":"http:\/\/www.franciszek-walcz.pl\/?p=11090","title":{"rendered":"Nawr\u00f3cenie, a z czego i po co?"},"content":{"rendered":"<p align=\"justify\"><span style=\"font-family: Times New Roman, serif;\"><span style=\"font-size: medium;\"><span style=\"font-size: large;\">S\u0142owa dzisiejszego pierwszego czytania s\u0105 bardzo pocieszaj\u0105ce. Bogu nie zale\u017cy na pot\u0119pieniu, na karaniu, na zem\u015bcie, na udowadnianiu swoich racji. Ustami proroka Ezechiela przypomina: \u201e<\/span><span style=\"font-size: large;\"><i>Czy\u017c tak bardzo mi zale\u017cy na \u015bmierci wyst\u0119pnego \u2013 m\u00f3wi Pan &#8211; a nie raczej na tym, by si\u0119 nawr\u00f3ci\u0142 i \u017cy\u0142?<\/i><\/span><span style=\"font-size: large;\">\u201d<\/span><\/span><\/span><\/p>\n<p align=\"justify\"><span style=\"font-family: Times New Roman, serif;\"><span style=\"font-size: medium;\"><span style=\"font-size: large;\">Problem jest jednak w tym \u017ce my sami nie wierzymy Bogu, nie ufamy Mu. Dla wielu z nas B\u00f3g nie jest Mi\u0142osiernym Ojcem, ale surowym i m\u015bciwym s\u0119dzi\u0105, kt\u00f3ry jedynie czyha na nasze pomy\u0142ki i potyczki, aby nas od razu srogo ukara\u0107. Taka postawa, rodzi oczywi\u015bcie bunt i odrzucenie Boga i Jego przykaza\u0144, kt\u00f3re -w tej perspektywie- staj\u0105 si\u0119 niezno\u015bnym ograniczeniem naszej wolno\u015bci. W takiej sytuacji znajduje si\u0119 wielu letnich katolik\u00f3w \u201ez metryki\u201d, kt\u00f3rzy odrzucaj\u0105 jakiekolwiek normy moralne, bo Mi\u0142osierny B\u00f3g kojarzy im si\u0119 z dobrotliwym staruszkiem, kt\u00f3ry powinien raczej -z u\u015bmiechem wyrozumia\u0142o\u015bci- pozwala\u0107 nam na spe\u0142nianie naszych najbardziej wymy\u015blnych kaprys\u00f3w i zachcianek. Dla takich ludzi s\u0142owo \u201enawr\u00f3cenie\u201d jest co najmniej niezrozumia\u0142e, bo B\u00f3g da\u0142 nam przecie\u017c wolno\u015b\u0107 i powinien t\u0119 swoj\u0105 decyzj\u0119 szanowa\u0107 pozwalaj\u0105c nam na ca\u0142kowit\u0105 i anarchiczn\u0105 realizacj\u0119 danej nam wolno\u015bci. Przy takim rozumieniu wolno\u015bci i Boga, nie ma oczywi\u015bcie mowy ani o grzechu -bo nic nie jest grzechem, skoro B\u00f3g da\u0142 mi wolno\u015b\u0107- ani\u00a0 o nawr\u00f3ceniu, bo z czego mia\u0142by si\u0119 nawraca\u0107, skoro wolno\u015b\u0107 moja daje mi nieograniczone mo\u017cliwo\u015bci realizacji samego siebie.<\/span><\/span><\/span><\/p>\n<p align=\"justify\"><span style=\"font-family: Times New Roman, serif;\"><span style=\"font-size: medium;\"><span style=\"font-size: large;\">Gdzie\u015b na internecie znalaz\u0142em pora\u017caj\u0105cy manifesty libera\u0142\u00f3w szeroko szermuj\u0105cych fa\u0142szywym poj\u0119ciem \u201etolerancji\u201d. Oto kilka jego punkt\u00f3w:<\/span><\/span><\/span><\/p>\n<p align=\"justify\">\uf0b7\u00a0\u00a0\u00a0\u00a0\u00a0\u00a0\u00a0 <span style=\"font-family: Times New Roman, serif;\"><span style=\"font-size: medium;\"><span style=\"font-size: large;\">mog\u0119 robi\u0107 co mi si\u0119 podoba i nikt ma najmniejszego prawa zwr\u00f3ci\u0107 mi uwagi, jakakolwiek pr\u00f3ba zwr\u00f3cenia mi uwagi czy korekcji mojego post\u0119powania jest nieuprawnion\u0105 ingerencja w moj\u0105 prywatno\u015b\u0107 i zamachem na moj\u0105 wolno\u015b\u0107. Ja przecie\u017c nic z\u0142ego nie robi\u0119,<\/span><\/span><\/span><\/p>\n<p>\uf0b7\u00a0\u00a0\u00a0\u00a0\u00a0\u00a0\u00a0 <span style=\"font-family: Times New Roman, serif;\"><span style=\"font-size: medium;\"><span style=\"font-size: large;\">B\u00f3g stworzy\u0142 mnie wolnym i nie ma prawa ogranicza\u0107 mnie jakimikolwiek przykazaniami, nakazami lub zakazami, czy normami moralnymi, jakiekolwiek przykazania s\u0105 co najwy\u017cej pobo\u017cnymi \u017cyczeniami, kt\u00f3re mog\u0119 -ale absolutnie nie musz\u0119 zachowywa\u0107,<\/span><\/span><\/span><\/p>\n<p>\uf0b7\u00a0\u00a0\u00a0\u00a0\u00a0\u00a0\u00a0 <span style=\"font-family: Times New Roman, serif;\"><span style=\"font-size: medium;\"><span style=\"font-size: large;\">poj\u0119cie grzechu, winy dobra i z\u0142a, jest bezsensowne skoro to ja i tylko ja decyduj\u0119 o tym co jest dobre a co z\u0142e, to co zazwyczaj nazywamy grzechem to ewentualnie jakie\u015b drobne pomy\u0142ki wynikaj\u0105ce z zaistnia\u0142ej sytuacji i zbiegu okoliczno\u015bci nie podlegaj\u0105ce przecie\u017c \u017cadnemu os\u0105dowi moralnemu,<\/span><\/span><\/span><\/p>\n<p>\uf0b7\u00a0\u00a0\u00a0\u00a0\u00a0\u00a0\u00a0 <span style=\"font-family: Times New Roman, serif;\"><span style=\"font-size: medium;\"><span style=\"font-size: large;\">diotyzmem i nieporozumieniem jest nawo\u0142ywanie do nawr\u00f3cenia, zmiany \u017cycia, korekcji i poprawy skoro B\u00f3g stworzywszy mnie wolnym, kocha mnie takim jaki jestem. To nie ja mam si\u0119 nawraca\u0107 i zmienia\u0107 cokolwiek w moim \u017cyciu, to inni maj\u0105 obowi\u0105zek zaakceptowa\u0107 mnie takim jakim jestem zgodnie ze wspania\u0142\u0105 i niezast\u0105pion\u0105 zasad\u0105 tolerancji.<\/span><\/span><\/span><\/p>\n<p align=\"justify\"><span style=\"font-family: Times New Roman, serif;\"><span style=\"font-size: medium;\"><span style=\"font-size: large;\">Ilu\u017c ludzi, a szczeg\u00f3lnie m\u0142odych zbuntowanych katolik\u00f3w uto\u017csamia si\u0119 z tymi s\u0142owami?<\/span><\/span><\/span><\/p>\n<p align=\"justify\"><span style=\"font-family: Times New Roman, serif;\"><span style=\"font-size: medium;\"><span style=\"font-size: large;\">Taka butna i zarozumia\u0142a filozofia \u017cyciowa nie b\u0119dzie nigdy w stanie zrozumie\u0107 s\u0142\u00f3w Mi\u0142osiernego Boga z dzisiejszego pierwszego czytania, ani tym bardziej s\u0142\u00f3w Chrystusa z dzisiejszej Ewangelii. Nie mo\u017ce si\u0119 bowiem nawr\u00f3ci\u0107 i dozna\u0107 Mi\u0142osierdzia Bo\u017cego kto\u015b, kto uparcie twierdzi, \u017ce nie ma grzech\u00f3w. Jak takim ludziom g\u0142osi\u0107 Dobr\u0105 Nowin\u0119 o zbawieniu, skoro oni nie tego oczekuj\u0105, ale anarchii?<\/span><\/span><\/span><\/p>\n","protected":false},"excerpt":{"rendered":"<p>S\u0142owa dzisiejszego pierwszego czytania s\u0105 bardzo pocieszaj\u0105ce. Bogu nie zale\u017cy na pot\u0119pieniu, na karaniu, na zem\u015bcie, na udowadnianiu swoich racji. Ustami proroka Ezechiela przypomina: \u201eCzy\u017c tak bardzo mi zale\u017cy na \u015bmierci wyst\u0119pnego \u2013 m\u00f3wi Pan &#8211; a nie raczej na tym, by si\u0119 nawr\u00f3ci\u0142 i \u017cy\u0142?\u201d Problem jest jednak w tym \u017ce my sami nie wierzymy Bogu, nie ufamy Mu. Dla wielu z nas B\u00f3g nie jest Mi\u0142osiernym Ojcem, ale surowym i m\u015bciwym s\u0119dzi\u0105, kt\u00f3ry jedynie czyha na nasze pomy\u0142ki i potyczki, aby nas od razu srogo ukara\u0107. Taka postawa, rodzi oczywi\u015bcie bunt i odrzucenie Boga i Jego przykaza\u0144, kt\u00f3re -w tej perspektywie- staj\u0105 si\u0119 niezno\u015bnym ograniczeniem naszej wolno\u015bci. W takiej sytuacji znajduje si\u0119 wielu letnich katolik\u00f3w \u201ez metryki\u201d, kt\u00f3rzy odrzucaj\u0105 jakiekolwiek normy moralne, bo Mi\u0142osierny B\u00f3g kojarzy im si\u0119 z dobrotliwym staruszkiem, kt\u00f3ry powinien raczej -z u\u015bmiechem wyrozumia\u0142o\u015bci- pozwala\u0107 nam na spe\u0142nianie naszych najbardziej wymy\u015blnych kaprys\u00f3w i zachcianek. Dla&hellip;<\/p>\n<p> <a class=\"more-link\" href=\"http:\/\/www.franciszek-walcz.pl\/?p=11090\">Czytaj dalej<\/a><\/p>\n","protected":false},"author":1,"featured_media":0,"comment_status":"closed","ping_status":"open","sticky":false,"template":"","format":"standard","meta":{"footnotes":""},"categories":[5],"tags":[],"class_list":{"0":"post-11090","1":"post","2":"type-post","3":"status-publish","4":"format-standard","6":"category-artykuly"},"brizy_media":[],"_links":{"self":[{"href":"http:\/\/www.franciszek-walcz.pl\/index.php?rest_route=\/wp\/v2\/posts\/11090","targetHints":{"allow":["GET"]}}],"collection":[{"href":"http:\/\/www.franciszek-walcz.pl\/index.php?rest_route=\/wp\/v2\/posts"}],"about":[{"href":"http:\/\/www.franciszek-walcz.pl\/index.php?rest_route=\/wp\/v2\/types\/post"}],"author":[{"embeddable":true,"href":"http:\/\/www.franciszek-walcz.pl\/index.php?rest_route=\/wp\/v2\/users\/1"}],"replies":[{"embeddable":true,"href":"http:\/\/www.franciszek-walcz.pl\/index.php?rest_route=%2Fwp%2Fv2%2Fcomments&post=11090"}],"version-history":[{"count":1,"href":"http:\/\/www.franciszek-walcz.pl\/index.php?rest_route=\/wp\/v2\/posts\/11090\/revisions"}],"predecessor-version":[{"id":11091,"href":"http:\/\/www.franciszek-walcz.pl\/index.php?rest_route=\/wp\/v2\/posts\/11090\/revisions\/11091"}],"wp:attachment":[{"href":"http:\/\/www.franciszek-walcz.pl\/index.php?rest_route=%2Fwp%2Fv2%2Fmedia&parent=11090"}],"wp:term":[{"taxonomy":"category","embeddable":true,"href":"http:\/\/www.franciszek-walcz.pl\/index.php?rest_route=%2Fwp%2Fv2%2Fcategories&post=11090"},{"taxonomy":"post_tag","embeddable":true,"href":"http:\/\/www.franciszek-walcz.pl\/index.php?rest_route=%2Fwp%2Fv2%2Ftags&post=11090"}],"curies":[{"name":"wp","href":"https:\/\/api.w.org\/{rel}","templated":true}]}}