{"id":11127,"date":"2020-10-03T15:36:29","date_gmt":"2020-10-03T13:36:29","guid":{"rendered":"http:\/\/www.franciszek-walcz.pl\/?p=11127"},"modified":"2020-10-03T15:37:14","modified_gmt":"2020-10-03T13:37:14","slug":"list-do-kanclerza-kurii","status":"publish","type":"post","link":"http:\/\/www.franciszek-walcz.pl\/?p=11127","title":{"rendered":"List do Kanclerza Kurii"},"content":{"rendered":"<p class=\"western\" align=\"right\"><span style=\"font-size: medium;\"><span style=\"font-family: Calibri, sans-serif;\">Warszawa, 24 sierpnia 2020 r.<\/span><\/span><\/p>\n<p class=\"western\" align=\"justify\"><span style=\"font-family: Calibri, sans-serif;\"><span style=\"font-size: medium;\">Czcigodny Ksi\u0119\u017ce Kanclerzu!<\/span><\/span><\/p>\n<p class=\"western\" align=\"justify\"><span style=\"font-size: medium;\"><span style=\"font-family: Calibri, sans-serif;\">Trwaj\u0105 przygotowania do XX Dnia Papieskiego. W bie\u017c\u0105cym roku b\u0119dzie on obchodzony w Polsce i w \u015brodowiskach polonijnych w niedziel\u0119 11. pa\u017adziernika pod has\u0142em \u201eTotus Tuus\u201d. Jest on okazj\u0105 do ponownego zag\u0142\u0119bienia si\u0119 w nauczanie i posta\u0107 \u015bwi\u0119tego Jana Paw\u0142a II. Koordynatorem przygotowa\u0144, z upowa\u017cnienia Konferencji Episkopatu Polski, jest Fundacja \u201eDzie\u0142o Nowego Tysi\u0105clecia\u201d, kt\u00f3ra w tym roku obchodzi dwudziestolecie swojej dzia\u0142alno\u015bci. Nasze wsp\u00f3lne budowanie \u201e\u017cywego pomnika\u201d \u015bw. Jana Paw\u0142a II, jakim s\u0105 niezamo\u017cni, zdolni, ambitni, pochodz\u0105cy z ma\u0142ych miejscowo\u015bci stypendy\u015bci przynosi b\u0142ogos\u0142awione owoce. Ko\u015bci\u00f3\u0142 i\u00a0Ojczyzna s\u0105 corocznie wzbogacani kilkuset dobrze wykszta\u0142conymi i uformowanymi absolwentami Fundacji. S\u0105 w\u015br\u00f3d nich liczni kap\u0142ani i siostry zakonne. Podczas Dnia Papieskiego odbywa si\u0119 tak\u017ce zbi\u00f3rka \u015brodk\u00f3w, b\u0119d\u0105ca podstaw\u0105 finansowania programu stypendialnego, kt\u00f3ry aktualnie obejmuje opiek\u0105 blisko 2000 uczni\u00f3w i student\u00f3w.<\/span><\/span><\/p>\n<p class=\"western\" align=\"justify\"><span style=\"font-size: medium;\"><span style=\"font-family: Calibri, sans-serif;\">Obecny rok jest wyj\u0105tkowy. Zagro\u017cenie epidemi\u0105 wywo\u0142a\u0142o obawy nie tylko o zdrowie i si\u0142y do \u017cycia, lecz tak\u017ce zmusi\u0142o do nadzwyczajnej troski o wsp\u00f3lnot\u0119 narodow\u0105, instytucje i\u00a0firmy. Wiele os\u00f3b l\u0119ka si\u0119 o utrzymanie miejsca pracy i tym samym martwi si\u0119 o\u00a0zapewnienie bytu swojej rodzinie. Dotyczy to tak\u017ce rodzin naszych podopiecznych. W tym trudnym po\u0142o\u017ceniu chcemy im przyj\u015b\u0107 z pomoc\u0105. <\/span><\/span><\/p>\n<p class=\"western\" align=\"justify\"><span style=\"font-size: medium;\"><span style=\"font-family: Calibri, sans-serif;\">W\u00a0zwi\u0105zku z zaistnia\u0142\u0105 sytuacj\u0105 Fundacja poczyni\u0142a konieczne oszcz\u0119dno\u015bci i wyj\u0105tkowo zrezygnowa\u0142a z druku puszek do zbi\u00f3rki ko\u015bcielnej, jak r\u00f3wnie\u017c cz\u0119\u015bci materia\u0142\u00f3w graficznych. Pro\u015bba o wykorzystanie b\u0119d\u0105cych w dyspozycji parafii puszek kwestarskich zosta\u0142a umieszczona w listach do ksi\u0119\u017cy proboszcz\u00f3w (jego kopia znajduje si\u0119 w za\u0142\u0105czniku). Jednocze\u015bnie Fundacja tradycyjnie przygotowa\u0142a katechezy, homilie, rozwa\u017cania r\u00f3\u017ca\u0144cowe i propozycj\u0119 apelu oraz kreacje graficzne do wykorzystania w czasie obchod\u00f3w Dnia Papieskiego. Materia\u0142y te mo\u017cna pobra\u0107 ze strony internetowej: <\/span><span style=\"color: #0000ff;\"><u><a href=\"http:\/\/www.dzielo.pl\/\"><span style=\"font-family: Calibri, sans-serif;\">www.dzielo.pl<\/span><\/a><\/u><\/span><span style=\"font-family: Calibri, sans-serif;\">, zak\u0142adka Dzie\u0144 Papieski. Uprzejmie prosz\u0119 o\u00a0przekazanie tych informacji do wydzia\u0142u duszpasterskiego i katechetycznego kurii biskupiej. Zale\u017cy nam na tym, aby dotar\u0142a ona szeroko, do kap\u0142an\u00f3w, katechet\u00f3w i lider\u00f3w grup duszpasterskich.<\/span><\/span><\/p>\n<p class=\"western\" align=\"justify\"><span style=\"font-size: medium;\"><span style=\"font-family: Calibri, sans-serif;\">Zdaj\u0119 sobie spraw\u0119 z ogromnych potrzeb i wyzwa\u0144, przed kt\u00f3rymi obecnie stoj\u0105 instytucje ko\u015bcielne. Mimo to o\u015bmielam si\u0119 prosi\u0107 o pomoc w zapewnieniu \u015brodk\u00f3w na stypendia dla podopiecznych \u201eDzie\u0142a\u201d. To nasza wsp\u00f3lna sprawa. Znaj\u0105c ofiarno\u015b\u0107 wiernych, ich \u201ewyobra\u017ani\u0119 mi\u0142osierdzia\u201d, ju\u017c dzi\u015b dzi\u0119kuj\u0119 za okazan\u0105 \u017cyczliwo\u015b\u0107. Wyra\u017cam wdzi\u0119czno\u015b\u0107 wszystkim Kap\u0142anom naszego Ko\u015bcio\u0142a Katolickiego w Polsce za zrozumienie i wsparcie, kt\u00f3rego nieustannie do\u015bwiadczamy. <\/span><\/span><\/p>\n<p class=\"western\" align=\"justify\"><span style=\"font-family: Calibri, sans-serif;\"><span style=\"font-size: medium;\">Szcz\u0119\u015b\u0107 Bo\u017ce!<\/span><\/span><\/p>\n<p class=\"western\" align=\"center\"><span style=\"font-family: Calibri, sans-serif;\"><span style=\"font-size: medium;\">Ks. Dariusz Kowalczyk <\/span><\/span><\/p>\n<p class=\"western\" align=\"center\"><span style=\"font-family: Calibri, sans-serif;\"><span style=\"font-size: medium;\">Przewodnicz\u0105cy Zarz\u0105du Fundacji<\/span><\/span><\/p>\n<p class=\"western\" align=\"center\">\u201e<span style=\"font-family: Calibri, sans-serif;\"><span style=\"font-size: medium;\">Dzie\u0142o Nowego Tysi\u0105clecia\u201d<\/span><\/span><\/p>\n","protected":false},"excerpt":{"rendered":"<p>Warszawa, 24 sierpnia 2020 r. Czcigodny Ksi\u0119\u017ce Kanclerzu! Trwaj\u0105 przygotowania do XX Dnia Papieskiego. W bie\u017c\u0105cym roku b\u0119dzie on obchodzony w Polsce i w \u015brodowiskach polonijnych w niedziel\u0119 11. pa\u017adziernika pod has\u0142em \u201eTotus Tuus\u201d. Jest on okazj\u0105 do ponownego zag\u0142\u0119bienia si\u0119 w nauczanie i posta\u0107 \u015bwi\u0119tego Jana Paw\u0142a II. Koordynatorem przygotowa\u0144, z upowa\u017cnienia Konferencji Episkopatu Polski, jest Fundacja \u201eDzie\u0142o Nowego Tysi\u0105clecia\u201d, kt\u00f3ra w tym roku obchodzi dwudziestolecie swojej dzia\u0142alno\u015bci. Nasze wsp\u00f3lne budowanie \u201e\u017cywego pomnika\u201d \u015bw. Jana Paw\u0142a II, jakim s\u0105 niezamo\u017cni, zdolni, ambitni, pochodz\u0105cy z ma\u0142ych miejscowo\u015bci stypendy\u015bci przynosi b\u0142ogos\u0142awione owoce. Ko\u015bci\u00f3\u0142 i\u00a0Ojczyzna s\u0105 corocznie wzbogacani kilkuset dobrze wykszta\u0142conymi i uformowanymi absolwentami Fundacji. S\u0105 w\u015br\u00f3d nich liczni kap\u0142ani i siostry zakonne. Podczas Dnia Papieskiego odbywa si\u0119 tak\u017ce zbi\u00f3rka \u015brodk\u00f3w, b\u0119d\u0105ca podstaw\u0105 finansowania programu stypendialnego, kt\u00f3ry aktualnie obejmuje opiek\u0105 blisko 2000 uczni\u00f3w i student\u00f3w. Obecny rok jest wyj\u0105tkowy. Zagro\u017cenie epidemi\u0105 wywo\u0142a\u0142o obawy nie tylko o zdrowie i si\u0142y do \u017cycia, lecz&hellip;<\/p>\n<p> <a class=\"more-link\" href=\"http:\/\/www.franciszek-walcz.pl\/?p=11127\">Czytaj dalej<\/a><\/p>\n","protected":false},"author":1,"featured_media":0,"comment_status":"closed","ping_status":"open","sticky":false,"template":"","format":"standard","meta":{"footnotes":""},"categories":[1],"tags":[],"class_list":{"0":"post-11127","1":"post","2":"type-post","3":"status-publish","4":"format-standard","6":"category-uncategorized"},"brizy_media":[],"_links":{"self":[{"href":"http:\/\/www.franciszek-walcz.pl\/index.php?rest_route=\/wp\/v2\/posts\/11127","targetHints":{"allow":["GET"]}}],"collection":[{"href":"http:\/\/www.franciszek-walcz.pl\/index.php?rest_route=\/wp\/v2\/posts"}],"about":[{"href":"http:\/\/www.franciszek-walcz.pl\/index.php?rest_route=\/wp\/v2\/types\/post"}],"author":[{"embeddable":true,"href":"http:\/\/www.franciszek-walcz.pl\/index.php?rest_route=\/wp\/v2\/users\/1"}],"replies":[{"embeddable":true,"href":"http:\/\/www.franciszek-walcz.pl\/index.php?rest_route=%2Fwp%2Fv2%2Fcomments&post=11127"}],"version-history":[{"count":2,"href":"http:\/\/www.franciszek-walcz.pl\/index.php?rest_route=\/wp\/v2\/posts\/11127\/revisions"}],"predecessor-version":[{"id":11129,"href":"http:\/\/www.franciszek-walcz.pl\/index.php?rest_route=\/wp\/v2\/posts\/11127\/revisions\/11129"}],"wp:attachment":[{"href":"http:\/\/www.franciszek-walcz.pl\/index.php?rest_route=%2Fwp%2Fv2%2Fmedia&parent=11127"}],"wp:term":[{"taxonomy":"category","embeddable":true,"href":"http:\/\/www.franciszek-walcz.pl\/index.php?rest_route=%2Fwp%2Fv2%2Fcategories&post=11127"},{"taxonomy":"post_tag","embeddable":true,"href":"http:\/\/www.franciszek-walcz.pl\/index.php?rest_route=%2Fwp%2Fv2%2Ftags&post=11127"}],"curies":[{"name":"wp","href":"https:\/\/api.w.org\/{rel}","templated":true}]}}