{"id":11522,"date":"2020-10-17T14:01:13","date_gmt":"2020-10-17T12:01:13","guid":{"rendered":"http:\/\/www.franciszek-walcz.pl\/?p=11522"},"modified":"2020-10-17T14:02:17","modified_gmt":"2020-10-17T12:02:17","slug":"komunikat-przewodniczacego-konferencji-episkopatu-polski-wobec-nowych-obostrzen-sanitarnych-podczas-zgromadzen-religijnych","status":"publish","type":"post","link":"http:\/\/www.franciszek-walcz.pl\/?p=11522","title":{"rendered":"KOMUNIKAT PRZEWODNICZ\u0104CEGO KONFERENCJI EPISKOPATU POLSKI WOBEC NOWYCH OBOSTRZE\u0143 SANITARNYCH PODCZAS ZGROMADZE\u0143 RELIGIJNYCH"},"content":{"rendered":"<p>Wobec zwi\u0119kszaj\u0105cej si\u0119 gwa\u0142townie liczby zaka\u017ce\u0144 koronawirusem i nowych obostrze\u0144 sanitarnych, dotycz\u0105cych udzia\u0142u wiernych w zgromadzeniach religijnych \u2013 1 osoba na 4m2 w strefie \u017c\u00f3\u0142tej i 1 osoba na 7m2 w strefie czerwonej \u2013 zwracam si\u0119 do wszystkich wiernych z pro\u015bb\u0105 o przyj\u0119cie ze zrozumieniem i cierpliwo\u015bci\u0105 na\u0142o\u017conych ogranicze\u0144.<\/p>\n<p>Aktualna sytuacja epidemiczna i na\u0142o\u017cone restrykcje s\u0105 trudne dla nas wszystkich, ale musimy pami\u0119ta\u0107, \u017ce ich celem jest troska o \u017cycie i zdrowie nasze i naszych Rodak\u00f3w.<\/p>\n<p>Zach\u0119cam ksi\u0119\u017cy biskup\u00f3w, aby \u2013 w zwi\u0105zku z ci\u0105g\u0142ym zagro\u017ceniem \u017cycia i zdrowia wszystkich Polak\u00f3w \u2013 udzielali stosownych dyspens od obowi\u0105zku uczestnictwa we Mszy \u015awi\u0119tej w niedziel\u0119 i \u015bwi\u0119ta nakazane, na terenie swoich diecezji. Wiernym przypominam, \u017ce skorzystanie z dyspensy oznacza, i\u017c nieobecno\u015b\u0107 na Mszy \u015awi\u0119tej nie jest grzechem.<\/p>\n<p>W tych okoliczno\u015bciach niech nam towarzyszy ufna modlitwa, zw\u0142aszcza w intencji chorych oraz tych, kt\u00f3rzy stracili swoich najbli\u017cszych. Pami\u0119tajmy tak\u017ce o tych osobach, kt\u00f3re po\u015bwi\u0119caj\u0105 swoje \u017cycie i zdrowie w s\u0142u\u017cbie spo\u0142ecznej \u2013 za pracownik\u00f3w s\u0142u\u017cby zdrowia, s\u0142u\u017cb mundurowych, w tym wojska, policji i stra\u017cy po\u017carnej.<\/p>\n<p>Ludzi m\u0142odych, zaanga\u017cowanych w duszpasterstwa parafialne i akademickie, prosz\u0119 o bezpieczn\u0105 pomoc osobom starszym i potrzebuj\u0105cym. Nie zapominajmy o tym, \u017ce zwyk\u0142a rozmowa telefoniczna mo\u017ce da\u0107 pociech\u0119 i nadziej\u0119.<\/p>\n<p>Niech udzia\u0142 w Eucharystii, spowied\u017a, adoracja, modlitwa S\u0142owem Bo\u017cym, r\u00f3wnie\u017c w ci\u0105gu tygodnia \u2013 z zachowaniem wszelkich wymog\u00f3w bezpiecze\u0144stwa sanitarnego \u2013 stan\u0105 si\u0119 dla nas \u017ar\u00f3d\u0142em odwagi i duchowej si\u0142y.<\/p>\n<p>Matce Bo\u017cej, R\u00f3\u017ca\u0144cowej Pani, powierzam moich wsp\u00f3\u0142braci w biskupstwie, kap\u0142an\u00f3w i osoby \u017cycia konsekrowanego oraz wszystkich wiernych, zapewniaj\u0105c o duchowej blisko\u015bci i modlitwie.<\/p>\n<p>+ Stanis\u0142aw G\u0105decki<br \/>\nArcybiskup Metropolita Pozna\u0144ski<br \/>\nPrzewodnicz\u0105cy Konferencji Episkopatu Polski<\/p>\n","protected":false},"excerpt":{"rendered":"<p>Wobec zwi\u0119kszaj\u0105cej si\u0119 gwa\u0142townie liczby zaka\u017ce\u0144 koronawirusem i nowych obostrze\u0144 sanitarnych, dotycz\u0105cych udzia\u0142u wiernych w zgromadzeniach religijnych \u2013 1 osoba na 4m2 w strefie \u017c\u00f3\u0142tej i 1 osoba na 7m2 w strefie czerwonej \u2013 zwracam si\u0119 do wszystkich wiernych z pro\u015bb\u0105 o przyj\u0119cie ze zrozumieniem i cierpliwo\u015bci\u0105 na\u0142o\u017conych ogranicze\u0144. Aktualna sytuacja epidemiczna i na\u0142o\u017cone restrykcje s\u0105 trudne dla nas wszystkich, ale musimy pami\u0119ta\u0107, \u017ce ich celem jest troska o \u017cycie i zdrowie nasze i naszych Rodak\u00f3w. Zach\u0119cam ksi\u0119\u017cy biskup\u00f3w, aby \u2013 w zwi\u0105zku z ci\u0105g\u0142ym zagro\u017ceniem \u017cycia i zdrowia wszystkich Polak\u00f3w \u2013 udzielali stosownych dyspens od obowi\u0105zku uczestnictwa we Mszy \u015awi\u0119tej w niedziel\u0119 i \u015bwi\u0119ta nakazane, na terenie swoich diecezji. Wiernym przypominam, \u017ce skorzystanie z dyspensy oznacza, i\u017c nieobecno\u015b\u0107 na Mszy \u015awi\u0119tej nie jest grzechem. W tych okoliczno\u015bciach niech nam towarzyszy ufna modlitwa, zw\u0142aszcza w intencji chorych oraz tych, kt\u00f3rzy stracili swoich najbli\u017cszych. Pami\u0119tajmy tak\u017ce o tych osobach, kt\u00f3re po\u015bwi\u0119caj\u0105&hellip;<\/p>\n<p> <a class=\"more-link\" href=\"http:\/\/www.franciszek-walcz.pl\/?p=11522\">Czytaj dalej<\/a><\/p>\n","protected":false},"author":1,"featured_media":0,"comment_status":"closed","ping_status":"open","sticky":false,"template":"","format":"standard","meta":{"footnotes":""},"categories":[1],"tags":[],"class_list":{"0":"post-11522","1":"post","2":"type-post","3":"status-publish","4":"format-standard","6":"category-uncategorized"},"brizy_media":[],"_links":{"self":[{"href":"http:\/\/www.franciszek-walcz.pl\/index.php?rest_route=\/wp\/v2\/posts\/11522","targetHints":{"allow":["GET"]}}],"collection":[{"href":"http:\/\/www.franciszek-walcz.pl\/index.php?rest_route=\/wp\/v2\/posts"}],"about":[{"href":"http:\/\/www.franciszek-walcz.pl\/index.php?rest_route=\/wp\/v2\/types\/post"}],"author":[{"embeddable":true,"href":"http:\/\/www.franciszek-walcz.pl\/index.php?rest_route=\/wp\/v2\/users\/1"}],"replies":[{"embeddable":true,"href":"http:\/\/www.franciszek-walcz.pl\/index.php?rest_route=%2Fwp%2Fv2%2Fcomments&post=11522"}],"version-history":[{"count":1,"href":"http:\/\/www.franciszek-walcz.pl\/index.php?rest_route=\/wp\/v2\/posts\/11522\/revisions"}],"predecessor-version":[{"id":11523,"href":"http:\/\/www.franciszek-walcz.pl\/index.php?rest_route=\/wp\/v2\/posts\/11522\/revisions\/11523"}],"wp:attachment":[{"href":"http:\/\/www.franciszek-walcz.pl\/index.php?rest_route=%2Fwp%2Fv2%2Fmedia&parent=11522"}],"wp:term":[{"taxonomy":"category","embeddable":true,"href":"http:\/\/www.franciszek-walcz.pl\/index.php?rest_route=%2Fwp%2Fv2%2Fcategories&post=11522"},{"taxonomy":"post_tag","embeddable":true,"href":"http:\/\/www.franciszek-walcz.pl\/index.php?rest_route=%2Fwp%2Fv2%2Ftags&post=11522"}],"curies":[{"name":"wp","href":"https:\/\/api.w.org\/{rel}","templated":true}]}}