{"id":11524,"date":"2020-10-17T14:04:12","date_gmt":"2020-10-17T12:04:12","guid":{"rendered":"http:\/\/www.franciszek-walcz.pl\/?p=11524"},"modified":"2020-10-17T14:04:23","modified_gmt":"2020-10-17T12:04:23","slug":"oddajcie-bogu-to-co-nalezy-do-boga","status":"publish","type":"post","link":"http:\/\/www.franciszek-walcz.pl\/?p=11524","title":{"rendered":"Oddajcie Bogu, to co nale\u017cy do Boga"},"content":{"rendered":"<p>Czy\u017cby Chrystus nawo\u0142ywa\u0142 do ugodowo\u015bci wobec nielegalnej i uzurpatorskiej w\u0142adzy? Przecie\u017c cesarz rzymski nie by\u0142 legalnym w\u0142adc\u0105 Palestyny. Co znacz\u0105 s\u0142owa: &#8222;To, co cesarskie oddajcie cesarzowi&#8221;? Czy\u017c Chrystus ka\u017c\u0105c (? ) p\u0142aci\u0107 podatek nielegalnej w\u0142adzy, nie namawia nas do uleg\u0142o\u015bci? Czy w og\u00f3le kaza\u0142 p\u0142aci\u0107 podatek?<\/p>\n<p>S\u0105dz\u0119, \u017ce w dzisiejszej Ewangelii nie ma w og\u00f3le mowy o p\u0142aceniu podatku i sprawach politycznych. Chrystus nie miesza si\u0119 i nie chce si\u0119 miesza\u0107 w polityk\u0119, ale zwraca nam uwag\u0119, \u017ce\u00a0skoro tacy pilni jeste\u015bmy w wype\u0142nianiu naszych obywatelskich obowi\u0105zk\u00f3w, to dlaczego zapominamy o naszych obowi\u0105zkach wobec Boga? Jego wymijaj\u0105ca odpowied\u017a nie jest ani zach\u0119t\u0105 do konformizmu, ani tym bardziej podburzaniem przeciwko w\u0142adzy (nawet uzurpatorskiej i okupacyjnej). Oczywi\u015bcie, \u017ce nie mamy si\u0119 z \u017cycia doczesnego i politycznego izolowa\u0107 i alienowa\u0107, bo nie \u017cyjemy na ksi\u0119\u017cycu, ani na pustyni, bo tworzymy spo\u0142eczno\u015b\u0107 ludzk\u0105, a ka\u017cda ludzka spo\u0142eczno\u015b\u0107 jest z natury polityczna (jak m\u00f3wi Platon cz\u0142owiek to\u00a0dzoon politikon\u00a0&#8211; zwierz\u0119 spo\u0142eczne). Ale to nie jest wcale cel wypowiedzi Chrystusa. Gdyby\u015bmy mieli prze\u0142o\u017cy\u0107 jego s\u0142owa na j\u0119zyk wsp\u00f3\u0142czesny, mo\u017cna by je i tak uj\u0105\u0107: &#8222;Nie zaniedbujcie waszych obywatelskich i spo\u0142ecznych obowi\u0105zk\u00f3w, troszczcie si\u0119 o wasze \u017cycie doczesne (oddajcie Cezarowi, to co nale\u017cy do Cezara), ale nie zapominajcie przede wszystkim o waszych zobowi\u0105zaniach wobec Boga, o waszym \u017cyciu wiecznym, o waszej duszy (oddajcie Bogu, to co nale\u017cy do Boga).&#8221; A ja, czy rzeczywi\u015bcie oddaj\u0119 Bogu to, co Jemu si\u0119 nale\u017cy?<\/p>\n<p>Stwierdzenie Jezusa, \u017ce Cezarowi nale\u017cy odda\u0107 co cesarskie z ca\u0142\u0105 pewno\u015bci\u0105 nie jest wi\u0119c \u017c\u0105daniem, by Jego uczniowie zawsze byli poddani ka\u017cdej w\u0142adzy. Bo zwyczajnie w\u0142adzy czasem si\u0119 to nie nale\u017cy. Szczeg\u00f3lnie wtedy, gdy w\u0142adza ta wchodzi w prerogatywy Boga i pr\u00f3buje stawia\u0107 cz\u0142owieka na miejscu tylko Bogu nale\u017cnym. Ile\u017c to przyk\u0142ad\u00f3w mamy w naszej najnowszej historii, kiedy prawo ludzkie staje w jaskrawej sprzeczno\u015bci z prawem Boskim (np. przykazanie nie zabijaj i &#8222;prawo&#8221; dopuszczaj\u0105ce aborcj\u0119 !!!). Przestrzegaj\u0105c stanowione prawa ludzkie musimy zawsze pami\u0119ta\u0107, \u017ce ponad nim jest prawo dobrze ukszta\u0142towanego sumienia, albo obiektywne prawo naturalne, prawo boskie.<\/p>\n<p>Czy w moim codziennym zabieganiu i zaaferowaniu nie zapominam tym, co nale\u017cy do Boga? Czy nie jest tak, \u017ce jestem bardziej\u00a0pilny w oddawaniu cesarzowi, tego co mu si\u0119 nawet nie nale\u017cy, a jednocze\u015bnie\u00a0nie oddaj\u0119\u00a0Bogu tego co Mu si\u0119 nale\u017cy?<\/p>\n","protected":false},"excerpt":{"rendered":"<p>Czy\u017cby Chrystus nawo\u0142ywa\u0142 do ugodowo\u015bci wobec nielegalnej i uzurpatorskiej w\u0142adzy? Przecie\u017c cesarz rzymski nie by\u0142 legalnym w\u0142adc\u0105 Palestyny. Co znacz\u0105 s\u0142owa: &#8222;To, co cesarskie oddajcie cesarzowi&#8221;? Czy\u017c Chrystus ka\u017c\u0105c (? ) p\u0142aci\u0107 podatek nielegalnej w\u0142adzy, nie namawia nas do uleg\u0142o\u015bci? Czy w og\u00f3le kaza\u0142 p\u0142aci\u0107 podatek? S\u0105dz\u0119, \u017ce w dzisiejszej Ewangelii nie ma w og\u00f3le mowy o p\u0142aceniu podatku i sprawach politycznych. Chrystus nie miesza si\u0119 i nie chce si\u0119 miesza\u0107 w polityk\u0119, ale zwraca nam uwag\u0119, \u017ce\u00a0skoro tacy pilni jeste\u015bmy w wype\u0142nianiu naszych obywatelskich obowi\u0105zk\u00f3w, to dlaczego zapominamy o naszych obowi\u0105zkach wobec Boga? Jego wymijaj\u0105ca odpowied\u017a nie jest ani zach\u0119t\u0105 do konformizmu, ani tym bardziej podburzaniem przeciwko w\u0142adzy (nawet uzurpatorskiej i okupacyjnej). Oczywi\u015bcie, \u017ce nie mamy si\u0119 z \u017cycia doczesnego i politycznego izolowa\u0107 i alienowa\u0107, bo nie \u017cyjemy na ksi\u0119\u017cycu, ani na pustyni, bo tworzymy spo\u0142eczno\u015b\u0107 ludzk\u0105, a ka\u017cda ludzka spo\u0142eczno\u015b\u0107 jest z natury polityczna (jak m\u00f3wi Platon cz\u0142owiek&hellip;<\/p>\n<p> <a class=\"more-link\" href=\"http:\/\/www.franciszek-walcz.pl\/?p=11524\">Czytaj dalej<\/a><\/p>\n","protected":false},"author":1,"featured_media":0,"comment_status":"closed","ping_status":"open","sticky":false,"template":"","format":"standard","meta":{"footnotes":""},"categories":[5],"tags":[],"class_list":{"0":"post-11524","1":"post","2":"type-post","3":"status-publish","4":"format-standard","6":"category-artykuly"},"brizy_media":[],"_links":{"self":[{"href":"http:\/\/www.franciszek-walcz.pl\/index.php?rest_route=\/wp\/v2\/posts\/11524","targetHints":{"allow":["GET"]}}],"collection":[{"href":"http:\/\/www.franciszek-walcz.pl\/index.php?rest_route=\/wp\/v2\/posts"}],"about":[{"href":"http:\/\/www.franciszek-walcz.pl\/index.php?rest_route=\/wp\/v2\/types\/post"}],"author":[{"embeddable":true,"href":"http:\/\/www.franciszek-walcz.pl\/index.php?rest_route=\/wp\/v2\/users\/1"}],"replies":[{"embeddable":true,"href":"http:\/\/www.franciszek-walcz.pl\/index.php?rest_route=%2Fwp%2Fv2%2Fcomments&post=11524"}],"version-history":[{"count":1,"href":"http:\/\/www.franciszek-walcz.pl\/index.php?rest_route=\/wp\/v2\/posts\/11524\/revisions"}],"predecessor-version":[{"id":11525,"href":"http:\/\/www.franciszek-walcz.pl\/index.php?rest_route=\/wp\/v2\/posts\/11524\/revisions\/11525"}],"wp:attachment":[{"href":"http:\/\/www.franciszek-walcz.pl\/index.php?rest_route=%2Fwp%2Fv2%2Fmedia&parent=11524"}],"wp:term":[{"taxonomy":"category","embeddable":true,"href":"http:\/\/www.franciszek-walcz.pl\/index.php?rest_route=%2Fwp%2Fv2%2Fcategories&post=11524"},{"taxonomy":"post_tag","embeddable":true,"href":"http:\/\/www.franciszek-walcz.pl\/index.php?rest_route=%2Fwp%2Fv2%2Ftags&post=11524"}],"curies":[{"name":"wp","href":"https:\/\/api.w.org\/{rel}","templated":true}]}}