{"id":11526,"date":"2020-10-17T14:06:36","date_gmt":"2020-10-17T12:06:36","guid":{"rendered":"http:\/\/www.franciszek-walcz.pl\/?p=11526"},"modified":"2020-10-17T14:07:29","modified_gmt":"2020-10-17T12:07:29","slug":"dekret-biskupa-polowego-w-sprawie-dyspensy-od-obowiazku-uczestnictwa-w-niedzielnej-i-swiatecznej-eucharystii","status":"publish","type":"post","link":"http:\/\/www.franciszek-walcz.pl\/?p=11526","title":{"rendered":"DEKRET BISKUPA POLOWEGO W SPRAWIE DYSPENSY OD OBOWI\u0104ZKU UCZESTNICTWA W NIEDZIELNEJ I\u00a0\u015aWI\u0104TECZNEJ EUCHARYSTII"},"content":{"rendered":"<p>W zwi\u0105zku z zaostrzeniem sytuacji epidemicznej i powt\u00f3rnym wprowadzeniem limitu uczestnik\u00f3w zgromadze\u0144 religijnych w\u00a0\u015bwi\u0105tyniach, zgodnie z\u00a0kan. 87 \u00a7 1, kan.\u00a01245 oraz kan. 1248 \u00a7 2 Kodeksu Prawa Kanonicznego, od dnia 17 pa\u017adziernika 2020 roku udzielam wszystkim wiernym Ordynariatu Polowego dyspensy od obowi\u0105zku uczestnictwa w niedzielnej i \u015bwi\u0105tecznej Eucharystii. Powy\u017csza dyspensa obowi\u0105zuje a\u017c do odwo\u0142ania.<\/p>\n<p>Zach\u0119cam osoby korzystaj\u0105ce z\u00a0dyspensy, aby trwa\u0142y na osobistej i rodzinnej modlitwie oraz \u0142\u0105czy\u0142y si\u0119 duchowo z odprawian\u0105 liturgi\u0105, tak\u017ce za po\u015brednictwem \u015brodk\u00f3w audiowizualnych. Prosz\u0119 o zachowanie wi\u0119zi ze swoj\u0105 parafi\u0105 m. in. poprzez transmisje, utrzymywanie \u0142\u0105czno\u015bci modlitewnej, a tak\u017ce \u2013 o ile to mo\u017cliwe \u2013 poprzez nawiedzenie \u015bwi\u0105tyni lub uczestnictwo we Mszy \u015awi\u0119tej w ci\u0105gu tygodnia, przy zachowaniu zasad sanitarnych.<\/p>\n<p>Jednocze\u015bnie po raz kolejny apeluj\u0119 o zachowanie wszystkich obostrze\u0144 na\u0142o\u017conych przez prawo pa\u0144stwowe i przepisy sanitarne, a tak\u017ce wskaza\u0144 Konferencji Episkopatu Polski odno\u015bnie bezpiecznego uczestnictwa w liturgii. Zach\u0119cam tak\u017ce wiernych do przyjmowania Komunii \u015awi\u0119tej na r\u0119k\u0119, gdy\u017c ten staro\u017cytny ko\u015bcielny zwyczaj w niczym nie uchybia czci Naj\u015bwi\u0119tszego Sakramentu, a zdaniem specjalist\u00f3w jest bezpieczniejszy z punktu widzenia sanitarnego.<\/p>\n<p>Na trudny czas zmagania z pandemi\u0105 udzielam pasterskiego b\u0142ogos\u0142awie\u0144stwa<\/p>\n<p>&nbsp;<\/p>\n<p><strong>bp J\u00f3zef GUZDEK<\/strong><\/p>\n<ol>\n<li><strong> Jan DOHNALIK<\/strong><\/li>\n<\/ol>\n<p>kanclerz<\/p>\n","protected":false},"excerpt":{"rendered":"<p>W zwi\u0105zku z zaostrzeniem sytuacji epidemicznej i powt\u00f3rnym wprowadzeniem limitu uczestnik\u00f3w zgromadze\u0144 religijnych w\u00a0\u015bwi\u0105tyniach, zgodnie z\u00a0kan. 87 \u00a7 1, kan.\u00a01245 oraz kan. 1248 \u00a7 2 Kodeksu Prawa Kanonicznego, od dnia 17 pa\u017adziernika 2020 roku udzielam wszystkim wiernym Ordynariatu Polowego dyspensy od obowi\u0105zku uczestnictwa w niedzielnej i \u015bwi\u0105tecznej Eucharystii. Powy\u017csza dyspensa obowi\u0105zuje a\u017c do odwo\u0142ania. Zach\u0119cam osoby korzystaj\u0105ce z\u00a0dyspensy, aby trwa\u0142y na osobistej i rodzinnej modlitwie oraz \u0142\u0105czy\u0142y si\u0119 duchowo z odprawian\u0105 liturgi\u0105, tak\u017ce za po\u015brednictwem \u015brodk\u00f3w audiowizualnych. Prosz\u0119 o zachowanie wi\u0119zi ze swoj\u0105 parafi\u0105 m. in. poprzez transmisje, utrzymywanie \u0142\u0105czno\u015bci modlitewnej, a tak\u017ce \u2013 o ile to mo\u017cliwe \u2013 poprzez nawiedzenie \u015bwi\u0105tyni lub uczestnictwo we Mszy \u015awi\u0119tej w ci\u0105gu tygodnia, przy zachowaniu zasad sanitarnych. Jednocze\u015bnie po raz kolejny apeluj\u0119 o zachowanie wszystkich obostrze\u0144 na\u0142o\u017conych przez prawo pa\u0144stwowe i przepisy sanitarne, a tak\u017ce wskaza\u0144 Konferencji Episkopatu Polski odno\u015bnie bezpiecznego uczestnictwa w liturgii. Zach\u0119cam tak\u017ce wiernych do przyjmowania Komunii \u015awi\u0119tej na r\u0119k\u0119,&hellip;<\/p>\n<p> <a class=\"more-link\" href=\"http:\/\/www.franciszek-walcz.pl\/?p=11526\">Czytaj dalej<\/a><\/p>\n","protected":false},"author":1,"featured_media":0,"comment_status":"closed","ping_status":"open","sticky":false,"template":"","format":"standard","meta":{"footnotes":""},"categories":[1],"tags":[],"class_list":{"0":"post-11526","1":"post","2":"type-post","3":"status-publish","4":"format-standard","6":"category-uncategorized"},"brizy_media":[],"_links":{"self":[{"href":"http:\/\/www.franciszek-walcz.pl\/index.php?rest_route=\/wp\/v2\/posts\/11526","targetHints":{"allow":["GET"]}}],"collection":[{"href":"http:\/\/www.franciszek-walcz.pl\/index.php?rest_route=\/wp\/v2\/posts"}],"about":[{"href":"http:\/\/www.franciszek-walcz.pl\/index.php?rest_route=\/wp\/v2\/types\/post"}],"author":[{"embeddable":true,"href":"http:\/\/www.franciszek-walcz.pl\/index.php?rest_route=\/wp\/v2\/users\/1"}],"replies":[{"embeddable":true,"href":"http:\/\/www.franciszek-walcz.pl\/index.php?rest_route=%2Fwp%2Fv2%2Fcomments&post=11526"}],"version-history":[{"count":1,"href":"http:\/\/www.franciszek-walcz.pl\/index.php?rest_route=\/wp\/v2\/posts\/11526\/revisions"}],"predecessor-version":[{"id":11527,"href":"http:\/\/www.franciszek-walcz.pl\/index.php?rest_route=\/wp\/v2\/posts\/11526\/revisions\/11527"}],"wp:attachment":[{"href":"http:\/\/www.franciszek-walcz.pl\/index.php?rest_route=%2Fwp%2Fv2%2Fmedia&parent=11526"}],"wp:term":[{"taxonomy":"category","embeddable":true,"href":"http:\/\/www.franciszek-walcz.pl\/index.php?rest_route=%2Fwp%2Fv2%2Fcategories&post=11526"},{"taxonomy":"post_tag","embeddable":true,"href":"http:\/\/www.franciszek-walcz.pl\/index.php?rest_route=%2Fwp%2Fv2%2Ftags&post=11526"}],"curies":[{"name":"wp","href":"https:\/\/api.w.org\/{rel}","templated":true}]}}