{"id":11691,"date":"2020-10-24T12:43:59","date_gmt":"2020-10-24T10:43:59","guid":{"rendered":"http:\/\/www.franciszek-walcz.pl\/?p=11691"},"modified":"2020-10-24T12:43:59","modified_gmt":"2020-10-24T10:43:59","slug":"apel-przewodniczacego-konferencji-episkopatu-polski-przed-uroczystoscia-wszystkich-swietych","status":"publish","type":"post","link":"http:\/\/www.franciszek-walcz.pl\/?p=11691","title":{"rendered":"APEL PRZEWODNICZ\u0104CEGO KONFERENCJI EPISKOPATU POLSKI PRZED UROCZYSTO\u015aCI\u0104 WSZYSTKICH \u015aWI\u0118TYCH"},"content":{"rendered":"<p>Zbli\u017ca si\u0119 dzie\u0144 1 listopada, a wraz z nim Uroczysto\u015b\u0107 Wszystkich \u015awi\u0119tych i jedna z pi\u0119kniejszych polskich tradycji nawiedzania cmentarzy, pami\u0119ci i modlitwy za zmar\u0142ych. Miar\u0105 naszej kultury duchowej jest mi\u0119dzy innymi zdolno\u015b\u0107 pami\u0119tania o tych, kt\u00f3rzy odeszli do wieczno\u015bci. Dlatego, tego dnia miliony Polak\u00f3w nawiedzaj\u0105 ka\u017cdego roku groby swoich bliskich, dowodz\u0105c tego, \u017ce ludzka mi\u0142o\u015b\u0107 nie ko\u0144czy si\u0119 razem ze \u015bmierci\u0105. W tym roku jednak znajdujemy si\u0119 w nadzwyczajnej sytuacji pandemii i du\u017cego wzrostu zaka\u017ce\u0144 koronawirusem. W trosce o \u017cycie i zdrowie naszych rodak\u00f3w apeluj\u0119 o roz\u0142o\u017cenie nawiedzania grob\u00f3w na dni poprzedzaj\u0105ce 1 listopada oraz dni nast\u0119puj\u0105ce po tej uroczysto\u015bci. Apeluj\u0119 r\u00f3wnie\u017c do os\u00f3b starszych, aby w tym roku od\u0142o\u017cy\u0142y nawiedzanie cmentarzy i zosta\u0142y bezpiecznie w domach, wyra\u017caj\u0105c swoj\u0105 pami\u0119\u0107 poprzez wiern\u0105 modlitw\u0119. W zwi\u0105zku z na\u0142o\u017conymi przez w\u0142adze pa\u0144stwowe ograniczeniami sanitarnymi, dotycz\u0105cymi liczby uczestnik\u00f3w zgromadze\u0144 religijnych, w wielu diecezjach w Polsce zosta\u0142y og\u0142oszone dyspensy od obowi\u0105zku udzia\u0142u we Mszach \u015awi\u0119tych niedzielnych i \u015bwi\u0119ta nakazane. Mo\u017cna z nich skorzysta\u0107 r\u00f3wnie\u017c w Uroczysto\u015b\u0107 Wszystkich \u015awi\u0119tych. W tej wyj\u0105tkowej sytuacji, zamiast modlitwy w ko\u015bcio\u0142ach i na cmentarzach, \u0142\u0105czmy si\u0119 duchowo ze wsp\u00f3lnot\u0105 wiernych poprzez modlitw\u0119 w domu oraz za po\u015brednictwem radia i telewizji. W tym trudnym czasie, otaczam wszystkich Polak\u00f3w modlitw\u0105, za wstawiennictwem \u015bwi\u0119tych patron\u00f3w naszej Ojczyzny.<\/p>\n<p>+ Stanis\u0142aw G\u0105decki<br \/>\nArcybiskup Metropolita Pozna\u0144ski<br \/>\nPrzewodnicz\u0105cy Konferencji Episkopatu Polski<\/p>\n","protected":false},"excerpt":{"rendered":"<p>Zbli\u017ca si\u0119 dzie\u0144 1 listopada, a wraz z nim Uroczysto\u015b\u0107 Wszystkich \u015awi\u0119tych i jedna z pi\u0119kniejszych polskich tradycji nawiedzania cmentarzy, pami\u0119ci i modlitwy za zmar\u0142ych. Miar\u0105 naszej kultury duchowej jest mi\u0119dzy innymi zdolno\u015b\u0107 pami\u0119tania o tych, kt\u00f3rzy odeszli do wieczno\u015bci. Dlatego, tego dnia miliony Polak\u00f3w nawiedzaj\u0105 ka\u017cdego roku groby swoich bliskich, dowodz\u0105c tego, \u017ce ludzka mi\u0142o\u015b\u0107 nie ko\u0144czy si\u0119 razem ze \u015bmierci\u0105. W tym roku jednak znajdujemy si\u0119 w nadzwyczajnej sytuacji pandemii i du\u017cego wzrostu zaka\u017ce\u0144 koronawirusem. W trosce o \u017cycie i zdrowie naszych rodak\u00f3w apeluj\u0119 o roz\u0142o\u017cenie nawiedzania grob\u00f3w na dni poprzedzaj\u0105ce 1 listopada oraz dni nast\u0119puj\u0105ce po tej uroczysto\u015bci. Apeluj\u0119 r\u00f3wnie\u017c do os\u00f3b starszych, aby w tym roku od\u0142o\u017cy\u0142y nawiedzanie cmentarzy i zosta\u0142y bezpiecznie w domach, wyra\u017caj\u0105c swoj\u0105 pami\u0119\u0107 poprzez wiern\u0105 modlitw\u0119. W zwi\u0105zku z na\u0142o\u017conymi przez w\u0142adze pa\u0144stwowe ograniczeniami sanitarnymi, dotycz\u0105cymi liczby uczestnik\u00f3w zgromadze\u0144 religijnych, w wielu diecezjach w Polsce zosta\u0142y og\u0142oszone dyspensy od obowi\u0105zku udzia\u0142u we&hellip;<\/p>\n<p> <a class=\"more-link\" href=\"http:\/\/www.franciszek-walcz.pl\/?p=11691\">Czytaj dalej<\/a><\/p>\n","protected":false},"author":1,"featured_media":0,"comment_status":"closed","ping_status":"open","sticky":false,"template":"","format":"standard","meta":{"footnotes":""},"categories":[1],"tags":[],"class_list":{"0":"post-11691","1":"post","2":"type-post","3":"status-publish","4":"format-standard","6":"category-uncategorized"},"brizy_media":[],"_links":{"self":[{"href":"http:\/\/www.franciszek-walcz.pl\/index.php?rest_route=\/wp\/v2\/posts\/11691","targetHints":{"allow":["GET"]}}],"collection":[{"href":"http:\/\/www.franciszek-walcz.pl\/index.php?rest_route=\/wp\/v2\/posts"}],"about":[{"href":"http:\/\/www.franciszek-walcz.pl\/index.php?rest_route=\/wp\/v2\/types\/post"}],"author":[{"embeddable":true,"href":"http:\/\/www.franciszek-walcz.pl\/index.php?rest_route=\/wp\/v2\/users\/1"}],"replies":[{"embeddable":true,"href":"http:\/\/www.franciszek-walcz.pl\/index.php?rest_route=%2Fwp%2Fv2%2Fcomments&post=11691"}],"version-history":[{"count":1,"href":"http:\/\/www.franciszek-walcz.pl\/index.php?rest_route=\/wp\/v2\/posts\/11691\/revisions"}],"predecessor-version":[{"id":11748,"href":"http:\/\/www.franciszek-walcz.pl\/index.php?rest_route=\/wp\/v2\/posts\/11691\/revisions\/11748"}],"wp:attachment":[{"href":"http:\/\/www.franciszek-walcz.pl\/index.php?rest_route=%2Fwp%2Fv2%2Fmedia&parent=11691"}],"wp:term":[{"taxonomy":"category","embeddable":true,"href":"http:\/\/www.franciszek-walcz.pl\/index.php?rest_route=%2Fwp%2Fv2%2Fcategories&post=11691"},{"taxonomy":"post_tag","embeddable":true,"href":"http:\/\/www.franciszek-walcz.pl\/index.php?rest_route=%2Fwp%2Fv2%2Ftags&post=11691"}],"curies":[{"name":"wp","href":"https:\/\/api.w.org\/{rel}","templated":true}]}}