{"id":11893,"date":"2020-10-31T15:34:35","date_gmt":"2020-10-31T14:34:35","guid":{"rendered":"http:\/\/www.franciszek-walcz.pl\/?p=11893"},"modified":"2020-10-31T15:35:16","modified_gmt":"2020-10-31T14:35:16","slug":"odpust-dla-wiernych-zmarlych-przez-caly-listopad","status":"publish","type":"post","link":"http:\/\/www.franciszek-walcz.pl\/?p=11893","title":{"rendered":"ODPUST DLA WIERNYCH ZMAR\u0141YCH \u2013 PRZEZ CA\u0141Y LISTOPAD"},"content":{"rendered":"<p><strong>Przez ca\u0142y listopad, a nie tylko przez 8 dni od uroczysto\u015bci Wszystkich \u015awi\u0119tych, b\u0119dzie mo\u017cna otrzyma\u0107 odpust zupe\u0142ny dla wiernych zmar\u0142ych. W zwi\u0105zku z pandemi\u0105 Covid-19 Penitencjaria Apostolska wyda\u0142a specjalny dekret w tej sprawie.<\/strong><\/p>\n<p>Penitencjaria Apostolska zdecydowa\u0142a, \u017ce aby zapewni\u0107 bezpiecze\u0144stwo wiernych w czasie epidemii, odpust zupe\u0142ny dla os\u00f3b nawiedzaj\u0105cych cmentarz i modl\u0105cych si\u0119 za zmar\u0142ych przez poszczeg\u00f3lne osiem dni, zwykle ustanowiony jedynie na dni od 1 do 8 listopada, mo\u017ce by\u0107 przeniesiony na inne osiem dni listopada. Dni te, dowolnie wybrane przez poszczeg\u00f3lnych wiernych, mog\u0105 by\u0107 od siebie oddzielone. R\u00f3wnie\u017c odpust zupe\u0142ny zwi\u0105zany z dniem 2 listopada \u2013 wspomnieniem wszystkich wiernych zmar\u0142ych dla tych, kt\u00f3rzy pobo\u017cnie nawiedzaj\u0105 kaplic\u0119 lub cmentarz i odmawiaj\u0105 tam \u201eOjcze nasz\u201d i \u201eWierz\u0119 w Boga\u201d, mo\u017ce by\u0107 przeniesiony na inny dzie\u0144 listopada, dowolnie wybrany przez poszczeg\u00f3lnych wiernych.<\/p>\n<p>Osoby starsze, chore i ci wszyscy, kt\u00f3rzy z powa\u017cnych powod\u00f3w nie mog\u0105 opu\u015bci\u0107 domu, na przyk\u0142ad ze wzgl\u0119du na zakazy gromadzenia si\u0119 licznych wiernych w miejscach \u015bwi\u0119tych, b\u0119d\u0105 mogli uzyska\u0107 odpust zupe\u0142ny, je\u015bli tylko b\u0119d\u0105 si\u0119 \u0142\u0105czy\u0107 duchowo z wiernymi, kt\u00f3rzy pobo\u017cnie nawiedzaj\u0105 miejsca \u015bwi\u0119te oraz je\u015bli wyklucz\u0105 wszelkie przywi\u0105zanie do jakiegokolwiek grzechu i maj\u0105 intencj\u0119 \u2013 kiedy to tylko b\u0119dzie mo\u017cliwe \u2013 spe\u0142ni\u0107 trzy zwyczajne warunki (spowied\u017a sakramentalna, Komunia eucharystyczna i modlitwa w intencjach Ojca \u015awi\u0119tego). Te osoby, aby uzyska\u0107 odpust zupe\u0142ny powinny odm\u00f3wi\u0107 pobo\u017cnie modlitwy za zmar\u0142ych przed obrazem Pana Jezusa lub Naj\u015bwi\u0119tszej Maryi Panny (na przyk\u0142ad jutrzni\u0119 i nieszpory z oficjum Liturgii godzin za zmar\u0142ych, R\u00f3\u017caniec, Koronk\u0119 do Bo\u017cego Mi\u0142osierdzia i inne modlitwy za zmar\u0142ych bliskich ich sercu); podj\u0105\u0107 medytacyjn\u0105 lektur\u0119 jednego z fragment\u00f3w Ewangelii z liturgii za zmar\u0142ych lub te\u017c wype\u0142ni\u0107 uczynki mi\u0142osierdzia poprzez ofiarowanie Bogu swoich cierpie\u0144.<\/p>\n","protected":false},"excerpt":{"rendered":"<p>Przez ca\u0142y listopad, a nie tylko przez 8 dni od uroczysto\u015bci Wszystkich \u015awi\u0119tych, b\u0119dzie mo\u017cna otrzyma\u0107 odpust zupe\u0142ny dla wiernych zmar\u0142ych. W zwi\u0105zku z pandemi\u0105 Covid-19 Penitencjaria Apostolska wyda\u0142a specjalny dekret w tej sprawie. Penitencjaria Apostolska zdecydowa\u0142a, \u017ce aby zapewni\u0107 bezpiecze\u0144stwo wiernych w czasie epidemii, odpust zupe\u0142ny dla os\u00f3b nawiedzaj\u0105cych cmentarz i modl\u0105cych si\u0119 za zmar\u0142ych przez poszczeg\u00f3lne osiem dni, zwykle ustanowiony jedynie na dni od 1 do 8 listopada, mo\u017ce by\u0107 przeniesiony na inne osiem dni listopada. Dni te, dowolnie wybrane przez poszczeg\u00f3lnych wiernych, mog\u0105 by\u0107 od siebie oddzielone. R\u00f3wnie\u017c odpust zupe\u0142ny zwi\u0105zany z dniem 2 listopada \u2013 wspomnieniem wszystkich wiernych zmar\u0142ych dla tych, kt\u00f3rzy pobo\u017cnie nawiedzaj\u0105 kaplic\u0119 lub cmentarz i odmawiaj\u0105 tam \u201eOjcze nasz\u201d i \u201eWierz\u0119 w Boga\u201d, mo\u017ce by\u0107 przeniesiony na inny dzie\u0144 listopada, dowolnie wybrany przez poszczeg\u00f3lnych wiernych. Osoby starsze, chore i ci wszyscy, kt\u00f3rzy z powa\u017cnych powod\u00f3w nie mog\u0105 opu\u015bci\u0107 domu, na przyk\u0142ad ze wzgl\u0119du&hellip;<\/p>\n<p> <a class=\"more-link\" href=\"http:\/\/www.franciszek-walcz.pl\/?p=11893\">Czytaj dalej<\/a><\/p>\n","protected":false},"author":1,"featured_media":0,"comment_status":"closed","ping_status":"open","sticky":false,"template":"","format":"standard","meta":{"footnotes":""},"categories":[4,1],"tags":[],"class_list":{"0":"post-11893","1":"post","2":"type-post","3":"status-publish","4":"format-standard","6":"category-ogloszenia","7":"category-uncategorized"},"brizy_media":[],"_links":{"self":[{"href":"http:\/\/www.franciszek-walcz.pl\/index.php?rest_route=\/wp\/v2\/posts\/11893","targetHints":{"allow":["GET"]}}],"collection":[{"href":"http:\/\/www.franciszek-walcz.pl\/index.php?rest_route=\/wp\/v2\/posts"}],"about":[{"href":"http:\/\/www.franciszek-walcz.pl\/index.php?rest_route=\/wp\/v2\/types\/post"}],"author":[{"embeddable":true,"href":"http:\/\/www.franciszek-walcz.pl\/index.php?rest_route=\/wp\/v2\/users\/1"}],"replies":[{"embeddable":true,"href":"http:\/\/www.franciszek-walcz.pl\/index.php?rest_route=%2Fwp%2Fv2%2Fcomments&post=11893"}],"version-history":[{"count":1,"href":"http:\/\/www.franciszek-walcz.pl\/index.php?rest_route=\/wp\/v2\/posts\/11893\/revisions"}],"predecessor-version":[{"id":11894,"href":"http:\/\/www.franciszek-walcz.pl\/index.php?rest_route=\/wp\/v2\/posts\/11893\/revisions\/11894"}],"wp:attachment":[{"href":"http:\/\/www.franciszek-walcz.pl\/index.php?rest_route=%2Fwp%2Fv2%2Fmedia&parent=11893"}],"wp:term":[{"taxonomy":"category","embeddable":true,"href":"http:\/\/www.franciszek-walcz.pl\/index.php?rest_route=%2Fwp%2Fv2%2Fcategories&post=11893"},{"taxonomy":"post_tag","embeddable":true,"href":"http:\/\/www.franciszek-walcz.pl\/index.php?rest_route=%2Fwp%2Fv2%2Ftags&post=11893"}],"curies":[{"name":"wp","href":"https:\/\/api.w.org\/{rel}","templated":true}]}}