{"id":1198,"date":"2017-10-14T13:20:53","date_gmt":"2017-10-14T11:20:53","guid":{"rendered":"http:\/\/www.franciszek-walcz.pl\/?p=1198"},"modified":"2017-10-14T13:20:53","modified_gmt":"2017-10-14T11:20:53","slug":"list-biskupa-polowego-wojska-polskiego","status":"publish","type":"post","link":"http:\/\/www.franciszek-walcz.pl\/?p=1198","title":{"rendered":"List biskupa polowego Wojska Polskiego"},"content":{"rendered":"<p><strong>List biskupa polowego Wojska Polskiego J\u00f3zefa Guzdka z okazji 75.\u00a0rocznicy \u015bmierci b\u0142ogos\u0142awionego ks. kmdr. ppor. W\u0142adys\u0142awa Miegonia<\/strong><\/p>\n<p><strong><em>\u201e\u015awi\u0119tymi b\u0105d\u017acie, bo Ja jestem \u015bwi\u0119ty\u201d <\/em><\/strong>(Kp\u0142 11,44). To wezwanie Chrystus kieruje do ka\u017cdego z nas, wszak w ka\u017cdym czasie i w ka\u017cdym miejscu B\u00f3g zaprasza cz\u0142owieka do grona \u015bwi\u0119tych. Ks. kmdr W\u0142adys\u0142aw Miego\u0144 przyj\u0105\u0142 to zaproszenie, spe\u0142ni\u0142 wszystkie warunki, aby znale\u017a\u0107 si\u0119 po\u015br\u00f3d tych, kt\u00f3rych B\u00f3g zaprosi\u0142 do sto\u0142u, na swoj\u0105 uczt\u0119 w Kr\u00f3lestwie niebieskim, przyoblek\u0142szy ich w\u00a0godow\u0105 szat\u0119 \u0142aski i \u015bwi\u0119to\u015bci.<\/p>\n<p>W\u0142adys\u0142aw Miego\u0144 urodzi\u0142 si\u0119 30 wrze\u015bnia 1892 roku w Samborcu, na ziemi sandomierskiej, jako najstarszy z o\u015bmiorga dzieci Stanis\u0142awa i\u00a0Marianny z domu Rewiera. Ju\u017c na drugi dzie\u0144 po przyj\u015bciu na \u015bwiat zosta\u0142 w\u0142\u0105czony do wsp\u00f3lnoty Ko\u015bcio\u0142a przez chrzest \u015bwi\u0119ty. Po uko\u0144czeniu gimnazjum wst\u0105pi\u0142 do sandomierskiego seminarium duchownego. \u015awi\u0119cenia kap\u0142a\u0144skie przyj\u0105\u0142 2 lutego 1915 roku z r\u0105k biskupa sandomierskiego Mariana Ryxa. Wtedy z\u0142o\u017cy\u0142 przysi\u0119g\u0119 na wierno\u015b\u0107 Bogu i Ko\u015bcio\u0142owi. W\u00a0trudnych latach pierwszej wojny \u015bwiatowej, jako wikariusz pe\u0142ni\u0142 pos\u0142ug\u0119 w kilku parafiach, anga\u017cuj\u0105c si\u0119 z pasj\u0105 i po\u015bwi\u0119ceniem w\u00a0s\u0142u\u017cb\u0119 Bogu i cz\u0142owiekowi. Wsz\u0119dzie spotyka\u0142 si\u0119 z\u00a0wdzi\u0119czno\u015bci\u0105 parafian i\u00a0uznaniem ze strony prze\u0142o\u017conych.<\/p>\n<p>Gdy po 123. latach niewoli Polska odzyska\u0142a niepodleg\u0142o\u015b\u0107, w duszy ks.\u00a0W\u0142adys\u0142awa Miegonia zrodzi\u0142o si\u0119 pragnienie s\u0142u\u017cenia nie tylko Bogu, ale i\u00a0Ojczy\u017anie. Ju\u017c 28 listopada 1918 r. uda\u0142 si\u0119 do swojego biskupa z gor\u0105c\u0105 pro\u015bb\u0105, aby skierowa\u0142 go do pos\u0142ugi duszpasterskiej w tworz\u0105cym si\u0119 Wojsku Polskim. Na zgod\u0119 musia\u0142 jednak czeka\u0107 ca\u0142y rok. S\u0142u\u017cb\u0119 wojskow\u0105, jako kapelan, rozpocz\u0105\u0142 1\u00a0grudnia 1919 r., otrzymuj\u0105c stopie\u0144 kapitana. Biskup polowy Stanis\u0142aw Gall skierowa\u0142 go do dyspozycji dow\u00f3dztwa Frontu Pomorskiego, gdzie otrzyma\u0142 przydzia\u0142 s\u0142u\u017cbowy do 1.\u00a0Batalionu Morskiego. Tak wi\u0119c, niemal od pocz\u0105tku tworzenia Polskiej Marynarki Wojennej by\u0142 jej kapelanem i z t\u0105 formacj\u0105 zwi\u0105za\u0142 prawie ca\u0142e swoje \u017cycie.<\/p>\n<p>Ks. Miego\u0144 sk\u0142adaj\u0105c przysi\u0119g\u0119 wojskow\u0105 zobowi\u0105za\u0142 si\u0119 s\u0142u\u017cy\u0107 nie tylko Bogu, ale i Ojczy\u017anie, nie \u017ca\u0142uj\u0105c krwi a nawet \u017cycia, je\u015bli zajdzie taka potrzeba. Nie musia\u0142 d\u0142ugo czeka\u0107, aby przekona\u0107 swoich prze\u0142o\u017conych, \u017ce wierno\u015b\u0107 jest jego podstawowym przymiotem. W czasie wojny polsko-bolszewickiej latem 1920 roku wielokrotnie uczestniczy\u0142 w akcjach zwiadowczych, d\u017awiga\u0142 i opatrywa\u0142 rannych oraz podtrzymywa\u0142 upadaj\u0105cych na duchu \u017co\u0142nierzy. Za poniesione rany, okazane m\u0119stwo i wierno\u015b\u0107 z\u0142o\u017conej przysi\u0119dze marsza\u0142ek J\u00f3zef Pi\u0142sudski osobi\u015bcie odznaczy\u0142 go Krzy\u017cem Srebrnym Virtuti Militari. Za zas\u0142ugi otrzyma\u0142 tak\u017ce Krzy\u017c Walecznych.<\/p>\n<p>W latach 1929\u20131933 odby\u0142 studia z zakresu prawa kanonicznego na Katolickim Uniwersytecie Lubelskim w Lublinie, pe\u0142ni\u0105c jednocze\u015bnie pos\u0142ug\u0119 duszpastersk\u0105 po\u015br\u00f3d \u017co\u0142nierzy i ich rodzin. Jednak mi\u0142o\u015b\u0107 do polskiego morza i do \u017co\u0142nierzy pe\u0142ni\u0105cych s\u0142u\u017cb\u0119 na morzu sprawi\u0142y, \u017ce \u00f3wczesny biskup polowy ponownie skierowa\u0142 ks. Miegonia do pos\u0142ugi duszpasterskiej po\u015br\u00f3d marynarzy w\u00a0Gdyni na Oksywiu. Sw\u00f3j idea\u0142 \u015bwi\u0119to\u015bci realizowa\u0142 wed\u0142ug wskaza\u0144 \u015bw. Paw\u0142a Aposto\u0142a: \u201eUmiem cierpie\u0107 bied\u0119, umiem te\u017c korzysta\u0107 z obfito\u015bci. Do wszystkich warunk\u00f3w jestem zaprawiony: i by\u0107 sytym, i g\u0142\u00f3d cierpie\u0107, korzysta\u0107 z\u00a0obfito\u015bci i\u00a0doznawa\u0107 niedostatku\u201d (Flp 4,12-13). Cz\u0119sto powtarza\u0142 w \u017cyciu jego s\u0142owa: \u201eWszystko mog\u0119 [w Chrystusie], w Tym, kt\u00f3ry mnie umacnia\u201d.<\/p>\n<p>Jako kapelan umia\u0142 dobrze zagospodarowa\u0107 materialne dary sk\u0142adane z\u00a0obfito\u015bci ludzkiego serca. Dzi\u0119ki ofiarno\u015bci swoich parafian: marynarzy i ich rodzin, zbudowa\u0142 ko\u015bci\u00f3\u0142 garnizonowy w Gdyni, kt\u00f3rego konsekracji w dniu 1 lipca 1939 roku dokona\u0142 biskup polowy Wojsk Polskich J\u00f3zef Gawlina.<\/p>\n<p>Potrafi\u0142 tak\u017ce odnale\u017a\u0107 si\u0119 w trudnych warunkach. Po wybuchu II wojny \u015bwiatowej ofiarnie pe\u0142ni\u0142 pos\u0142ug\u0119 duszpastersk\u0105, nios\u0105c pociech\u0119 i umocnienie walcz\u0105cym \u017co\u0142nierzom, jednaj\u0105c ich z Bogiem. By\u0142 tak\u017ce ofiarnym sanitariuszem, sp\u0119dza\u0142 codziennie d\u0142ugie godziny w szpitalu morskim na Oksywiu, nosz\u0105c rannych i\u00a0opatruj\u0105c ich rany. Po kapitulacji Wybrze\u017ca, 19 wrze\u015bnia 1939 r., nie skorzysta\u0142 z\u00a0mo\u017cliwo\u015bci zwolnienia z niewoli, cho\u0107 jako kapelan mia\u0142 do tego prawo na mocy konwencji genewskich, ale dobrowolnie zdecydowa\u0142 si\u0119 pozosta\u0107 w\u015br\u00f3d rannych marynarzy i dzieli\u0107 z nimi los je\u0144ca wojennego.<\/p>\n<p>W obozie w Szlezwiku-Holsztynie by\u0142 jedynym kap\u0142anem w\u015br\u00f3d ponad dwu i\u00a0p\u00f3\u0142 tysi\u0105ca rannych je\u0144c\u00f3w. Mimo szykan ze strony stra\u017cnik\u00f3w, r\u00f3\u017cnymi sposobami podtrzymywa\u0142 na duchu wsp\u00f3\u0142towarzyszy niedoli. 5 listopada 1939 r. w \u015bwietlicy obozowej odprawi\u0142 Msz\u0119 \u015bw., intonuj\u0105c na jej zako\u0144czenie pie\u015b\u0144 \u201eBo\u017ce, co\u015b Polsk\u0119\u201d, kt\u00f3r\u0105 podj\u0119li polscy je\u0144cy wojenni. Nast\u0119pnie \u2013 przez Rothenburg i Buchenwald \u2013 trafi\u0142 do obozu w\u00a0Dachau, gdzie sta\u0142 si\u0119 pozbawionym wszelkich praw wi\u0119\u017aniem o\u00a0numerze 21 223. W\u00a0nieludzkich warunkach, n\u0119kany ci\u0119\u017ck\u0105 chorob\u0105, g\u0142odem i prac\u0105 ponad si\u0142y, ks.\u00a0Miego\u0144 zmar\u0142 15 pa\u017adziernika 1942 roku. Jego cia\u0142o wraz z innymi ofiarami hitlerowskiego ludob\u00f3jstwa spalono w obozowym krematorium.<\/p>\n<p>13 czerwca 1999 r. w\u00a0Warszawie, Jan Pawe\u0142 II wyni\u00f3s\u0142 ks.\u00a0kmdr. ppor. W\u0142adys\u0142awa Miegonia do chwa\u0142y o\u0142tarzy, w\u0142\u0105czaj\u0105c go w poczet 108 b\u0142ogos\u0142awionych m\u0119czennik\u00f3w, kt\u00f3rzy zgin\u0119li w latach 1939\u20131945 z r\u0105k niemieckich nazist\u00f3w. Ten akt by\u0142 uznaniem heroicznej postawy kapelana Marynarki Wojennej, kt\u00f3ry w pe\u0142ni zrealizowa\u0142 s\u0142owa Chrystusa: \u201eNikt nie ma wi\u0119kszej mi\u0142o\u015bci od tej, gdy kto\u015b \u017cycie swoje oddaje za przyjaci\u00f3\u0142 swoich\u201d (J 15,13). On nie tylko g\u0142osi\u0142 Ewangeli\u0119, ale swoimi czynami potwierdzi\u0142, \u017ce nie na pr\u00f3\u017cno ws\u0142uchiwa\u0142 si\u0119 w s\u0142owa Chrystusa: \u201eMi\u0142ujcie waszych nieprzyjaci\u00f3\u0142 i m\u00f3dlcie si\u0119 za tych, kt\u00f3rzy was prze\u015bladuj\u0105; tak b\u0119dziecie synami Ojca waszego, kt\u00f3ry jest w niebie; poniewa\u017c On sprawia, \u017ce s\u0142o\u0144ce Jego wschodzi nad z\u0142ymi i nad dobrymi, i On zsy\u0142a deszcz na sprawiedliwych i\u00a0niesprawiedliwych\u201d (Mt 4,44-45).<\/p>\n<p>Drodzy Bracia i Siostry.<\/p>\n<p>WIERNO\u015a\u0106 jest s\u0142owem, kt\u00f3re najpe\u0142niej opisuje postaw\u0119 i dokonania b\u0142ogos\u0142awionego ks. W\u0142adys\u0142awa Miegonia. Pozosta\u0142 on wierny przyrzeczeniom z\u0142o\u017conym na r\u0119ce biskupa podczas \u015bwi\u0119ce\u0144 kap\u0142a\u0144skich.\u00a0 Dochowa\u0142 tak\u017ce wierno\u015bci przysi\u0119dze z\u0142o\u017conej na sztandar wojskowy, na kt\u00f3rym widnia\u0142y trzy, jak\u017ce wa\u017cne s\u0142owa: B\u00f3g, Honor, Ojczyzna.<\/p>\n<p>Jako kap\u0142an i duszpasterz Wojska Polskiego pozosta\u0142 wierny Bogu. U\u017cyczy\u0142 Mu swoich ust, aby g\u0142oszona by\u0142a Dobra Nowina o mi\u0142osiernym Bogu, kt\u00f3ry nie chce \u015bmierci grzesznika, ale pragnie nawr\u00f3cenia i przemiany jego serca. U\u017cyczy\u0142 Mu swoich r\u0105k, aby staj\u0105cym w prawdzie i pokorze przed Bogiem udziela\u0142 sakramentalnego rozgrzeszenia. W jego r\u0119kach chleb stawa\u0142 si\u0119 Cia\u0142em Chrystusa a\u00a0wino zamienia\u0142o si\u0119 w Jego Krew. Jego r\u0119ce nigdy si\u0119 nie m\u0119czy\u0142y, gdy b\u0142ogos\u0142awi\u0142y oraz nios\u0142y pomoc rannym i poszkodowanym na polu walki. B\u0142ogos\u0142awiony ks. Miego\u0144 podczas ciemnej nocy okupacji i obozowej gehenny, by\u0142 \u201e\u015bwiat\u0142em dla \u015bwiata\u201d i \u201esol\u0105 ziemi\u201d \u2013 ziemi, kt\u00f3ra zosta\u0142a zatruta niewol\u0105 i\u00a0okrucie\u0144stwem nieprzyjaci\u00f3\u0142. Niejednego \u017co\u0142nierza, kt\u00f3rego nie nawr\u00f3ci\u0142o s\u0142owo g\u0142oszone przez kapelana na wolno\u015bci, przekona\u0142o w warunkach obozowych \u015bwiadectwo jego \u017cycia, a ostatecznie m\u0119cze\u0144ska \u015bmier\u0107. Jego obecno\u015b\u0107 i kap\u0142a\u0144ska pos\u0142uga pomog\u0142y wielu skazanym na \u015bmier\u0107 zdoby\u0107 si\u0119 na przebaczenie wobec oprawc\u00f3w, dzi\u0119ki czemu przerwali piekielny kr\u0105g \u00a0przemocy.<\/p>\n<p>B\u0142ogos\u0142awiony Ksi\u0105dz Komandor jest tak\u017ce niedo\u015bcignionym wzorem wierno\u015bci Ojczy\u017anie. Kiedy za\u015bwita\u0142a jutrzenka wolno\u015bci, natychmiast zapragn\u0105\u0142 s\u0142u\u017cy\u0107 Polsce odrodzonej po wielu latach niewoli. On nie szuka\u0142 siebie, nie \u017cy\u0142 dla siebie i nie umiera\u0142 dla siebie! Z wielkim oddaniem i pasj\u0105 wspiera\u0142 \u017co\u0142nierzy \u2013 \u201es\u0142ugi bezpiecze\u0144stwa i pokoju\u201d. Wprawdzie nie walczy\u0142 z broni\u0105 w r\u0119ku, ale wlewa\u0142 nadziej\u0119 i dodawa\u0142 otuchy tym, kt\u00f3rzy szli do boju. \u017bo\u0142nierze widz\u0105c kapelana, kt\u00f3ry opatruje rannych i znosi ich z pola walki nabierali przekonania, \u017ce mog\u0105 na niego liczy\u0107 w ka\u017cdych okoliczno\u015bciach, \u017ce kapelan jest z nimi w dobrej i z\u0142ej doli.<\/p>\n<p>Kolejn\u0105 warto\u015bci\u0105, kt\u00f3rej ks. W\u0142adys\u0142aw zobowi\u0105za\u0142 si\u0119 strzec by\u0142 honor. I\u00a0z\u00a0tego przyrzeczenia wywi\u0105za\u0142 si\u0119 do ko\u0144ca. We wrze\u015bniu 1939 roku przekonywa\u0142 swoich \u017co\u0142nierzy, \u017ce wojna, nawet przegrana, nie jest zupe\u0142nie przegran\u0105, je\u015bli jest prowadzona po bohatersku, z przekonaniem, \u017ce wszystko nale\u017cy podporz\u0105dkowa\u0107 sprawie wolno\u015bci. Nar\u00f3d, kt\u00f3ry na to sta\u0107, nawet je\u015bli przegra bitw\u0119, mo\u017ce by\u0107 pewny, \u017ce nigdy nie zginie. Szczeg\u00f3lne promieniowanie \u015bwi\u0119to\u015bci\u0105 mia\u0142o miejsce w\u00a0jenieckiej niewoli. Do tego stopnia oddzia\u0142ywa\u0142o ono na \u017co\u0142nierzy i towarzyszy niedoli, \u017ce zachowuj\u0105c wierno\u015b\u0107 idea\u0142om i wojskowej przysi\u0119dze, nie dali si\u0119 z\u0142ama\u0107, lecz zachowali godno\u015b\u0107 w\u00a0nieludzkich warunkach obozowego \u017cycia.<\/p>\n<p>Bracia i Siostry,<\/p>\n<p>\u015awi\u0119ci s\u0105 ratunkiem dla \u015bwiata. To oni poci\u0105gaj\u0105 wielu ludzi w stron\u0119 dobra, przekonuj\u0105c, \u017ce nawet najtrudniejsze wskazania Ewangelii mo\u017cna wprowadzi\u0107 w\u00a0\u017cycie. \u201eCzy\u017c \u015bwi\u0119ci s\u0105 po to, a\u017ceby zawstydza\u0107? Tak. Mog\u0105 by\u0107 i po to. Czasem konieczny jest taki zbawczy wstyd, a\u017ceby zobaczy\u0107 cz\u0142owieka w ca\u0142ej prawdzie. Potrzebny jest, a\u017ceby odkry\u0107 lub odkry\u0107 na nowo w\u0142a\u015bciw\u0105 hierarchi\u0119 warto\u015bci\u201d \u2013 powiedzia\u0142 \u015awi\u0119ty Jan Pawe\u0142 II (Jan Pawe\u0142 II, homilia w czasie Mszy \u015bw. beatyfikacyjnej Karoliny K\u00f3zk\u00f3wny).<\/p>\n<p>Spotkanie z b\u0142ogos\u0142awionym ks. W\u0142adys\u0142awem Miegoniem jest dla nas okazj\u0105 do refleksji i rachunku sumienia, a mo\u017ce i do \u201ezawstydzenia\u201d \u2013 zar\u00f3wno nas, kapelan\u00f3w, jak i wiernych, kt\u00f3rzy razem stanowimy wsp\u00f3lnot\u0119 Ko\u015bcio\u0142a wojskowego. B\u0142ogos\u0142awiony Kapelan zaprasza nas do postawienia sobie kilku zasadniczych pyta\u0144: Czy jeste\u015bmy wierni przyrzeczeniom danym Bogu podczas chrztu, bierzmowania, sk\u0142adania przysi\u0119gi ma\u0142\u017ce\u0144skiej lub przyjmowania \u015bwi\u0119ce\u0144 kap\u0142a\u0144skich? Czy nie zdezerterowali\u015bmy z obrony swojej godno\u015bci i warto\u015bci ewangelicznych? Czy nie sprzedajemy siebie, a\u00a0mo\u017ce i swoich bliskich, za w\u0105tpliwe, doczesne korzy\u015bci?<\/p>\n<p>Drodzy Bracia i Siostry,<\/p>\n<ol start=\"75\">\n<li>rocznica \u015bmierci b\u0142. ks. kmdr. ppor. W\u0142adys\u0142awa Miegonia jest okazj\u0105, aby przypomnie\u0107, \u017ce B\u00f3g wci\u0105\u017c zaprasza nas wszystkich do \u015bwi\u0119to\u015bci. W ka\u017cdym czasie i w ka\u017cdej sytuacji jest ona mo\u017cliwa do osi\u0105gni\u0119cia pod warunkiem wierno\u015bci Bogu i\u00a0Ko\u015bcio\u0142owi, Ojczy\u017anie i ka\u017cdemu cz\u0142owiekowi, nawet za cen\u0119 odrzucenia, prze\u015bladowania i m\u0119cze\u0144stwa.<\/li>\n<\/ol>\n<p>B\u0142ogos\u0142awiony Ksi\u0119\u017ce W\u0142adys\u0142awie! Tobie polecamy \u017co\u0142nierzy pe\u0142ni\u0105cych s\u0142u\u017cb\u0119 w kraju i poza jego granicami. Ciebie prosimy o \u015bwi\u0119to\u015b\u0107 wojskowych rodzin. Wypraszaj dla nich cnot\u0119 wierno\u015bci oraz dojrza\u0142ej i odpowiedzialnej mi\u0142o\u015bci.<\/p>\n<p>Wzorze kapelan\u00f3w! M\u00f3dl si\u0119 za nami!<\/p>\n<p>&nbsp;<\/p>\n<p>Z pasterskim b\u0142ogos\u0142awie\u0144stwem<\/p>\n<p>+ J\u00f3zef Guzdek<br \/>\nbiskup polowy Wojska Polskiego<\/p>\n<p>Warszawa, 15 pa\u017adziernika 2017 r.<br \/>\nw 75. rocznic\u0119 \u015bmierci b\u0142. ks. kmdr. ppor. W\u0142adys\u0142awa Miegonia<\/p>\n","protected":false},"excerpt":{"rendered":"<p>List biskupa polowego Wojska Polskiego J\u00f3zefa Guzdka z okazji 75.\u00a0rocznicy \u015bmierci b\u0142ogos\u0142awionego ks. kmdr. ppor. W\u0142adys\u0142awa Miegonia \u201e\u015awi\u0119tymi b\u0105d\u017acie, bo Ja jestem \u015bwi\u0119ty\u201d (Kp\u0142 11,44). To wezwanie Chrystus kieruje do ka\u017cdego z nas, wszak w ka\u017cdym czasie i w ka\u017cdym miejscu B\u00f3g zaprasza cz\u0142owieka do grona \u015bwi\u0119tych. Ks. kmdr W\u0142adys\u0142aw Miego\u0144 przyj\u0105\u0142 to zaproszenie, spe\u0142ni\u0142 wszystkie warunki, aby znale\u017a\u0107 si\u0119 po\u015br\u00f3d tych, kt\u00f3rych B\u00f3g zaprosi\u0142 do sto\u0142u, na swoj\u0105 uczt\u0119 w Kr\u00f3lestwie niebieskim, przyoblek\u0142szy ich w\u00a0godow\u0105 szat\u0119 \u0142aski i \u015bwi\u0119to\u015bci. W\u0142adys\u0142aw Miego\u0144 urodzi\u0142 si\u0119 30 wrze\u015bnia 1892 roku w Samborcu, na ziemi sandomierskiej, jako najstarszy z o\u015bmiorga dzieci Stanis\u0142awa i\u00a0Marianny z domu Rewiera. Ju\u017c na drugi dzie\u0144 po przyj\u015bciu na \u015bwiat zosta\u0142 w\u0142\u0105czony do wsp\u00f3lnoty Ko\u015bcio\u0142a przez chrzest \u015bwi\u0119ty. Po uko\u0144czeniu gimnazjum wst\u0105pi\u0142 do sandomierskiego seminarium duchownego. \u015awi\u0119cenia kap\u0142a\u0144skie przyj\u0105\u0142 2 lutego 1915 roku z r\u0105k biskupa sandomierskiego Mariana Ryxa. Wtedy z\u0142o\u017cy\u0142 przysi\u0119g\u0119 na wierno\u015b\u0107 Bogu i Ko\u015bcio\u0142owi. W\u00a0trudnych latach&hellip;<\/p>\n<p> <a class=\"more-link\" href=\"http:\/\/www.franciszek-walcz.pl\/?p=1198\">Czytaj dalej<\/a><\/p>\n","protected":false},"author":1,"featured_media":0,"comment_status":"open","ping_status":"open","sticky":false,"template":"","format":"standard","meta":{"footnotes":""},"categories":[4],"tags":[],"class_list":{"0":"post-1198","1":"post","2":"type-post","3":"status-publish","4":"format-standard","6":"category-ogloszenia"},"brizy_media":[],"_links":{"self":[{"href":"http:\/\/www.franciszek-walcz.pl\/index.php?rest_route=\/wp\/v2\/posts\/1198","targetHints":{"allow":["GET"]}}],"collection":[{"href":"http:\/\/www.franciszek-walcz.pl\/index.php?rest_route=\/wp\/v2\/posts"}],"about":[{"href":"http:\/\/www.franciszek-walcz.pl\/index.php?rest_route=\/wp\/v2\/types\/post"}],"author":[{"embeddable":true,"href":"http:\/\/www.franciszek-walcz.pl\/index.php?rest_route=\/wp\/v2\/users\/1"}],"replies":[{"embeddable":true,"href":"http:\/\/www.franciszek-walcz.pl\/index.php?rest_route=%2Fwp%2Fv2%2Fcomments&post=1198"}],"version-history":[{"count":1,"href":"http:\/\/www.franciszek-walcz.pl\/index.php?rest_route=\/wp\/v2\/posts\/1198\/revisions"}],"predecessor-version":[{"id":1199,"href":"http:\/\/www.franciszek-walcz.pl\/index.php?rest_route=\/wp\/v2\/posts\/1198\/revisions\/1199"}],"wp:attachment":[{"href":"http:\/\/www.franciszek-walcz.pl\/index.php?rest_route=%2Fwp%2Fv2%2Fmedia&parent=1198"}],"wp:term":[{"taxonomy":"category","embeddable":true,"href":"http:\/\/www.franciszek-walcz.pl\/index.php?rest_route=%2Fwp%2Fv2%2Fcategories&post=1198"},{"taxonomy":"post_tag","embeddable":true,"href":"http:\/\/www.franciszek-walcz.pl\/index.php?rest_route=%2Fwp%2Fv2%2Ftags&post=1198"}],"curies":[{"name":"wp","href":"https:\/\/api.w.org\/{rel}","templated":true}]}}