{"id":12282,"date":"2020-11-21T13:03:38","date_gmt":"2020-11-21T12:03:38","guid":{"rendered":"http:\/\/www.franciszek-walcz.pl\/?p=12282"},"modified":"2020-11-21T13:03:46","modified_gmt":"2020-11-21T12:03:46","slug":"uroczystosc-chrystusa-krola-wszechswiata","status":"publish","type":"post","link":"http:\/\/www.franciszek-walcz.pl\/?p=12282","title":{"rendered":"Uroczysto\u015b\u0107 Chrystusa Kr\u00f3la Wszech\u015bwiata"},"content":{"rendered":"<p>Co roku, w ostatni\u0105\u00a0 niedziel\u0119 roku liturgicznego, zanim rozpoczniemy Adwent obchodzimy Uroczysto\u015b\u0107 Chrystusa Kr\u00f3la Wszech\u015bwiata. To \u015bredniowieczne \u015bwi\u0119to u\u017cywa na okre\u015blenie Chrystusa s\u0142owa kr\u00f3l, dla podkre\u015blenia Jego roli i znaczenia. Dzisiaj w czasach prezydent\u00f3w i premier\u00f3w metafora ta jest trudniejsza do zrozumienia.<\/p>\n<p>W Ko\u015bciele Bizantyjskim -szczeg\u00f3lnie w ikonografii- Chrystus przedstawiany jest raczej jako Pantokrator, w\u0142adca i suweren. Chrystus jest w\u0142adc\u0105 i suwerenem, bo do Niego nale\u017cy ca\u0142e stworzenie i Jemu B\u00f3g Ojciec odda\u0142 w\u0142adz\u0119 nad wszystkim, co istnieje.<\/p>\n<p>W rzeczywisto\u015bci kr\u00f3lestwo, kt\u00f3re Chrystus g\u0142osi to Kr\u00f3lestwo Jego Ojca w niebie. W modlitwie \u201eOjcze nasz\u201d prosimy: \u201eprzyjd\u017a kr\u00f3lestwo Twoje\u201d. Modlimy si\u0119 wiec pouczeni przez Jezusa o przyj\u015bcie Jego Kr\u00f3lestwa. Chrystusowi B\u00f3g Ojciec da\u0142 w\u0142adz\u0119 nad ca\u0142ym stworzeniem i do Niego przyjd\u0105 wszystkie narody i oddadz\u0105 Mu pok\u0142on (Mt 25,32). Jest to jednak kr\u00f3lestwo nie z tego \u015bwiata (J 18,36), kr\u00f3lestwo prawdy, sprawiedliwo\u015bci, mi\u0142o\u015bci i pokoju. To jest w\u0142a\u015bnie kr\u00f3lestwo, o kt\u00f3rego przyj\u015bcie modlimy si\u0119 w naszej codziennej modlitwie, kr\u00f3lestwo Chrystusa Zbawiciela, do kt\u00f3rego zaprasza On wszystkich tych, kt\u00f3rzy umiej\u0105 przebacza\u0107 i tych, kt\u00f3rzy potrafi\u0105 si\u0119 przyzna\u0107 do b\u0142\u0119d\u00f3w i o przebaczenie prosz\u0105, jak jeden ze z\u0142oczy\u0144c\u00f3w w dzisiejszej Ewangelii.<\/p>\n<p>Niestety niewielu rozumie nauczanie Chrystusa w tym wzgl\u0119dzie. Nawet Aposto\u0142owie opacznie to zrozumieli, kiedy Matka Jakuba i Jana prosi\u0142a Chrystusa o specjalne, uprzywilejowane miejsca. Tam wchodz\u0105 nie ci, kt\u00f3rzy szukaj\u0105 w\u0142adzy, ale ufne dzieci, niezaradni biedacy, ubodzy duchem, \u0142akn\u0105cy sprawiedliwo\u015bci, \u017ca\u0142uj\u0105cy grzesznicy i ci, kt\u00f3rych serce jest czyste. Jest to bowiem Kr\u00f3lestwo Chrystusa: \u201ebo w Nim zosta\u0142o wszystko stworzone: i to, co w niebiosach, i to, co na ziemi, byty widzialne i niewidzialne, czy Trony, czy Panowania, czy Zwierzchno\u015bci, czy W\u0142adze. Wszystko przez Niego i dla Niego zosta\u0142o stworzone.\u201d &#8211; jak m\u00f3wi \u015bw. Pawe\u0142 w dzisiejszym li\u015bcie do Kolosan.<\/p>\n<p>Kr\u00f3lestwo to jest bowiem Nowym Stworzeniem, nowym niebem i now\u0105 ziemi\u0105. Jest odtworzeniem pierwotnej doskona\u0142o\u015bci i \u015bwi\u0119to\u015bci stworzenia. A dokona\u0142o si\u0119 to przez ofiar\u0119 krzy\u017cow\u0105 Kr\u00f3la Wszech\u015bwiata. Chrystus jest Kr\u00f3lem Wszech\u015bwiata, bo dla zbawienia \u015bwiata da\u0142 si\u0119 ukrzy\u017cowa\u0107.<\/p>\n<p>Do kr\u00f3lestwa tego droga wiedzie przez Kalwari\u0119 i krzy\u017c, a nie przez salony, wybory i polityczne rozgrywki. Warto w t\u0119 uroczysto\u015b\u0107 nad tym pomy\u015ble\u0107. Warto zastanowi\u0107 si\u0119 czy i ja tam wejd\u0119, czy mo\u017ce w z\u0142ym kierunku pod\u0105\u017cam i nie tego kr\u00f3lestwa w swoim \u017cyciu szukam i pragn\u0119?<\/p>\n","protected":false},"excerpt":{"rendered":"<p>Co roku, w ostatni\u0105\u00a0 niedziel\u0119 roku liturgicznego, zanim rozpoczniemy Adwent obchodzimy Uroczysto\u015b\u0107 Chrystusa Kr\u00f3la Wszech\u015bwiata. To \u015bredniowieczne \u015bwi\u0119to u\u017cywa na okre\u015blenie Chrystusa s\u0142owa kr\u00f3l, dla podkre\u015blenia Jego roli i znaczenia. Dzisiaj w czasach prezydent\u00f3w i premier\u00f3w metafora ta jest trudniejsza do zrozumienia. W Ko\u015bciele Bizantyjskim -szczeg\u00f3lnie w ikonografii- Chrystus przedstawiany jest raczej jako Pantokrator, w\u0142adca i suweren. Chrystus jest w\u0142adc\u0105 i suwerenem, bo do Niego nale\u017cy ca\u0142e stworzenie i Jemu B\u00f3g Ojciec odda\u0142 w\u0142adz\u0119 nad wszystkim, co istnieje. W rzeczywisto\u015bci kr\u00f3lestwo, kt\u00f3re Chrystus g\u0142osi to Kr\u00f3lestwo Jego Ojca w niebie. W modlitwie \u201eOjcze nasz\u201d prosimy: \u201eprzyjd\u017a kr\u00f3lestwo Twoje\u201d. Modlimy si\u0119 wiec pouczeni przez Jezusa o przyj\u015bcie Jego Kr\u00f3lestwa. Chrystusowi B\u00f3g Ojciec da\u0142 w\u0142adz\u0119 nad ca\u0142ym stworzeniem i do Niego przyjd\u0105 wszystkie narody i oddadz\u0105 Mu pok\u0142on (Mt 25,32). Jest to jednak kr\u00f3lestwo nie z tego \u015bwiata (J 18,36), kr\u00f3lestwo prawdy, sprawiedliwo\u015bci, mi\u0142o\u015bci i pokoju. To jest w\u0142a\u015bnie kr\u00f3lestwo, o kt\u00f3rego&hellip;<\/p>\n<p> <a class=\"more-link\" href=\"http:\/\/www.franciszek-walcz.pl\/?p=12282\">Czytaj dalej<\/a><\/p>\n","protected":false},"author":1,"featured_media":0,"comment_status":"closed","ping_status":"open","sticky":false,"template":"","format":"standard","meta":{"footnotes":""},"categories":[1],"tags":[],"class_list":{"0":"post-12282","1":"post","2":"type-post","3":"status-publish","4":"format-standard","6":"category-uncategorized"},"brizy_media":[],"_links":{"self":[{"href":"http:\/\/www.franciszek-walcz.pl\/index.php?rest_route=\/wp\/v2\/posts\/12282","targetHints":{"allow":["GET"]}}],"collection":[{"href":"http:\/\/www.franciszek-walcz.pl\/index.php?rest_route=\/wp\/v2\/posts"}],"about":[{"href":"http:\/\/www.franciszek-walcz.pl\/index.php?rest_route=\/wp\/v2\/types\/post"}],"author":[{"embeddable":true,"href":"http:\/\/www.franciszek-walcz.pl\/index.php?rest_route=\/wp\/v2\/users\/1"}],"replies":[{"embeddable":true,"href":"http:\/\/www.franciszek-walcz.pl\/index.php?rest_route=%2Fwp%2Fv2%2Fcomments&post=12282"}],"version-history":[{"count":1,"href":"http:\/\/www.franciszek-walcz.pl\/index.php?rest_route=\/wp\/v2\/posts\/12282\/revisions"}],"predecessor-version":[{"id":12283,"href":"http:\/\/www.franciszek-walcz.pl\/index.php?rest_route=\/wp\/v2\/posts\/12282\/revisions\/12283"}],"wp:attachment":[{"href":"http:\/\/www.franciszek-walcz.pl\/index.php?rest_route=%2Fwp%2Fv2%2Fmedia&parent=12282"}],"wp:term":[{"taxonomy":"category","embeddable":true,"href":"http:\/\/www.franciszek-walcz.pl\/index.php?rest_route=%2Fwp%2Fv2%2Fcategories&post=12282"},{"taxonomy":"post_tag","embeddable":true,"href":"http:\/\/www.franciszek-walcz.pl\/index.php?rest_route=%2Fwp%2Fv2%2Ftags&post=12282"}],"curies":[{"name":"wp","href":"https:\/\/api.w.org\/{rel}","templated":true}]}}