{"id":12376,"date":"2020-11-28T14:40:50","date_gmt":"2020-11-28T13:40:50","guid":{"rendered":"http:\/\/www.franciszek-walcz.pl\/?p=12376"},"modified":"2020-11-28T14:42:48","modified_gmt":"2020-11-28T13:42:48","slug":"czuwajcie-aby-pan-nie-zastal-was-spiacych-2","status":"publish","type":"post","link":"http:\/\/www.franciszek-walcz.pl\/?p=12376","title":{"rendered":"Czuwajcie, aby Pan nie zasta\u0142 was \u015bpi\u0105cych &#8230;"},"content":{"rendered":"<p>Kolejny Adwent w moim \u017cyciu, kolejna dana mi szansa na to, abym w ko\u0144cu dostrzeg\u0142 co naprawd\u0119 si\u0119 liczy, co naprawd\u0119 jest najwa\u017cniejsze? B\u00f3g po raz kolejny wychodzi naprzeciw cz\u0142owiekowi i szuka go z trosk\u0105. Znowu pozwala si\u0119 ujrze\u0107 i zbli\u017cy\u0107, a jedynie ode mnie samego zale\u017cy, czy Jego wysi\u0142ki b\u0119d\u0119 uwie\u0144czone sukcesem, czy po raz kolejny zmarnuj\u0119 dan\u0105 mi szans\u0119? Adwent to nie tylko czas oczekiwania na Bo\u017ce Narodzenie, ale to przede wszystkim czas przygotowania na przyj\u015bcie Boga-Cz\u0142owieka, na spotkanie go w moim \u017cyciu. A mo\u017ce warto by by\u0142o obudzi\u0107 si\u0119 z letargu i u\u015bpienia? A mo\u017ce warto by by\u0142o zrobi\u0107 rachunek sumienia i zobaczy\u0107, jak to naprawd\u0119 jest z tym moim \u017cycie pe\u0142nym samozadowolenia i faryzejskiego uznawania si\u0119 za lepszego od innych, a jednocze\u015bnie pe\u0142nym kant\u00f3w, szwindli i nieuczciwo\u015bci? A mo\u017ce trzeba by by\u0142o poprosi\u0107: &#8222;Oby\u015b rozdar\u0142 niebiosa i zst\u0105pi\u0142&#8221;? A mo\u017ce warto w ko\u0144cu wyprostowa\u0107 swoje \u015bcie\u017cki \u017cyciowe i wyr\u00f3wna\u0107 drogi?<\/p>\n<p>Sklepy pe\u0142ne s\u0105 ju\u017c \u015bwi\u0105tecznych i miko\u0142ajkowych prezent\u00f3w, poma\u0142u rozpoczyna si\u0119 szale\u0144stwo przed\u015bwi\u0105tecznych zakup\u00f3w. I szkoda, \u017ceby znowu te cztery tygodnie Adwentu uton\u0119\u0142o w przed\u015bwi\u0105tecznej szamotaninie i drugorz\u0119dnych przygotowaniach. B\u0119d\u0105 przecie\u017c -w niejednej parafii- adwentowe rekolekcje, b\u0119d\u0105 Msze \u015bw. Roratnie, b\u0119d\u0105 okazje do spowiedzi i do rzetelnego przygotowania si\u0119 do prawdziwego Bo\u017cego Narodzenia, a ja &#8230; czy\u017cbym znowu mia\u0142 to przespa\u0107 lub -okazj\u0119 do spotkania Boga- zaprzepa\u015bci\u0107 w szale\u0144stwie miko\u0142ajkowych i gwiazdkowych zakup\u00f3w? I czy moim dzieciom z ca\u0142ych \u015bwi\u0105t ma pozosta\u0107 jedynie bardziej lub mniej tandetny prezencik pod choink\u0105?<\/p>\n<p>Panie, obym si\u0119 przygotowa\u0142 na dzie\u0144 Twego przyj\u015bcia nie tylko zewn\u0119trznie.<\/p>\n","protected":false},"excerpt":{"rendered":"<p>Kolejny Adwent w moim \u017cyciu, kolejna dana mi szansa na to, abym w ko\u0144cu dostrzeg\u0142 co naprawd\u0119 si\u0119 liczy, co naprawd\u0119 jest najwa\u017cniejsze? B\u00f3g po raz kolejny wychodzi naprzeciw cz\u0142owiekowi i szuka go z trosk\u0105. Znowu pozwala si\u0119 ujrze\u0107 i zbli\u017cy\u0107, a jedynie ode mnie samego zale\u017cy, czy Jego wysi\u0142ki b\u0119d\u0119 uwie\u0144czone sukcesem, czy po raz kolejny zmarnuj\u0119 dan\u0105 mi szans\u0119? Adwent to nie tylko czas oczekiwania na Bo\u017ce Narodzenie, ale to przede wszystkim czas przygotowania na przyj\u015bcie Boga-Cz\u0142owieka, na spotkanie go w moim \u017cyciu. A mo\u017ce warto by by\u0142o obudzi\u0107 si\u0119 z letargu i u\u015bpienia? A mo\u017ce warto by by\u0142o zrobi\u0107 rachunek sumienia i zobaczy\u0107, jak to naprawd\u0119 jest z tym moim \u017cycie pe\u0142nym samozadowolenia i faryzejskiego uznawania si\u0119 za lepszego od innych, a jednocze\u015bnie pe\u0142nym kant\u00f3w, szwindli i nieuczciwo\u015bci? A mo\u017ce trzeba by by\u0142o poprosi\u0107: &#8222;Oby\u015b rozdar\u0142 niebiosa i zst\u0105pi\u0142&#8221;? A mo\u017ce warto w ko\u0144cu wyprostowa\u0107 swoje \u015bcie\u017cki&hellip;<\/p>\n<p> <a class=\"more-link\" href=\"http:\/\/www.franciszek-walcz.pl\/?p=12376\">Czytaj dalej<\/a><\/p>\n","protected":false},"author":1,"featured_media":0,"comment_status":"closed","ping_status":"open","sticky":false,"template":"","format":"standard","meta":{"footnotes":""},"categories":[1],"tags":[],"class_list":{"0":"post-12376","1":"post","2":"type-post","3":"status-publish","4":"format-standard","6":"category-uncategorized"},"brizy_media":[],"_links":{"self":[{"href":"http:\/\/www.franciszek-walcz.pl\/index.php?rest_route=\/wp\/v2\/posts\/12376","targetHints":{"allow":["GET"]}}],"collection":[{"href":"http:\/\/www.franciszek-walcz.pl\/index.php?rest_route=\/wp\/v2\/posts"}],"about":[{"href":"http:\/\/www.franciszek-walcz.pl\/index.php?rest_route=\/wp\/v2\/types\/post"}],"author":[{"embeddable":true,"href":"http:\/\/www.franciszek-walcz.pl\/index.php?rest_route=\/wp\/v2\/users\/1"}],"replies":[{"embeddable":true,"href":"http:\/\/www.franciszek-walcz.pl\/index.php?rest_route=%2Fwp%2Fv2%2Fcomments&post=12376"}],"version-history":[{"count":1,"href":"http:\/\/www.franciszek-walcz.pl\/index.php?rest_route=\/wp\/v2\/posts\/12376\/revisions"}],"predecessor-version":[{"id":12377,"href":"http:\/\/www.franciszek-walcz.pl\/index.php?rest_route=\/wp\/v2\/posts\/12376\/revisions\/12377"}],"wp:attachment":[{"href":"http:\/\/www.franciszek-walcz.pl\/index.php?rest_route=%2Fwp%2Fv2%2Fmedia&parent=12376"}],"wp:term":[{"taxonomy":"category","embeddable":true,"href":"http:\/\/www.franciszek-walcz.pl\/index.php?rest_route=%2Fwp%2Fv2%2Fcategories&post=12376"},{"taxonomy":"post_tag","embeddable":true,"href":"http:\/\/www.franciszek-walcz.pl\/index.php?rest_route=%2Fwp%2Fv2%2Ftags&post=12376"}],"curies":[{"name":"wp","href":"https:\/\/api.w.org\/{rel}","templated":true}]}}