{"id":12539,"date":"2020-12-05T13:39:55","date_gmt":"2020-12-05T12:39:55","guid":{"rendered":"http:\/\/www.franciszek-walcz.pl\/?p=12539"},"modified":"2020-12-05T13:39:55","modified_gmt":"2020-12-05T12:39:55","slug":"6-grudnia-dzien-modlitwy-i-pomocy-materialnej-kosciolowi-na-wschodzie","status":"publish","type":"post","link":"http:\/\/www.franciszek-walcz.pl\/?p=12539","title":{"rendered":"6 grudnia Dzie\u0144 Modlitwy i Pomocy Materialnej Ko\u015bcio\u0142owi na Wschodzie"},"content":{"rendered":"<p><strong>W II niedziel\u0119 Adwentu, 6 grudnia, obchodzimy po raz 21. Dzie\u0144 Modlitwy i Pomocy Materialnej Ko\u015bcio\u0142owi na Wschodzie.<\/strong><\/p>\n<p>\u201eTego dnia staramy si\u0119 zbiera\u0107 fundusze, by wesprze\u0107 Ko\u015bci\u00f3\u0142 katolicki za wschodni\u0105 granic\u0105. Jest to tzw. sk\u0142adka do puszek. Mam nadziej\u0119, \u017ce i w tym roku uda nam si\u0119, dzi\u0119ki tej zbi\u00f3rce, zrealizowa\u0107 kilka projekt\u00f3w, kt\u00f3re nap\u0142ywaj\u0105 do nas zza wschodniej granicy\u201d \u2013 powiedzia\u0142 ks. Leszek Kry\u017ca, dyrektor Zespo\u0142u Pomocy Ko\u015bcio\u0142owi na Wschodzie. Ks. Kry\u017ca poinformowa\u0142, \u017ce w 2020 roku uda\u0142o si\u0119 zrealizowa\u0107 prawie 300 projekt\u00f3w, nades\u0142anych z r\u00f3\u017cnych stron by\u0142ego Zwi\u0105zku Radzieckiego i dotycz\u0105cych wielu dziedzin \u017cycia. \u201eS\u0105 takie dotycz\u0105ce spraw remontowo-budowlanych, ale i takie, kt\u00f3re dotycz\u0105 formacji drugiego cz\u0142owieka, szczeg\u00f3lnie m\u0142odych ludzi i dzieci. Chodzi tak\u017ce o pomoc charytatywn\u0105, szczeg\u00f3lnie domy samotnej matki czy domy starc\u00f3w, gdzie spor\u0105 cz\u0119\u015b\u0107 tych ludzi stanowi\u0105 osoby polskiego pochodzenia, wi\u0119c jest to dodatkowe zobowi\u0105zanie, kt\u00f3ra na nas ci\u0105\u017cy\u201d \u2013 podkre\u015bli\u0142 ks. Kry\u017ca. \u201ePrze\u017cywany w Polsce i na plac\u00f3wkach polonijnych Dzie\u0144 Modlitwy i Pomocy Materialnej Ko\u015bcio\u0142owi na Wschodzie tam, za wschodni\u0105 granic\u0105, jest dniem wdzi\u0119czno\u015bci za tych, kt\u00f3rzy pomagaj\u0105 duchowo i materialnie\u201d \u2013 napisa\u0142 w Apelu na XXI Dzie\u0144 modlitwy i pomocy materialnej Ko\u015bcio\u0142owi na Wschodzie przewodnicz\u0105cy Zespo\u0142u Pomocy Ko\u015bcio\u0142owi na Wschodzie bp Antoni Pacyfik Dydycz.<\/p>\n<p>Aktualnie Ko\u015bcio\u0142owi za wschodni\u0105 granic\u0105 s\u0142u\u017cy 198 kap\u0142an\u00f3w diecezjalnych, 387 kap\u0142an\u00f3w zakonnych, 320 si\u00f3str zakonnych i 40 braci zakonnych z Polski oraz osoby \u015bwieckie. W roku 2020 (do 20.11) zosta\u0142o zrealizowanych 240 pr\u00f3\u015bb, na kwot\u0119 2 294 492 z\u0142, z czego najwi\u0119cej trafi\u0142o na Ukrain\u0119 i Bia\u0142oru\u015b. Na powy\u017csz\u0105 kwot\u0119 sk\u0142adaj\u0105 si\u0119 m.in: dotacje na budow\u0119 nowych \u015bwi\u0105ty\u0144, odbudow\u0119 oraz renowacj\u0119 ko\u015bcio\u0142\u00f3w, plebanii i sal katechetycznych; wakacyjny wypoczynek po\u0142\u0105czony z formacj\u0105 dla dzieci i m\u0142odzie\u017cy, \u015bwietlice i przedszkola, domy dziecka; domy seniora, domy samotnej matki, pomoc potrzebuj\u0105cym, sto\u0142\u00f3wki i kuchnie prowadzone przez siostry i braci zakonnych s\u0142u\u017c\u0105ce do\u017cywianiu dzieci, starszych i najbiedniejszych oraz stypendia dla student\u00f3w ze Wschodu. Zesp\u00f3\u0142 \u015bwiadczy te\u017c nieustannie pomoc liturgiczn\u0105 dla Ko\u015bcio\u0142a katolickiego na Wschodzie poprzez zakup dla konkretnych parafii parament\u00f3w liturgicznych, nag\u0142o\u015bnie\u0144 do kaplic i \u015bwi\u0105ty\u0144, ksi\u0105g liturgicznych, a tak\u017ce modlitewnik\u00f3w i \u015bpiewnik\u00f3w oraz wszelkiego rodzaju pomocy katechetycznych.&#8221;<\/p>\n","protected":false},"excerpt":{"rendered":"<p>W II niedziel\u0119 Adwentu, 6 grudnia, obchodzimy po raz 21. Dzie\u0144 Modlitwy i Pomocy Materialnej Ko\u015bcio\u0142owi na Wschodzie. \u201eTego dnia staramy si\u0119 zbiera\u0107 fundusze, by wesprze\u0107 Ko\u015bci\u00f3\u0142 katolicki za wschodni\u0105 granic\u0105. Jest to tzw. sk\u0142adka do puszek. Mam nadziej\u0119, \u017ce i w tym roku uda nam si\u0119, dzi\u0119ki tej zbi\u00f3rce, zrealizowa\u0107 kilka projekt\u00f3w, kt\u00f3re nap\u0142ywaj\u0105 do nas zza wschodniej granicy\u201d \u2013 powiedzia\u0142 ks. Leszek Kry\u017ca, dyrektor Zespo\u0142u Pomocy Ko\u015bcio\u0142owi na Wschodzie. Ks. Kry\u017ca poinformowa\u0142, \u017ce w 2020 roku uda\u0142o si\u0119 zrealizowa\u0107 prawie 300 projekt\u00f3w, nades\u0142anych z r\u00f3\u017cnych stron by\u0142ego Zwi\u0105zku Radzieckiego i dotycz\u0105cych wielu dziedzin \u017cycia. \u201eS\u0105 takie dotycz\u0105ce spraw remontowo-budowlanych, ale i takie, kt\u00f3re dotycz\u0105 formacji drugiego cz\u0142owieka, szczeg\u00f3lnie m\u0142odych ludzi i dzieci. Chodzi tak\u017ce o pomoc charytatywn\u0105, szczeg\u00f3lnie domy samotnej matki czy domy starc\u00f3w, gdzie spor\u0105 cz\u0119\u015b\u0107 tych ludzi stanowi\u0105 osoby polskiego pochodzenia, wi\u0119c jest to dodatkowe zobowi\u0105zanie, kt\u00f3ra na nas ci\u0105\u017cy\u201d \u2013 podkre\u015bli\u0142 ks. Kry\u017ca. \u201ePrze\u017cywany w&hellip;<\/p>\n<p> <a class=\"more-link\" href=\"http:\/\/www.franciszek-walcz.pl\/?p=12539\">Czytaj dalej<\/a><\/p>\n","protected":false},"author":1,"featured_media":0,"comment_status":"closed","ping_status":"open","sticky":false,"template":"","format":"standard","meta":{"footnotes":""},"categories":[1],"tags":[],"class_list":{"0":"post-12539","1":"post","2":"type-post","3":"status-publish","4":"format-standard","6":"category-uncategorized"},"brizy_media":[],"_links":{"self":[{"href":"http:\/\/www.franciszek-walcz.pl\/index.php?rest_route=\/wp\/v2\/posts\/12539","targetHints":{"allow":["GET"]}}],"collection":[{"href":"http:\/\/www.franciszek-walcz.pl\/index.php?rest_route=\/wp\/v2\/posts"}],"about":[{"href":"http:\/\/www.franciszek-walcz.pl\/index.php?rest_route=\/wp\/v2\/types\/post"}],"author":[{"embeddable":true,"href":"http:\/\/www.franciszek-walcz.pl\/index.php?rest_route=\/wp\/v2\/users\/1"}],"replies":[{"embeddable":true,"href":"http:\/\/www.franciszek-walcz.pl\/index.php?rest_route=%2Fwp%2Fv2%2Fcomments&post=12539"}],"version-history":[{"count":1,"href":"http:\/\/www.franciszek-walcz.pl\/index.php?rest_route=\/wp\/v2\/posts\/12539\/revisions"}],"predecessor-version":[{"id":12540,"href":"http:\/\/www.franciszek-walcz.pl\/index.php?rest_route=\/wp\/v2\/posts\/12539\/revisions\/12540"}],"wp:attachment":[{"href":"http:\/\/www.franciszek-walcz.pl\/index.php?rest_route=%2Fwp%2Fv2%2Fmedia&parent=12539"}],"wp:term":[{"taxonomy":"category","embeddable":true,"href":"http:\/\/www.franciszek-walcz.pl\/index.php?rest_route=%2Fwp%2Fv2%2Fcategories&post=12539"},{"taxonomy":"post_tag","embeddable":true,"href":"http:\/\/www.franciszek-walcz.pl\/index.php?rest_route=%2Fwp%2Fv2%2Ftags&post=12539"}],"curies":[{"name":"wp","href":"https:\/\/api.w.org\/{rel}","templated":true}]}}