{"id":12562,"date":"2020-12-05T13:53:39","date_gmt":"2020-12-05T12:53:39","guid":{"rendered":"http:\/\/www.franciszek-walcz.pl\/?p=12562"},"modified":"2020-12-05T13:53:50","modified_gmt":"2020-12-05T12:53:50","slug":"przygotujmy-droge-panu-2","status":"publish","type":"post","link":"http:\/\/www.franciszek-walcz.pl\/?p=12562","title":{"rendered":"Przygotujmy drog\u0119 Panu &#8230;"},"content":{"rendered":"<p>Ka\u017cde czasy i ka\u017cda spo\u0142eczno\u015b\u0107 ma swojego Jana Chrzciciela &#8211; o kt\u00f3rym sam Jezus powiedzia\u0142, \u017ce jest najwi\u0119kszym z prorok\u00f3w. Jan nie przebiera\u0142 w s\u0142owach i nie by\u0142 u\u0142adzonym dyplomat\u0105, a nam tak to bardzo nie na r\u0119k\u0119 i tak \u201epod w\u0142os\u201d te janowe s\u0142owa i janowe napominanie.<\/p>\n<p>Takie postacie to zazwyczaj ludzie, kt\u00f3rych nie lubimy, bo pokazuj\u0105 nam jacy naprawd\u0119 jeste\u015bmy, bo demaskuj\u0105 nasze s\u0142abo\u015bci i obna\u017caj\u0105 nasze prawdziwe -nie zawsze najpi\u0119kniejsze- twarze. Tacy ludzie, jak Jan Chrzciciel, maj\u0105 odwag\u0119 nazywa\u0107 grzech &#8211; grzechem, \u015bwi\u0144stwo &#8211; \u015bwi\u0144stwem, kant &#8211; kantem. To s\u0105 ludzie, kt\u00f3rzy z Bo\u017cego pos\u0142ania s\u0105 prorokami przygotowuj\u0105cymi drog\u0119 Panu. Niew\u0105tpliwie najwi\u0119kszym prorokiem naszych czas\u00f3w by\u0142 Papie\u017c Jan Pawe\u0142 II, ale te\u017c i Papie\u017c Benedykt XVI. Tylko kto chcia\u0142 ich s\u0142ucha\u0107? I nie warto nawet wspomina\u0107 innych kraj\u00f3w i narod\u00f3w, skoro nasz w\u0142asny przyjmowa\u0142 ich z pomp\u0105 w czasie kolejnych pielgrzymek i &#8230; w wi\u0119kszo\u015bci lekcewa\u017cy\u0142 sobie ich s\u0142owa. Dziki kapitalizm, prywata, z\u0142odziejstwo, pija\u0144stwo, zoboj\u0119tnienie na krzywd\u0119 i bied\u0119 innych, rozwi\u0105z\u0142o\u015b\u0107 moralna, zabijanie nienarodzonych, lenistwo, arogancja, bylejako\u015b\u0107, nieuczciwo\u015b\u0107, egoizm, znieczulica, albo zwyk\u0142e chamstwo &#8230; i mo\u017cna by tak jeszcze d\u0142ugo wylicza\u0107. My nawet czasami przychodzimy -z patosem- do prorok\u00f3w naszych czas\u00f3w i t\u0142umnie uczestniczymy w pielgrzymkach, ale ich nie s\u0142uchamy, a nawet s\u0142uchaj\u0105c nie s\u0142yszymy, tego co naprawd\u0119 do nas m\u00f3wi\u0105, albo -po faryzejsku i z hipokryzj\u0105- odnosimy to do innych. A przecie\u017c nawet ma\u0142y rachunek w\u0142asnego sumienia poka\u017ce nam nasze prawdziwe i &#8222;nie umalowane&#8221; oblicze. Adwent to czas przygotowania na przyj\u015bcie Pana, ale te\u017c czas porz\u0105dk\u00f3w &#8230; we w\u0142asnym sumieniu i na w\u0142asnym podw\u00f3rku.<\/p>\n<p>Ka\u017cde czasy i ka\u017cda spo\u0142eczno\u015b\u0107 ma swego Jana Chrzciciela &#8211; tylko czy my ich s\u0142uchamy?<\/p>\n","protected":false},"excerpt":{"rendered":"<p>Ka\u017cde czasy i ka\u017cda spo\u0142eczno\u015b\u0107 ma swojego Jana Chrzciciela &#8211; o kt\u00f3rym sam Jezus powiedzia\u0142, \u017ce jest najwi\u0119kszym z prorok\u00f3w. Jan nie przebiera\u0142 w s\u0142owach i nie by\u0142 u\u0142adzonym dyplomat\u0105, a nam tak to bardzo nie na r\u0119k\u0119 i tak \u201epod w\u0142os\u201d te janowe s\u0142owa i janowe napominanie. Takie postacie to zazwyczaj ludzie, kt\u00f3rych nie lubimy, bo pokazuj\u0105 nam jacy naprawd\u0119 jeste\u015bmy, bo demaskuj\u0105 nasze s\u0142abo\u015bci i obna\u017caj\u0105 nasze prawdziwe -nie zawsze najpi\u0119kniejsze- twarze. Tacy ludzie, jak Jan Chrzciciel, maj\u0105 odwag\u0119 nazywa\u0107 grzech &#8211; grzechem, \u015bwi\u0144stwo &#8211; \u015bwi\u0144stwem, kant &#8211; kantem. To s\u0105 ludzie, kt\u00f3rzy z Bo\u017cego pos\u0142ania s\u0105 prorokami przygotowuj\u0105cymi drog\u0119 Panu. Niew\u0105tpliwie najwi\u0119kszym prorokiem naszych czas\u00f3w by\u0142 Papie\u017c Jan Pawe\u0142 II, ale te\u017c i Papie\u017c Benedykt XVI. Tylko kto chcia\u0142 ich s\u0142ucha\u0107? I nie warto nawet wspomina\u0107 innych kraj\u00f3w i narod\u00f3w, skoro nasz w\u0142asny przyjmowa\u0142 ich z pomp\u0105 w czasie kolejnych pielgrzymek i &#8230; w wi\u0119kszo\u015bci lekcewa\u017cy\u0142 sobie&hellip;<\/p>\n<p> <a class=\"more-link\" href=\"http:\/\/www.franciszek-walcz.pl\/?p=12562\">Czytaj dalej<\/a><\/p>\n","protected":false},"author":1,"featured_media":0,"comment_status":"closed","ping_status":"open","sticky":false,"template":"","format":"standard","meta":{"footnotes":""},"categories":[1],"tags":[],"class_list":{"0":"post-12562","1":"post","2":"type-post","3":"status-publish","4":"format-standard","6":"category-uncategorized"},"brizy_media":[],"_links":{"self":[{"href":"http:\/\/www.franciszek-walcz.pl\/index.php?rest_route=\/wp\/v2\/posts\/12562","targetHints":{"allow":["GET"]}}],"collection":[{"href":"http:\/\/www.franciszek-walcz.pl\/index.php?rest_route=\/wp\/v2\/posts"}],"about":[{"href":"http:\/\/www.franciszek-walcz.pl\/index.php?rest_route=\/wp\/v2\/types\/post"}],"author":[{"embeddable":true,"href":"http:\/\/www.franciszek-walcz.pl\/index.php?rest_route=\/wp\/v2\/users\/1"}],"replies":[{"embeddable":true,"href":"http:\/\/www.franciszek-walcz.pl\/index.php?rest_route=%2Fwp%2Fv2%2Fcomments&post=12562"}],"version-history":[{"count":2,"href":"http:\/\/www.franciszek-walcz.pl\/index.php?rest_route=\/wp\/v2\/posts\/12562\/revisions"}],"predecessor-version":[{"id":12564,"href":"http:\/\/www.franciszek-walcz.pl\/index.php?rest_route=\/wp\/v2\/posts\/12562\/revisions\/12564"}],"wp:attachment":[{"href":"http:\/\/www.franciszek-walcz.pl\/index.php?rest_route=%2Fwp%2Fv2%2Fmedia&parent=12562"}],"wp:term":[{"taxonomy":"category","embeddable":true,"href":"http:\/\/www.franciszek-walcz.pl\/index.php?rest_route=%2Fwp%2Fv2%2Fcategories&post=12562"},{"taxonomy":"post_tag","embeddable":true,"href":"http:\/\/www.franciszek-walcz.pl\/index.php?rest_route=%2Fwp%2Fv2%2Ftags&post=12562"}],"curies":[{"name":"wp","href":"https:\/\/api.w.org\/{rel}","templated":true}]}}