{"id":1258,"date":"2017-11-18T13:50:26","date_gmt":"2017-11-18T12:50:26","guid":{"rendered":"http:\/\/www.franciszek-walcz.pl\/?p=1258"},"modified":"2017-11-18T13:50:26","modified_gmt":"2017-11-18T12:50:26","slug":"zycie-dar-i-zadanie","status":"publish","type":"post","link":"http:\/\/www.franciszek-walcz.pl\/?p=1258","title":{"rendered":"\u017bYCIE: DAR I ZADANIE"},"content":{"rendered":"<p>Zjawili\u015bmy si\u0119 na ziemi, bo tak chcia\u0142 B\u00f3g. To On wezwa\u0142 nas z nico\u015bci do \u017cycia, bo taka by\u0142a Jego Wola. Otrzymali\u015bmy do dyspozycji okre\u015blony czas, kt\u00f3ry mamy prze\u017cy\u0107 wed\u0142ug wskaza\u0144 samego Boga. O tym, jak powinno wygl\u0105da\u0107 nasze \u017cycie doczesne, pouczaj\u0105 nas Pismo \u015awi\u0119te i wewn\u0119trzny g\u0142os, dany nam przez Boga, zwany sumieniem.<\/p>\n<p>W Ewangelii \u00a0Zbawiciel wyja\u015bnia nam w spos\u00f3b obrazowy, jak mamy \u017cy\u0107, aby to codzienne \u017cycie by\u0142o pi\u0119kne. Opowiada o pewnym cz\u0142owieku, kt\u00f3ry maj\u0105c uda\u0107 si\u0119 w podr\u00f3\u017c, przywo\u0142a\u0142 swoje s\u0142ugi i wr\u0119czy\u0142 ka\u017cdemu pewn\u0105 ilo\u015b\u0107 talent\u00f3w, to znaczy pieni\u0119dzy, u\u017cywanych za czas\u00f3w Chrystusa. Poleci\u0142 im, by obracali nimi a\u017c do jego powrotu. Nie trudno si\u0119 domy\u015bli\u0107, \u017ce tymi s\u0142ugami s\u0105 wszyscy ludzie, a wi\u0119c i my. Zostali\u015bmy ubogaceni r\u00f3\u017cnymi darami przyrodzonymi i nadprzyrodzonymi. I nadejdzie taka chwila, kiedy B\u00f3g za\u017c\u0105da od nas zdania sprawy z tego, jak wykorzystali\u015bmy ofiarowane nam przez Niego zdolno\u015bci.<\/p>\n<p>Maj\u0105c na uwadze, \u017ce czas up\u0142ywa i z ka\u017cdym dniem, z ka\u017cd\u0105 minut\u0105 jeste\u015bmy bli\u017csi S\u0105du Bo\u017cego, pro\u015bmy Pana, aby chwila zdania sprawy ze swojego \u017cycia by\u0142a dla ka\u017cdego z nas chwil\u0105 szcz\u0119\u015bliw\u0105. Wszystkich wybor\u00f3w dokonujmy wpatrzeni w przyk\u0142ad \u015bwi\u0119tych, kt\u00f3rzy przed nami przeszli drog\u0105 wiary. R\u00f3\u017cne by\u0142y koleje ich doczesnej w\u0119dr\u00f3wki, ale nawet w najtrudniejszych warunkach potrafili post\u0119powa\u0107 wed\u0142ug wskaza\u0144 Jezusa. Na tym polega ich wielko\u015b\u0107.<\/p>\n","protected":false},"excerpt":{"rendered":"<p>Zjawili\u015bmy si\u0119 na ziemi, bo tak chcia\u0142 B\u00f3g. To On wezwa\u0142 nas z nico\u015bci do \u017cycia, bo taka by\u0142a Jego Wola. Otrzymali\u015bmy do dyspozycji okre\u015blony czas, kt\u00f3ry mamy prze\u017cy\u0107 wed\u0142ug wskaza\u0144 samego Boga. O tym, jak powinno wygl\u0105da\u0107 nasze \u017cycie doczesne, pouczaj\u0105 nas Pismo \u015awi\u0119te i wewn\u0119trzny g\u0142os, dany nam przez Boga, zwany sumieniem. W Ewangelii \u00a0Zbawiciel wyja\u015bnia nam w spos\u00f3b obrazowy, jak mamy \u017cy\u0107, aby to codzienne \u017cycie by\u0142o pi\u0119kne. Opowiada o pewnym cz\u0142owieku, kt\u00f3ry maj\u0105c uda\u0107 si\u0119 w podr\u00f3\u017c, przywo\u0142a\u0142 swoje s\u0142ugi i wr\u0119czy\u0142 ka\u017cdemu pewn\u0105 ilo\u015b\u0107 talent\u00f3w, to znaczy pieni\u0119dzy, u\u017cywanych za czas\u00f3w Chrystusa. Poleci\u0142 im, by obracali nimi a\u017c do jego powrotu. Nie trudno si\u0119 domy\u015bli\u0107, \u017ce tymi s\u0142ugami s\u0105 wszyscy ludzie, a wi\u0119c i my. Zostali\u015bmy ubogaceni r\u00f3\u017cnymi darami przyrodzonymi i nadprzyrodzonymi. I nadejdzie taka chwila, kiedy B\u00f3g za\u017c\u0105da od nas zdania sprawy z tego, jak wykorzystali\u015bmy ofiarowane nam przez Niego zdolno\u015bci. Maj\u0105c na uwadze,&hellip;<\/p>\n<p> <a class=\"more-link\" href=\"http:\/\/www.franciszek-walcz.pl\/?p=1258\">Czytaj dalej<\/a><\/p>\n","protected":false},"author":1,"featured_media":0,"comment_status":"open","ping_status":"open","sticky":false,"template":"","format":"standard","meta":{"footnotes":""},"categories":[5],"tags":[],"class_list":{"0":"post-1258","1":"post","2":"type-post","3":"status-publish","4":"format-standard","6":"category-artykuly"},"brizy_media":[],"_links":{"self":[{"href":"http:\/\/www.franciszek-walcz.pl\/index.php?rest_route=\/wp\/v2\/posts\/1258","targetHints":{"allow":["GET"]}}],"collection":[{"href":"http:\/\/www.franciszek-walcz.pl\/index.php?rest_route=\/wp\/v2\/posts"}],"about":[{"href":"http:\/\/www.franciszek-walcz.pl\/index.php?rest_route=\/wp\/v2\/types\/post"}],"author":[{"embeddable":true,"href":"http:\/\/www.franciszek-walcz.pl\/index.php?rest_route=\/wp\/v2\/users\/1"}],"replies":[{"embeddable":true,"href":"http:\/\/www.franciszek-walcz.pl\/index.php?rest_route=%2Fwp%2Fv2%2Fcomments&post=1258"}],"version-history":[{"count":1,"href":"http:\/\/www.franciszek-walcz.pl\/index.php?rest_route=\/wp\/v2\/posts\/1258\/revisions"}],"predecessor-version":[{"id":1259,"href":"http:\/\/www.franciszek-walcz.pl\/index.php?rest_route=\/wp\/v2\/posts\/1258\/revisions\/1259"}],"wp:attachment":[{"href":"http:\/\/www.franciszek-walcz.pl\/index.php?rest_route=%2Fwp%2Fv2%2Fmedia&parent=1258"}],"wp:term":[{"taxonomy":"category","embeddable":true,"href":"http:\/\/www.franciszek-walcz.pl\/index.php?rest_route=%2Fwp%2Fv2%2Fcategories&post=1258"},{"taxonomy":"post_tag","embeddable":true,"href":"http:\/\/www.franciszek-walcz.pl\/index.php?rest_route=%2Fwp%2Fv2%2Ftags&post=1258"}],"curies":[{"name":"wp","href":"https:\/\/api.w.org\/{rel}","templated":true}]}}