{"id":12871,"date":"2020-12-19T15:51:05","date_gmt":"2020-12-19T14:51:05","guid":{"rendered":"http:\/\/www.franciszek-walcz.pl\/?p=12871"},"modified":"2020-12-19T15:53:32","modified_gmt":"2020-12-19T14:53:32","slug":"msze-sw-w-okresie-swiatecznym-4","status":"publish","type":"post","link":"http:\/\/www.franciszek-walcz.pl\/?p=12871","title":{"rendered":"MSZE \u015aW. W OKRESIE \u015aWI\u0104TECZNYM"},"content":{"rendered":"<table width=\"639\">\n<tbody>\n<tr>\n<td width=\"115\"><strong>DATA<\/strong><\/td>\n<td width=\"219\"><strong>GODZINY MSZY \u015aW.<\/strong><\/td>\n<td width=\"261\">UWAGI<\/td>\n<\/tr>\n<tr>\n<td width=\"115\"><span style=\"color: #ff6600;\"><strong>24 XII CZw.<\/strong><\/span><\/td>\n<td width=\"219\"><span style=\"color: #ff6600;\"><strong>22.00<\/strong><\/span><\/td>\n<td width=\"261\"><span style=\"color: #ff6600;\"><strong>PASTERKA<\/strong><\/span><\/td>\n<\/tr>\n<tr>\n<td width=\"115\"><span style=\"color: #ff6600;\"><strong>25 XII Pt.<\/strong><\/span><\/td>\n<td width=\"219\"><span style=\"color: #ff6600;\"><strong>9,00 i 10,30<\/strong><\/span><\/td>\n<td width=\"261\"><\/td>\n<\/tr>\n<tr>\n<td width=\"115\"><span style=\"color: #ff6600;\"><strong>26 XII Sob.<\/strong><\/span><\/td>\n<td width=\"219\"><span style=\"color: #ff6600;\"><strong>9,00 , 10,30 ,<\/strong><\/span><\/td>\n<td width=\"261\"><span style=\"color: #ff6600;\"><strong>Porz\u0105dek niedzielny<\/strong><\/span><\/td>\n<\/tr>\n<tr>\n<td width=\"115\"><span style=\"color: #ff6600;\"><strong>27 XII Ndz.<\/strong><\/span><\/td>\n<td width=\"219\"><span style=\"color: #ff6600;\"><strong>9,00 , 10,30 ,<\/strong><\/span><\/td>\n<td width=\"261\"><\/td>\n<\/tr>\n<tr>\n<td width=\"115\"><strong>29 XII Wt.<\/strong><\/td>\n<td width=\"219\"><strong>18,00<\/strong><\/td>\n<td width=\"261\"><\/td>\n<\/tr>\n<tr>\n<td width=\"115\"><strong>30 XII Sr,<\/strong><\/td>\n<td width=\"219\"><strong>18,00<\/strong><\/td>\n<td width=\"261\"><\/td>\n<\/tr>\n<tr>\n<td width=\"115\"><span style=\"color: #ff6600;\"><strong>31 XII SOB<\/strong><\/span><\/td>\n<td width=\"219\"><span style=\"color: #ff6600;\"><strong>17,00<\/strong><\/span><\/td>\n<td width=\"261\"><span style=\"color: #ff6600;\"><strong>Zako\u0144czenie starego roku<\/strong><\/span><\/td>\n<\/tr>\n<tr>\n<td width=\"115\"><span style=\"color: #ff6600;\"><strong>01.I.2021\u00a0 <\/strong><\/span><span style=\"color: #ff6600;\"><strong>Pt<\/strong><\/span><\/td>\n<td width=\"219\"><span style=\"color: #ff6600;\"><strong>9,00 , 10,30 ,<\/strong><\/span><\/td>\n<td width=\"261\"><span style=\"color: #ff6600;\"><strong>Nowy rok<\/strong><\/span><\/td>\n<\/tr>\n<tr>\n<td width=\"115\"><strong>02 I SOB<\/strong><\/td>\n<td width=\"219\"><strong>17,00<\/strong><\/td>\n<td width=\"261\"><\/td>\n<\/tr>\n<tr>\n<td width=\"115\"><span style=\"color: #ff6600;\"><strong>03 I Ndz.<\/strong><\/span><\/td>\n<td width=\"219\"><span style=\"color: #ff6600;\"><strong>9,00 , 10,30 ,<\/strong><\/span><\/td>\n<td width=\"261\"><\/td>\n<\/tr>\n<tr>\n<td width=\"115\"><strong>05 I Wt.<\/strong><\/td>\n<td width=\"219\"><strong>9,00<\/strong><\/td>\n<td width=\"261\"><\/td>\n<\/tr>\n<tr>\n<td width=\"115\"><strong>06 I Sr,<\/strong><\/td>\n<td width=\"219\"><strong>9,00 , 10,30 ,<\/strong><\/td>\n<td width=\"261\"><strong>Trzech Kr\u00f3li<\/strong><\/td>\n<\/tr>\n<\/tbody>\n<\/table>\n<p><u><strong>Od 4 stycznia rozpocznie si\u0119 wizyta duszpasterska zwana KOL\u0118D\u0104 \/ na zaproszenia !!!\/ .<\/strong><\/u><\/p>\n<p><u><strong>Od 5 stycznia do 22 stycznia Msze \u015bw. od wtorku do pi\u0105tku w\u0142\u0105cznie o godz. 9,00<\/strong><\/u><\/p>\n<p><u><strong> \/ <\/strong><\/u><u><strong>z wy\u0142\u0105czeniem 6 I- Trzech Kr\u00f3li \u2013 porz\u0105dek niedzielny<\/strong><\/u><u><strong>\/ . <\/strong><\/u><\/p>\n<p><u><strong>W soboty Msza \u015bw. o godz. 17,00<\/strong><\/u><\/p>\n","protected":false},"excerpt":{"rendered":"<p>DATA GODZINY MSZY \u015aW. UWAGI 24 XII CZw. 22.00 PASTERKA 25 XII Pt. 9,00 i 10,30 26 XII Sob. 9,00 , 10,30 , Porz\u0105dek niedzielny 27 XII Ndz. 9,00 , 10,30 , 29 XII Wt. 18,00 30 XII Sr, 18,00 31 XII SOB 17,00 Zako\u0144czenie starego roku 01.I.2021\u00a0 Pt 9,00 , 10,30 , Nowy rok 02 I SOB 17,00 03 I Ndz. 9,00 , 10,30 , 05 I Wt. 9,00 06 I Sr, 9,00 , 10,30 , Trzech Kr\u00f3li Od 4 stycznia rozpocznie si\u0119 wizyta duszpasterska zwana KOL\u0118D\u0104 \/ na zaproszenia !!!\/ . Od 5 stycznia do 22 stycznia Msze \u015bw. od wtorku do pi\u0105tku w\u0142\u0105cznie o godz. 9,00 \/ z wy\u0142\u0105czeniem 6 I- Trzech Kr\u00f3li \u2013 porz\u0105dek niedzielny\/ . W soboty Msza \u015bw. o godz. 17,00<\/p>\n","protected":false},"author":1,"featured_media":0,"comment_status":"closed","ping_status":"open","sticky":false,"template":"","format":"standard","meta":{"footnotes":""},"categories":[1],"tags":[],"class_list":{"0":"post-12871","1":"post","2":"type-post","3":"status-publish","4":"format-standard","6":"category-uncategorized"},"brizy_media":[],"_links":{"self":[{"href":"http:\/\/www.franciszek-walcz.pl\/index.php?rest_route=\/wp\/v2\/posts\/12871","targetHints":{"allow":["GET"]}}],"collection":[{"href":"http:\/\/www.franciszek-walcz.pl\/index.php?rest_route=\/wp\/v2\/posts"}],"about":[{"href":"http:\/\/www.franciszek-walcz.pl\/index.php?rest_route=\/wp\/v2\/types\/post"}],"author":[{"embeddable":true,"href":"http:\/\/www.franciszek-walcz.pl\/index.php?rest_route=\/wp\/v2\/users\/1"}],"replies":[{"embeddable":true,"href":"http:\/\/www.franciszek-walcz.pl\/index.php?rest_route=%2Fwp%2Fv2%2Fcomments&post=12871"}],"version-history":[{"count":2,"href":"http:\/\/www.franciszek-walcz.pl\/index.php?rest_route=\/wp\/v2\/posts\/12871\/revisions"}],"predecessor-version":[{"id":12873,"href":"http:\/\/www.franciszek-walcz.pl\/index.php?rest_route=\/wp\/v2\/posts\/12871\/revisions\/12873"}],"wp:attachment":[{"href":"http:\/\/www.franciszek-walcz.pl\/index.php?rest_route=%2Fwp%2Fv2%2Fmedia&parent=12871"}],"wp:term":[{"taxonomy":"category","embeddable":true,"href":"http:\/\/www.franciszek-walcz.pl\/index.php?rest_route=%2Fwp%2Fv2%2Fcategories&post=12871"},{"taxonomy":"post_tag","embeddable":true,"href":"http:\/\/www.franciszek-walcz.pl\/index.php?rest_route=%2Fwp%2Fv2%2Ftags&post=12871"}],"curies":[{"name":"wp","href":"https:\/\/api.w.org\/{rel}","templated":true}]}}