{"id":13008,"date":"2020-12-24T13:01:09","date_gmt":"2020-12-24T12:01:09","guid":{"rendered":"http:\/\/www.franciszek-walcz.pl\/?p=13008"},"modified":"2020-12-24T13:01:34","modified_gmt":"2020-12-24T12:01:34","slug":"moje-boze-narodzenie","status":"publish","type":"post","link":"http:\/\/www.franciszek-walcz.pl\/?p=13008","title":{"rendered":"Moje Bo\u017ce Narodzenie"},"content":{"rendered":"<p>Zawsze zastanawia mnie fakt, jak trudno jest nam wyj\u015b\u0107 poza codzienno\u015b\u0107, poza nasze szare i przyziemne sprawy. Pr\u00f3bujemy to czyni\u0107 przy pomocy r\u00f3\u017cnych (nie zawsze najlepszych) \u015brodk\u00f3w. Urz\u0105dzamy zabawy, pikniki, prywatki, bale, \u015bwi\u0119ta i festyny. I co nam najcz\u0119\u015bciej z tego pozostaje? Niewiele, albo prawie nic &#8230; czasami tylko b\u00f3l g\u0142owy i pustka w kieszeniach. Ale czy jest dla nas prawdziwym \u015bwi\u0119tem np. Bo\u017ce Narodzenie? Czy umiemy je \u015bwi\u0119towa\u0107? Przypominam sobie z mojego dzieci\u0144stwa rodzinne \u015bwi\u0119ta w domu. Ogromne morze wolnego czasu, leniwie i uroczy\u015bcie p\u0142yn\u0105ce godziny \u015bwi\u0105tecznych dni, zapalone lampki na choince i ciep\u0142y, dobrze nagrzany piec, od\u015bwi\u0119tnie wysprz\u0105tane mieszkanie i czasami (w drugi dzie\u0144 \u015bwi\u0105t) odwiedziny go\u015bci. Tak, to by\u0142o \u015bwi\u0119towanie, sz\u0142o si\u0119 do ko\u015bcio\u0142a, \u015bpiewa\u0142o kol\u0119dy, szkoda tylko, \u017ce p\u00f3\u017aniej r\u00f3wnie\u017c znaczn\u0105 cz\u0119\u015b\u0107 tych \u015bwi\u0105tecznych dni sp\u0119dza\u0142o si\u0119 przed telewizorem &#8230; Wszyscy pami\u0119tamy te \u015bwi\u0119ta sprzed 25-30-40 lat, na pewno ubo\u017csze i skromniejsze, a jednak pe\u0142ne uroku i niepowtarzalnej atmosfery \u015bwi\u0119towania. A jak jest dzisiaj? Czy my mamy czas na \u015bwi\u0119towanie? Czy mo\u017cliwo\u015bci jakie si\u0119 przed nami otwar\u0142y; \u0142atwiejsza komunikacja, wczasy zimowe, mo\u017cliwo\u015b\u0107 wyjazdu na narty do Austrii, bardziej dostatnie \u017cycie &#8230; czy to wszystko nie spowodowa\u0142o, \u017ce zatracili\u015bmy umiej\u0119tno\u015b\u0107 \u015bwi\u0119towania, \u017ce nasze \u015bwi\u0119ta s\u0105 pe\u0142ne po\u015bpiechu i napi\u0119\u0107, \u017ce cz\u0119sto nie ma tam nawet czasu na \u015bwi\u0105teczn\u0105 Msz\u0119 \u015bwi\u0119t\u0105? Jak prze\u017cywam moje Bo\u017ce Narodzenie? Mo\u017ce za du\u017co jest tam wizyt, za du\u017co po\u015bpiechu, za du\u017co pustych i nic nie znacz\u0105cych odwiedzin, ucieczki od rodziny, szukania \u201eaktywnego odpoczynku\u201d na si\u0142\u0119, ucieczki od Boga i od prawdy, kt\u00f3ra jest przecie\u017c centralnym punktem tych \u015bwi\u0105t?<\/p>\n<p>Czy my umiemy jeszcze \u015bwi\u0119towa\u0107, wyj\u015b\u0107 z naszej codzienno\u015bci, z szarych codziennych spraw i interes\u00f3w?<\/p>\n<p>A mo\u017ce ja si\u0119 starzej\u0119 i \u017cyj\u0119 ju\u017c tylko wyidealizowanymi wspomnieniami? A co z tych obecnych \u015bwi\u0105t maj\u0105 dzieci w naszych rodzinach? Du\u017co prezent\u00f3w i zabawek, \u015bw. Miko\u0142aj i Gwiazdor, Dziadek Mr\u00f3z i Gwiazdka &#8230; i -u niekt\u00f3rych- frustracje, \u017ce kolega dosta\u0142 prawdziwy komputer, a ja tylko gr\u0119 lub nowe buty.<\/p>\n<p>Niech rado\u015b\u0107 pasterzy b\u0119dzie i naszym udzia\u0142em. B\u00f3g narodzi\u0142 si\u0119 w\u015br\u00f3d ludzi, cieszmy si\u0119 tym, \u017ce do nas przyszed\u0142, \u017ce sta\u0142 si\u0119 jednym z nas. Niech to b\u0119dzie centralnym punktem naszego \u015bwi\u0119towania. Umiejmy to zachowa\u0107 w naszych sercach, jak Maryja, kt\u00f3ra rozwa\u017ca\u0142a to i strzeg\u0142a w swoim sercu. Spokojnych i radosnych, chrze\u015bcija\u0144skich i prawdziwie religijnych \u015bwi\u0105t<\/p>\n<p>\u017cyczmy sobie nawzajem.<\/p>\n","protected":false},"excerpt":{"rendered":"<p>Zawsze zastanawia mnie fakt, jak trudno jest nam wyj\u015b\u0107 poza codzienno\u015b\u0107, poza nasze szare i przyziemne sprawy. Pr\u00f3bujemy to czyni\u0107 przy pomocy r\u00f3\u017cnych (nie zawsze najlepszych) \u015brodk\u00f3w. Urz\u0105dzamy zabawy, pikniki, prywatki, bale, \u015bwi\u0119ta i festyny. I co nam najcz\u0119\u015bciej z tego pozostaje? Niewiele, albo prawie nic &#8230; czasami tylko b\u00f3l g\u0142owy i pustka w kieszeniach. Ale czy jest dla nas prawdziwym \u015bwi\u0119tem np. Bo\u017ce Narodzenie? Czy umiemy je \u015bwi\u0119towa\u0107? Przypominam sobie z mojego dzieci\u0144stwa rodzinne \u015bwi\u0119ta w domu. Ogromne morze wolnego czasu, leniwie i uroczy\u015bcie p\u0142yn\u0105ce godziny \u015bwi\u0105tecznych dni, zapalone lampki na choince i ciep\u0142y, dobrze nagrzany piec, od\u015bwi\u0119tnie wysprz\u0105tane mieszkanie i czasami (w drugi dzie\u0144 \u015bwi\u0105t) odwiedziny go\u015bci. Tak, to by\u0142o \u015bwi\u0119towanie, sz\u0142o si\u0119 do ko\u015bcio\u0142a, \u015bpiewa\u0142o kol\u0119dy, szkoda tylko, \u017ce p\u00f3\u017aniej r\u00f3wnie\u017c znaczn\u0105 cz\u0119\u015b\u0107 tych \u015bwi\u0105tecznych dni sp\u0119dza\u0142o si\u0119 przed telewizorem &#8230; Wszyscy pami\u0119tamy te \u015bwi\u0119ta sprzed 25-30-40 lat, na pewno ubo\u017csze i skromniejsze, a jednak pe\u0142ne uroku&hellip;<\/p>\n<p> <a class=\"more-link\" href=\"http:\/\/www.franciszek-walcz.pl\/?p=13008\">Czytaj dalej<\/a><\/p>\n","protected":false},"author":1,"featured_media":0,"comment_status":"closed","ping_status":"open","sticky":false,"template":"","format":"standard","meta":{"footnotes":""},"categories":[5],"tags":[],"class_list":{"0":"post-13008","1":"post","2":"type-post","3":"status-publish","4":"format-standard","6":"category-artykuly"},"brizy_media":[],"_links":{"self":[{"href":"http:\/\/www.franciszek-walcz.pl\/index.php?rest_route=\/wp\/v2\/posts\/13008","targetHints":{"allow":["GET"]}}],"collection":[{"href":"http:\/\/www.franciszek-walcz.pl\/index.php?rest_route=\/wp\/v2\/posts"}],"about":[{"href":"http:\/\/www.franciszek-walcz.pl\/index.php?rest_route=\/wp\/v2\/types\/post"}],"author":[{"embeddable":true,"href":"http:\/\/www.franciszek-walcz.pl\/index.php?rest_route=\/wp\/v2\/users\/1"}],"replies":[{"embeddable":true,"href":"http:\/\/www.franciszek-walcz.pl\/index.php?rest_route=%2Fwp%2Fv2%2Fcomments&post=13008"}],"version-history":[{"count":1,"href":"http:\/\/www.franciszek-walcz.pl\/index.php?rest_route=\/wp\/v2\/posts\/13008\/revisions"}],"predecessor-version":[{"id":13009,"href":"http:\/\/www.franciszek-walcz.pl\/index.php?rest_route=\/wp\/v2\/posts\/13008\/revisions\/13009"}],"wp:attachment":[{"href":"http:\/\/www.franciszek-walcz.pl\/index.php?rest_route=%2Fwp%2Fv2%2Fmedia&parent=13008"}],"wp:term":[{"taxonomy":"category","embeddable":true,"href":"http:\/\/www.franciszek-walcz.pl\/index.php?rest_route=%2Fwp%2Fv2%2Fcategories&post=13008"},{"taxonomy":"post_tag","embeddable":true,"href":"http:\/\/www.franciszek-walcz.pl\/index.php?rest_route=%2Fwp%2Fv2%2Ftags&post=13008"}],"curies":[{"name":"wp","href":"https:\/\/api.w.org\/{rel}","templated":true}]}}