{"id":1301,"date":"2017-12-16T12:02:27","date_gmt":"2017-12-16T11:02:27","guid":{"rendered":"http:\/\/www.franciszek-walcz.pl\/?p=1301"},"modified":"2017-12-16T12:02:27","modified_gmt":"2017-12-16T11:02:27","slug":"jan-jest-realista","status":"publish","type":"post","link":"http:\/\/www.franciszek-walcz.pl\/?p=1301","title":{"rendered":"Jan jest \u00a0realist\u0105&#8230;"},"content":{"rendered":"<p>Jan jest \u00a0realist\u0105. Wzywa do pracy nad doskonaleniem uczciwo\u015bci cz\u0142owieka. Traktuje uczciwo\u015b\u0107 jako najbardziej podstawowy warunek wyj\u015bcia z\u00a0ka\u017cdego kryzysu. Tam gdzie brakuje warto\u015bci moralnych, \u017caden kryzys \u2014 ani polityczny, ani spo\u0142eczny, ani gospodarczy, ani religijny \u2014 nigdy nie zostanie przezwyci\u0119\u017cony. Moralnie warto\u015bciowy cz\u0142owiek spe\u0142ni dobrze wszystkie swoje obowi\u0105zki, a\u00a0w\u00f3wczas spo\u0142ecze\u0144stwo mo\u017ce na niego liczy\u0107, mo\u017ce darzy\u0107 go swoim zaufaniem i z\u00a0rado\u015bci\u0105 korzysta\u0107 z\u00a0owoc\u00f3w jego pracy wiedz\u0105c, \u017ce s\u0105 one zawsze solidne.<\/p>\n<p>Jan Chrzciciel jest specjalist\u0105 od wychodzenia z\u00a0kryzys\u00f3w, a\u00a0jego program pracy u podstaw, w\u00a0historii przezwyci\u0119\u017cania kryzys\u00f3w, jawi si\u0119 jako trwa\u0142a warto\u015b\u0107. Kryzys \u017cycia religijnego nale\u017cy do najg\u0142\u0119bszych i\u00a0najtrudniejszych kryzys\u00f3w, jakie dotykaj\u0105 serca cz\u0142owieka. Droga, jak\u0105 wskazuje Jan, jest jedyn\u0105 drog\u0105 wyj\u015bcia. To sam B\u00f3g domaga si\u0119 od cz\u0142owieka pracy u podstaw. Pierwsze wezwanie \u0142aski jest zawsze apelem o\u00a0oczyszczenie serca. Jak nikt z\u00a0nas nie wlewa mleka do brudnej butelki, tak B\u00f3g nie wype\u0142ni \u015bwi\u0119to\u015bci\u0105 serca nieczystego. Oczyszczanie serca to w\u0142a\u015bnie praca u podstaw.<\/p>\n<p>Kryzysy pojawiaj\u0105 si\u0119 w\u00f3wczas, gdy serca ludzkie s\u0105 tak zanieczyszczone, \u017ce w\u00a0danym spo\u0142ecze\u0144stwie czy narodzie nie ma w\u00a0czym przechowywa\u0107 wielkich warto\u015bci. Dop\u00f3ki nie uporz\u0105dkuje si\u0119 serc, dot\u0105d nie ma mowy o\u00a0jakiejkolwiek perspektywie nowego i\u00a0lepszego jutra. Za serce za\u015b jest odpowiedzialny ka\u017cdy indywidualnie. W\u00a0tym wypadku odpowiedzialno\u015b\u0107 zbiorowa nie istnieje. Kto zatem chce zobaczy\u0107 lepsze jutro, winien dobrze przemy\u015ble\u0107 wskazania Jana Chrzciciela i\u00a0rozpocz\u0105\u0107 prac\u0119 u podstaw \u2014 doskonalenie swego serca. Jego w\u0142asna doskona\u0142o\u015b\u0107 zacznie stopniowo rzutowa\u0107 na doskona\u0142o\u015b\u0107 jego pracy, a\u00a0ta z\u00a0kolei zadecyduje o\u00a0ubogaceniu spo\u0142ecze\u0144stwa. Warto\u015bciowy lekarz z\u00a0trosk\u0105 zajmie si\u0119 ka\u017cdym pacjentem, warto\u015bciowy nauczyciel dobrze wychowa nowe pokolenie, warto\u015bciowy budowniczy postawi dom, kt\u00f3ry b\u0119dzie wymaga\u0142 pierwszego remontu dopiero za lat trzydzie\u015bci. Droga wyj\u015bcia z\u00a0kryzysu zostanie otwarta.<\/p>\n","protected":false},"excerpt":{"rendered":"<p>Jan jest \u00a0realist\u0105. Wzywa do pracy nad doskonaleniem uczciwo\u015bci cz\u0142owieka. Traktuje uczciwo\u015b\u0107 jako najbardziej podstawowy warunek wyj\u015bcia z\u00a0ka\u017cdego kryzysu. Tam gdzie brakuje warto\u015bci moralnych, \u017caden kryzys \u2014 ani polityczny, ani spo\u0142eczny, ani gospodarczy, ani religijny \u2014 nigdy nie zostanie przezwyci\u0119\u017cony. Moralnie warto\u015bciowy cz\u0142owiek spe\u0142ni dobrze wszystkie swoje obowi\u0105zki, a\u00a0w\u00f3wczas spo\u0142ecze\u0144stwo mo\u017ce na niego liczy\u0107, mo\u017ce darzy\u0107 go swoim zaufaniem i z\u00a0rado\u015bci\u0105 korzysta\u0107 z\u00a0owoc\u00f3w jego pracy wiedz\u0105c, \u017ce s\u0105 one zawsze solidne. Jan Chrzciciel jest specjalist\u0105 od wychodzenia z\u00a0kryzys\u00f3w, a\u00a0jego program pracy u podstaw, w\u00a0historii przezwyci\u0119\u017cania kryzys\u00f3w, jawi si\u0119 jako trwa\u0142a warto\u015b\u0107. Kryzys \u017cycia religijnego nale\u017cy do najg\u0142\u0119bszych i\u00a0najtrudniejszych kryzys\u00f3w, jakie dotykaj\u0105 serca cz\u0142owieka. Droga, jak\u0105 wskazuje Jan, jest jedyn\u0105 drog\u0105 wyj\u015bcia. To sam B\u00f3g domaga si\u0119 od cz\u0142owieka pracy u podstaw. Pierwsze wezwanie \u0142aski jest zawsze apelem o\u00a0oczyszczenie serca. Jak nikt z\u00a0nas nie wlewa mleka do brudnej butelki, tak B\u00f3g nie wype\u0142ni \u015bwi\u0119to\u015bci\u0105 serca nieczystego. Oczyszczanie serca to w\u0142a\u015bnie praca&hellip;<\/p>\n<p> <a class=\"more-link\" href=\"http:\/\/www.franciszek-walcz.pl\/?p=1301\">Czytaj dalej<\/a><\/p>\n","protected":false},"author":1,"featured_media":0,"comment_status":"open","ping_status":"open","sticky":false,"template":"","format":"standard","meta":{"footnotes":""},"categories":[1],"tags":[],"class_list":{"0":"post-1301","1":"post","2":"type-post","3":"status-publish","4":"format-standard","6":"category-uncategorized"},"brizy_media":[],"_links":{"self":[{"href":"http:\/\/www.franciszek-walcz.pl\/index.php?rest_route=\/wp\/v2\/posts\/1301","targetHints":{"allow":["GET"]}}],"collection":[{"href":"http:\/\/www.franciszek-walcz.pl\/index.php?rest_route=\/wp\/v2\/posts"}],"about":[{"href":"http:\/\/www.franciszek-walcz.pl\/index.php?rest_route=\/wp\/v2\/types\/post"}],"author":[{"embeddable":true,"href":"http:\/\/www.franciszek-walcz.pl\/index.php?rest_route=\/wp\/v2\/users\/1"}],"replies":[{"embeddable":true,"href":"http:\/\/www.franciszek-walcz.pl\/index.php?rest_route=%2Fwp%2Fv2%2Fcomments&post=1301"}],"version-history":[{"count":1,"href":"http:\/\/www.franciszek-walcz.pl\/index.php?rest_route=\/wp\/v2\/posts\/1301\/revisions"}],"predecessor-version":[{"id":1302,"href":"http:\/\/www.franciszek-walcz.pl\/index.php?rest_route=\/wp\/v2\/posts\/1301\/revisions\/1302"}],"wp:attachment":[{"href":"http:\/\/www.franciszek-walcz.pl\/index.php?rest_route=%2Fwp%2Fv2%2Fmedia&parent=1301"}],"wp:term":[{"taxonomy":"category","embeddable":true,"href":"http:\/\/www.franciszek-walcz.pl\/index.php?rest_route=%2Fwp%2Fv2%2Fcategories&post=1301"},{"taxonomy":"post_tag","embeddable":true,"href":"http:\/\/www.franciszek-walcz.pl\/index.php?rest_route=%2Fwp%2Fv2%2Ftags&post=1301"}],"curies":[{"name":"wp","href":"https:\/\/api.w.org\/{rel}","templated":true}]}}