{"id":13397,"date":"2020-12-31T16:31:59","date_gmt":"2020-12-31T15:31:59","guid":{"rendered":"http:\/\/www.franciszek-walcz.pl\/?p=13397"},"modified":"2020-12-31T16:32:35","modified_gmt":"2020-12-31T15:32:35","slug":"plan-ktory-bog-ma-wzgledem-mnie","status":"publish","type":"post","link":"http:\/\/www.franciszek-walcz.pl\/?p=13397","title":{"rendered":"Plan, kt\u00f3ry B\u00f3g ma wzgl\u0119dem mnie"},"content":{"rendered":"<p>Pocz\u0105tek nowego roku kalendarzowego zwi\u0105zany jest w\u00a0liturgii z\u00a0zako\u0144czeniem oktawy narodzenia naszego Pana Jezusa Chrystusa. Jej zwie\u0144czeniem jest uroczysto\u015b\u0107 \u015awi\u0119tej Bo\u017cej Rodzicielki Maryi. W\u00a0ten spos\u00f3b Ona towarzyszy nam u\u00a0progu nowego roku. Staje przed nami w\u0142a\u015bnie taka: \u015awi\u0119ta Bo\u017ca Rodzicielka, zgodnie z\u00a0tym, co sama o\u00a0sobie prorokowa\u0142a: \u201eOto bowiem b\u0142ogos\u0142awi\u0107 mnie b\u0119d\u0105 odt\u0105d wszystkie pokolenia, gdy\u017c wielkie rzeczy uczyni\u0142 mi Wszechmocny. \u015awi\u0119te jest Jego imi\u0119\u201d .<\/p>\n<p>Mijaj\u0105 dwa tysi\u0105ce lat od tamtych czas\u00f3w. Jeste\u015bmy \u015bwiadomi, \u017ce s\u0142owa wspania\u0142ej modlitwy Maryi, tego Jej uwielbienia Boga, si\u0119 spe\u0142niaj\u0105. Ona rzeczywi\u015bcie jest przedmiotem zachwytu, podziwu i\u00a0dzi\u0119kczynienia dla wszystkich pokole\u0144. Przecie\u017c taka w\u0142a\u015bnie jawi si\u0119 przed nami dzisiaj.<\/p>\n<p>Maryja ca\u0142a jest b\u0142ogos\u0142awiona: \u0142ono, piersi i\u00a0wszystko, co J\u0105 stanowi, jest b\u0142ogos\u0142awione. Radujemy si\u0119 ogromnie b\u0142ogos\u0142awie\u0144stwem, kt\u00f3re sta\u0142o si\u0119 Jej udzia\u0142em, ale Jezus pragnie, aby\u015bmy na tym nie poprzestawali, lecz postarali si\u0119, aby i\u00a0nas ono dotkn\u0119\u0142o: b\u0142ogos\u0142awie\u0144stwo zwi\u0105zane ze s\u0142uchaniem s\u0142owa Bo\u017cego i\u00a0zachowywaniem go. Jest b\u0142ogos\u0142awiona Maryja, mog\u0119 by\u0107 b\u0142ogos\u0142awiony i\u00a0ja! Jak\u017ce to wspania\u0142y plan, kt\u00f3ry ma wobec mnie B\u00f3g. On mo\u017ce sta\u0107 si\u0119 moim w\u0142asnym \u2013 i\u00a0to ca\u0142o\u017cyciowym! \u2013 ale jego realizacj\u0119 mog\u0119 przecie\u017c rozpocz\u0105\u0107 ju\u017c w\u00a0tym roku, je\u015bli b\u0119d\u0119 s\u0142ucha\u0142 s\u0142owa Bo\u017cego i\u00a0je zachowywa\u0142.<\/p>\n<p>\u015awi\u0119ty Marek w\u00a0swojej Ewangelii przekazuje, \u017ce gdy Jezus naucza\u0142, by\u0142 bardzo oblegany przez ludzi: \u201eW\u0142a\u015bnie t\u0142um ludzi siedzia\u0142 wok\u00f3\u0142 Niego, gdy Mu powiedzieli: \u00abOto Twoja Matka i\u00a0bracia na dworze pytaj\u0105 si\u0119 o\u00a0Ciebie\u00bb. Odpowiedzia\u0142 im: \u00abKt\u00f3\u017c jest moj\u0105 matk\u0105 i\u00a0[kt\u00f3rzy] s\u0105 bra\u0107mi?\u00bb. I\u00a0spogl\u0105daj\u0105c na siedz\u0105cych doko\u0142a Niego, rzek\u0142: \u00abOto moja matka i\u00a0moi bracia. Bo kto pe\u0142ni wol\u0119 Bo\u017c\u0105, ten Mi jest bratem, siostr\u0105 i\u00a0matk\u0105\u00bb\u201d (3,32-35).<\/p>\n<p>Popatrzmy na drugi punkt tego planu Boga. Maryja jest Matk\u0105 Syna Bo\u017cego, ale sam Jezus wyra\u017anie o\u015bwiadcza, \u017ce ja te\u017c mog\u0119 ni\u0105 by\u0107, je\u017celi b\u0119d\u0119 pe\u0142ni\u0142 wol\u0119 Bo\u017c\u0105. Oto przedziwny zamys\u0142 Boga, kt\u00f3ry mo\u017ce si\u0119 zrealizowa\u0107 w\u00a0moim \u017cyciu. To nie jest przeno\u015bnia ani co\u015b wydumanego i\u00a0niemo\u017cliwego! To jest co\u015b bardzo konkretnego, co mo\u017ce mnie uczyni\u0107 tak bardzo bliskim Maryi, \u015awi\u0119tej Bo\u017cej Rodzicielki. Dzieje si\u0119 tak w\u00a0ka\u017cdym momencie mojego \u017cycia, w\u00a0kt\u00f3rym pe\u0142ni\u0119 wol\u0119 Bo\u017c\u0105. A\u00a0o to przecie\u017c prosimy codziennie w\u00a0modlitwie\u00a0<em>Ojcze nasz<\/em>. Oto bardzo pi\u0119kny punkt, kt\u00f3ry zaplanowa\u0142 B\u00f3g, a\u00a0ja mog\u0119 rozpocz\u0105\u0107 jego realizacj\u0119 ju\u017c dzi\u015b.<\/p>\n<p>\u015awi\u0119ty Jan w\u00a0Prologu swojej Ewangelii zapisa\u0142: \u201eBy\u0142a \u015bwiat\u0142o\u015b\u0107 prawdziwa, kt\u00f3ra o\u015bwieca ka\u017cdego cz\u0142owieka, gdy na \u015bwiat przychodzi. Na \u015bwiecie by\u0142o [S\u0142owo], a\u00a0\u015bwiat sta\u0142 si\u0119 przez Nie, lecz \u015bwiat Go nie pozna\u0142. Przysz\u0142o do swojej w\u0142asno\u015bci, a\u00a0swoi Go nie przyj\u0119li. Wszystkim tym jednak, kt\u00f3rzy Je przyj\u0119li, da\u0142o moc, aby si\u0119 stali dzie\u0107mi Bo\u017cymi, tym, kt\u00f3rzy wierz\u0105 w\u00a0imi\u0119 Jego \u2212 kt\u00f3rzy ani z\u00a0krwi, ani z\u00a0\u017c\u0105dzy cia\u0142a, ani z\u00a0woli m\u0119\u017ca, ale z\u00a0Boga si\u0119 narodzili\u201d (1,9-13).<\/p>\n<p>Dlaczego Maryja jest b\u0142ogos\u0142awiona? Dlaczego jest Matk\u0105 Jezusa? Dlaczego Go zrodzi\u0142a? Dlatego, \u017ce najpierw pozwoli\u0142a, aby Ona sama narodzi\u0142a si\u0119 z\u00a0Boga, aby sta\u0142a si\u0119 Jego dzieckiem. Nie tylko przez fakt stworzenia i\u00a0pojawienia si\u0119 na \u015bwiecie, ale przez wiern\u0105 realizacj\u0119 Bo\u017cego planu, co bardzo jasno wypowiedzia\u0142a s\u0142owami: \u201eOto ja, s\u0142u\u017cebnica Pa\u0144ska, niech mi si\u0119 stanie wed\u0142ug twego s\u0142owa!\u201d (\u0141k 1,38).<\/p>\n<p>I\u00a0ja mog\u0119 w\u00a0ten spos\u00f3b na\u015bladowa\u0107 Maryj\u0119, mog\u0119 by\u0107 dzieckiem Bo\u017cym, mog\u0119 by\u0107 zrodzonym przez Boga. My\u015blimy: przecie\u017c to si\u0119 sta\u0142o w\u00a0chwili chrztu \u015bwi\u0119tego. Rzeczywi\u015bcie, ale chodzi o\u00a0konsekwencj\u0119, o\u00a0codzienny wyb\u00f3r. Oto kolejny punkt Bo\u017cego zamys\u0142u wobec mnie, kt\u00f3ry mog\u0119 przyj\u0105\u0107 za sw\u00f3j w\u0142asny. Nie b\u0119d\u0119 si\u0119 kierowa\u0142 tylko tym, co ludzkie! Nie p\u00f3jd\u0119 za swoimi po\u017c\u0105daniami! B\u0119d\u0119 szed\u0142 za tym, czego dla mnie pragnie B\u00f3g. B\u0119d\u0119 s\u0142ucha\u0142 Jego, a\u00a0nie siebie ani innych ludzi.<\/p>\n<p><strong>Bo\u017ce \u017cyczenia noworoczne<\/strong><\/p>\n<p>W dniu dzisiejszym, podobnie jak w czasie \u015bwi\u0105t, wszyscy sk\u0142adamy sobie najlepsze \u017cyczenia. Pan B\u00f3g te\u017c ma wzgl\u0119dem nas \u017cyczenia. Podobnie jak \u017cyczymy sobie nawzajem, i B\u00f3g \u017cyczy nam zdrowia, ale nie tylko tego, \u017ceby by\u0142o zdrowe nasze cia\u0142o. B\u00f3g wie, \u017ce cz\u0142owiek naprawd\u0119 tylko wtedy jest zdrowy, gdy ma tak\u017ce zdrow\u0105 dusz\u0119, w kt\u00f3rej nie ma najgorszej choroby \u2013 grzechu. B\u00f3g r\u00f3wnie\u017c \u017cyczy nam szcz\u0119\u015bcia i d\u0142ugich lat \u017cycia. Ale On dobrze wie, \u017ce najd\u0142u\u017csze lata si\u0119 ko\u0144cz\u0105 i \u017ce najwi\u0119ksze nawet szcz\u0119\u015bcie na ziemi te\u017c ma sw\u00f3j koniec. B\u00f3g \u017cyczy nam wi\u0119c wiecznego \u017cycia, kt\u00f3re nigdy si\u0119 nie sko\u0144czy. \u017byczy nam te\u017c takiego szcz\u0119\u015bcia, o kt\u00f3rym \u015bw. Pawe\u0142 powiedzia\u0142: \u201eani ucho nie s\u0142ysza\u0142o, ani oko nie widzia\u0142o, ani w serce cz\u0142owieka nie wst\u0105pi\u0142o, co B\u00f3g przygotowa\u0142 tym, kt\u00f3rzy Go mi\u0142uj\u0105\u201d. Nasz Ojciec Niebieski chce, aby\u015bmy byli rado\u015bni, \u017ceby nam by\u0142o weso\u0142o. \u017byczy nam jednak, aby to by\u0142a rado\u015b\u0107 pe\u0142na i prawdziwa, kt\u00f3ra p\u0142ynie przede wszystkim z czystego sumienia. B\u00f3g chce naszej pomy\u015blno\u015bci doczesnej, ale ostrzega, aby\u015bmy nie przywi\u0105zali naszych serc do d\u00f3br ziemskich. On daje nam najwi\u0119kszy skarb \u2013 siebie samego, swoje wieczne \u017cycie, swoj\u0105 \u0142ask\u0119. B\u00f3g pragnie te\u017c, aby na \u015bwiecie by\u0142 pok\u00f3j, aby nie by\u0142o wojen. On jednak wie, \u017ce cz\u0142owiek mo\u017ce \u017cy\u0107 w kraju, w kt\u00f3rym nie ma wojny, ale ludzie mog\u0105 mie\u0107 niepok\u00f3j w sercach. B\u00f3g wi\u0119c \u017cyczy nam pokoju nie tylko mi\u0119dzy narodami, ale tak\u017ce pokoju w sercach. Zawierzmy wi\u0119c przysz\u0142o\u015b\u0107, ka\u017cdy dzie\u0144 nowego roku Maryi, Matce Jezusa i naszej.<\/p>\n<p><span style=\"color: #406028;\"><span style=\"font-family: Arial;\"><span style=\"font-size: large;\"><b>ks. Kazimierz Skwierawski<\/b><\/span><\/span><\/span><\/p>\n","protected":false},"excerpt":{"rendered":"<p>Pocz\u0105tek nowego roku kalendarzowego zwi\u0105zany jest w\u00a0liturgii z\u00a0zako\u0144czeniem oktawy narodzenia naszego Pana Jezusa Chrystusa. Jej zwie\u0144czeniem jest uroczysto\u015b\u0107 \u015awi\u0119tej Bo\u017cej Rodzicielki Maryi. W\u00a0ten spos\u00f3b Ona towarzyszy nam u\u00a0progu nowego roku. Staje przed nami w\u0142a\u015bnie taka: \u015awi\u0119ta Bo\u017ca Rodzicielka, zgodnie z\u00a0tym, co sama o\u00a0sobie prorokowa\u0142a: \u201eOto bowiem b\u0142ogos\u0142awi\u0107 mnie b\u0119d\u0105 odt\u0105d wszystkie pokolenia, gdy\u017c wielkie rzeczy uczyni\u0142 mi Wszechmocny. \u015awi\u0119te jest Jego imi\u0119\u201d . Mijaj\u0105 dwa tysi\u0105ce lat od tamtych czas\u00f3w. Jeste\u015bmy \u015bwiadomi, \u017ce s\u0142owa wspania\u0142ej modlitwy Maryi, tego Jej uwielbienia Boga, si\u0119 spe\u0142niaj\u0105. Ona rzeczywi\u015bcie jest przedmiotem zachwytu, podziwu i\u00a0dzi\u0119kczynienia dla wszystkich pokole\u0144. Przecie\u017c taka w\u0142a\u015bnie jawi si\u0119 przed nami dzisiaj. Maryja ca\u0142a jest b\u0142ogos\u0142awiona: \u0142ono, piersi i\u00a0wszystko, co J\u0105 stanowi, jest b\u0142ogos\u0142awione. Radujemy si\u0119 ogromnie b\u0142ogos\u0142awie\u0144stwem, kt\u00f3re sta\u0142o si\u0119 Jej udzia\u0142em, ale Jezus pragnie, aby\u015bmy na tym nie poprzestawali, lecz postarali si\u0119, aby i\u00a0nas ono dotkn\u0119\u0142o: b\u0142ogos\u0142awie\u0144stwo zwi\u0105zane ze s\u0142uchaniem s\u0142owa Bo\u017cego i\u00a0zachowywaniem go. Jest b\u0142ogos\u0142awiona Maryja, mog\u0119 by\u0107&hellip;<\/p>\n<p> <a class=\"more-link\" href=\"http:\/\/www.franciszek-walcz.pl\/?p=13397\">Czytaj dalej<\/a><\/p>\n","protected":false},"author":1,"featured_media":0,"comment_status":"closed","ping_status":"open","sticky":false,"template":"","format":"standard","meta":{"footnotes":""},"categories":[5],"tags":[],"class_list":{"0":"post-13397","1":"post","2":"type-post","3":"status-publish","4":"format-standard","6":"category-artykuly"},"brizy_media":[],"_links":{"self":[{"href":"http:\/\/www.franciszek-walcz.pl\/index.php?rest_route=\/wp\/v2\/posts\/13397","targetHints":{"allow":["GET"]}}],"collection":[{"href":"http:\/\/www.franciszek-walcz.pl\/index.php?rest_route=\/wp\/v2\/posts"}],"about":[{"href":"http:\/\/www.franciszek-walcz.pl\/index.php?rest_route=\/wp\/v2\/types\/post"}],"author":[{"embeddable":true,"href":"http:\/\/www.franciszek-walcz.pl\/index.php?rest_route=\/wp\/v2\/users\/1"}],"replies":[{"embeddable":true,"href":"http:\/\/www.franciszek-walcz.pl\/index.php?rest_route=%2Fwp%2Fv2%2Fcomments&post=13397"}],"version-history":[{"count":1,"href":"http:\/\/www.franciszek-walcz.pl\/index.php?rest_route=\/wp\/v2\/posts\/13397\/revisions"}],"predecessor-version":[{"id":13398,"href":"http:\/\/www.franciszek-walcz.pl\/index.php?rest_route=\/wp\/v2\/posts\/13397\/revisions\/13398"}],"wp:attachment":[{"href":"http:\/\/www.franciszek-walcz.pl\/index.php?rest_route=%2Fwp%2Fv2%2Fmedia&parent=13397"}],"wp:term":[{"taxonomy":"category","embeddable":true,"href":"http:\/\/www.franciszek-walcz.pl\/index.php?rest_route=%2Fwp%2Fv2%2Fcategories&post=13397"},{"taxonomy":"post_tag","embeddable":true,"href":"http:\/\/www.franciszek-walcz.pl\/index.php?rest_route=%2Fwp%2Fv2%2Ftags&post=13397"}],"curies":[{"name":"wp","href":"https:\/\/api.w.org\/{rel}","templated":true}]}}