{"id":13502,"date":"2021-01-02T13:06:17","date_gmt":"2021-01-02T12:06:17","guid":{"rendered":"http:\/\/www.franciszek-walcz.pl\/?p=13502"},"modified":"2021-01-02T13:06:17","modified_gmt":"2021-01-02T12:06:17","slug":"jestem-wybrany","status":"publish","type":"post","link":"http:\/\/www.franciszek-walcz.pl\/?p=13502","title":{"rendered":"Jestem wybrany"},"content":{"rendered":"<p>Ka\u017cdy z nas zapewne chocia\u017c raz w \u017cyciu pragn\u0105\u0142 by\u0107 tym, kt\u00f3ry zosta\u0142 wybrany. Przecie\u017c ju\u017c ma\u0142e dziecko chce si\u0119 bawi\u0107 ze swoimi r\u00f3wie\u015bnikami, a kiedy nie zostanie wybrane do wsp\u00f3lnej zabawy \u2013 p\u0142acze. M\u0142ody cz\u0142owiek chcia\u0142by nale\u017ce\u0107 do takiej czy innej grupy koleg\u00f3w, a kiedy daj\u0105 mu pozna\u0107, \u017ce jest tam raczej niemile widziany \u2013 jest mu przykro. Mamy zapewne w\u0142asne, zar\u00f3wno pozytywne, jak i negatywne, do\u015bwiadczenia z tym zwi\u0105zane. We\u017amy cho\u0107by egzaminy do szko\u0142y czy na studia. Zdawali\u015bmy je, a potem z dr\u017ceniem serca sprawdzali\u015bmy listy przyj\u0119tych. Podobnych przyk\u0142ad\u00f3w mogliby\u015bmy przytoczy\u0107 wiele \u2013 z pewno\u015bci\u0105 zawsze wi\u0105za\u0142o si\u0119 to z ogromnymi emocjami.<\/p>\n<p>Ale to wszystko jest niczym wobec sytuacji, w kt\u00f3rej cz\u0142owiek zaczyna si\u0119 zastanawia\u0107, czy jego \u017cycie ma jakikolwiek sens i warto\u015b\u0107 i czy on sam godzien jest tego, aby kto\u015b si\u0119 nim zainteresowa\u0142. To mo\u017ce nawet przerodzi\u0107 si\u0119 w wielki osobisty dramat tego, kt\u00f3ry w\u0105tpi, aby m\u00f3g\u0142 by\u0107 przez kogokolwiek i do czegokolwiek wybrany; prze\u017cywa w zwi\u0105zku z tym ogromne rozczarowania, prowadz\u0105ce niekiedy do rozpaczy, a w skrajnych przypadkach do odebrania sobie \u017cycia. Nikt z nas nie jest wolny od tego rodzaju prze\u017cy\u0107. Dlatego jak\u017ce wa\u017cne jest, aby us\u0142ysze\u0107 to, co B\u00f3g do nas dzisiaj m\u00f3wi. A On kieruje ku nam s\u0142owa zdumiewaj\u0105ce, a przecie\u017c prawdziwe.<\/p>\n<p>S\u0142yszeli\u015bmy, \u017ce \u0142aska i prawda przysz\u0142y przez Jezusa Chrystusa: \u201eW Nim [B\u00f3g] wybra\u0142 nas przed za\u0142o\u017ceniem \u015bwiata, aby\u015bmy byli \u015bwi\u0119ci i nieskalani przed Jego obliczem\u201d (Ef 1,4). A wi\u0119c zanim zaistnia\u0142 \u015bwiat, nim cokolwiek powsta\u0142o, B\u00f3g nas wybra\u0142. Zostali\u015bmy wybrani \u2013 i to zar\u00f3wno ka\u017cdy z nas tu obecnych, jak i ka\u017cdy cz\u0142owiek, kt\u00f3ry si\u0119 kiedykolwiek narodzi\u0142 i narodzi. To jest rzeczywisto\u015b\u0107 niezaprzeczalna! Tote\u017c o ile z ludzkiego punktu widzenia rzecz\u0105 wa\u017cn\u0105 jest przynale\u017cno\u015b\u0107 do takiej czy innej wsp\u00f3lnoty lub akceptacja przez drugiego cz\u0142owieka, to przecie\u017c to wszystko jest niczym wobec tego, \u017ce B\u00f3g wybra\u0142 ka\u017cdego z nas! Mamy zatem pewny i sta\u0142y punkt oparcia, kt\u00f3rego nikt nie jest w stanie zniszczy\u0107, usun\u0105\u0107 czy nam go odebra\u0107. To tylko my sami mo\u017cemy tego albo w og\u00f3le nie zauwa\u017cy\u0107, albo zlekcewa\u017cy\u0107.<\/p>\n<p>B\u00f3g wybra\u0142 nas przed za\u0142o\u017ceniem \u015bwiata! Jest to dla nas niesamowite objawienie. To jest w\u0142a\u015bnie Dobra Nowina. On bowiem m\u00f3wi: \u201eDaj\u0119 ci pewny i niezawodny punkt oparcia, nadaj\u0119 twojemu \u017cyciu sens. Niezale\u017cnie od tego, jak sam siebie postrzegasz, b\u0105d\u017a pewien, \u017ce Ja ciebie wybra\u0142em. Masz bardzo wyra\u017anie uzasadniony pocz\u0105tek: uczyni\u0142em to z mi\u0142o\u015bci, zgodnie z postanowieniem mojej woli. A twoje pragnienie przynale\u017cno\u015bci jest w swej istocie niczym innym jak t\u0119sknot\u0105 za mi\u0142o\u015bci\u0105\u201d. Tak to dok\u0142adnie zapisa\u0142 \u015bw. Pawe\u0142: \u201eZ mi\u0142o\u015bci przeznaczy\u0142 nas dla siebie jako przybranych syn\u00f3w przez Jezusa Chrystusa, wed\u0142ug postanowienia swej woli\u201d (Ef 1, 4-5). Jak\u017ce cz\u0119sto wr\u0119cz rozpaczliwie poszukujemy przynale\u017cno\u015bci do jakiej\u015b przypadkowej grupy czy wsp\u00f3lnoty, gdy tymczasem B\u00f3g wybra\u0142 nas w spos\u00f3b ca\u0142kowicie bezinteresowny i darmowy, bo w \u017caden spos\u00f3b nie byliby\u015bmy w stanie na to zas\u0142u\u017cy\u0107. On jednak od samego pocz\u0105tku ogarnia nas i przenika swoj\u0105 mi\u0142o\u015bci\u0105, nadaj\u0105c naszemu \u017cyciu tre\u015b\u0107 i sens i wyznaczaj\u0105c cel, bo wybra\u0142 nas, aby\u015bmy byli \u015bwi\u0119ci i nieskalani przed Jego obliczem.<\/p>\n<p>Kiedy \u00f3w Bo\u017cy wyb\u00f3r przyniesie w nas owoce? Kiedy odczujemy ogarniaj\u0105c\u0105 nas Bo\u017c\u0105 mi\u0142o\u015b\u0107? Stanie si\u0119 to tylko w\u00f3wczas, gdy nie b\u0119dziemy im zaprzecza\u0107; gdy z wdzi\u0119czno\u015bci\u0105 przyjmiemy wyb\u00f3r Boga i otworzymy si\u0119 na Jego mi\u0142o\u015b\u0107, ciesz\u0105c si\u0119 mo\u017cliwo\u015bci\u0105 realizacji Bo\u017cych zamys\u0142\u00f3w. Bo przecie\u017c tak naprawd\u0119 pragniemy zjednoczy\u0107 si\u0119 z Tym, kt\u00f3ry nas wybra\u0142 i uczyni\u0142 to na wieczno\u015b\u0107. A swoj\u0105 nieodwo\u0142aln\u0105 decyzj\u0119 podpisa\u0142 krwi\u0105 Jednorodzonego Syna. Dopiero kiedy sobie to w pe\u0142ni u\u015bwiadomimy, staje si\u0119 dla nas oczywiste, \u017ce w\u0142a\u015bnie B\u00f3g, i tylko B\u00f3g, nadaje prawdziwy sens i warto\u015b\u0107 naszemu \u017cyciu. I w\u00f3wczas pod\u0105\u017canie drog\u0105 \u015bwi\u0119to\u015bci staje si\u0119 naszym najwi\u0119kszym pragnieniem, bo tylko ono daje szans\u0119, by\u015bmy byli nieskalani przed Jego obliczem \u2013 przed kt\u00f3rym ka\u017cdy z nas kiedy\u015b stanie.<\/p>\n<p>\u015awi\u0119ty Pawe\u0142 napisa\u0142 w Li\u015bcie do Tytusa: \u201eUkaza\u0142a si\u0119 bowiem \u0142aska Boga, kt\u00f3ra niesie zbawienie wszystkim ludziom i poucza nas, aby\u015bmy wyrzek\u0142szy si\u0119 bezbo\u017cno\u015bci i \u017c\u0105dz \u015bwiatowych, rozumnie i sprawiedliwie, i pobo\u017cnie \u017cyli na tym \u015bwiecie\u201d (2,11-12). To \u0142aska, kt\u00f3rej B\u00f3g nam udziela, niesie ka\u017cdemu zbawienie i ukazuje prawd\u0119 \u017cycia. Ona nami kieruje, aby\u015bmy chodzili \u015bcie\u017ckami Jego woli i by nie by\u0142o w nas niczego, co mog\u0142oby Go zasmuci\u0107. Wszak wszelkie decyzje, wybory i poczynania dokonywane z pomini\u0119ciem Boga \u015bwiadcz\u0105 o naszej bezbo\u017cno\u015bci i braku mi\u0142o\u015bci i bole\u015bnie Go rani\u0105. A przecie\u017c On ka\u017cdemu z nas da\u0142 wszystko, aby\u015bmy rzeczywi\u015bcie mogli pod\u0105\u017ca\u0107 drog\u0105 \u017cycia \u015bwi\u0119tego i nieskalanego, a przede wszystkim naznaczonego pewno\u015bci\u0105, \u017ce jeste\u015bmy przez Niego mi\u0142owani.<\/p>\n<p>Trzeba nam si\u0119 cz\u0119sto nad tym g\u0142\u0119boko pochyla\u0107, by zobaczy\u0107, jak to jest z nasz\u0105 wiar\u0105, nadziej\u0105 i mi\u0142o\u015bci\u0105 oraz odpowiedzi\u0105 na ten przedziwny wyb\u00f3r dokonany przez Boga: z mi\u0142o\u015bci, wed\u0142ug nieodwo\u0142alnego postanowienia Jego woli. Czy to naprawd\u0119 sprawia, \u017ce dalekie jest od nas wszelkie zw\u0105tpienie, rozpacz czy brak ufno\u015bci? Co jest przecie\u017c obraz\u0105 Boga, kt\u00f3ry nas wybra\u0142, umi\u0142owa\u0142 i nieustannie podtrzymuje swoj\u0105 mi\u0142o\u015bci\u0105.<\/p>\n<p>Pro\u015bmy dzi\u015b Ducha \u015awi\u0119tego, aby otwiera\u0142 nas na t\u0119 wielk\u0105 prawd\u0119, by ona przenika\u0142a nasze \u017cycie do g\u0142\u0119bi, tak by\u015bmy z zapa\u0142em, rado\u015bci\u0105 i wdzi\u0119czno\u015bci\u0105 realizowali wyb\u00f3r Boga wzgl\u0119dem nas w ca\u0142ym \u017cyciu.<\/p>\n<p>ks. Kazimierz Skwierawski<\/p>\n","protected":false},"excerpt":{"rendered":"<p>Ka\u017cdy z nas zapewne chocia\u017c raz w \u017cyciu pragn\u0105\u0142 by\u0107 tym, kt\u00f3ry zosta\u0142 wybrany. Przecie\u017c ju\u017c ma\u0142e dziecko chce si\u0119 bawi\u0107 ze swoimi r\u00f3wie\u015bnikami, a kiedy nie zostanie wybrane do wsp\u00f3lnej zabawy \u2013 p\u0142acze. M\u0142ody cz\u0142owiek chcia\u0142by nale\u017ce\u0107 do takiej czy innej grupy koleg\u00f3w, a kiedy daj\u0105 mu pozna\u0107, \u017ce jest tam raczej niemile widziany \u2013 jest mu przykro. Mamy zapewne w\u0142asne, zar\u00f3wno pozytywne, jak i negatywne, do\u015bwiadczenia z tym zwi\u0105zane. We\u017amy cho\u0107by egzaminy do szko\u0142y czy na studia. Zdawali\u015bmy je, a potem z dr\u017ceniem serca sprawdzali\u015bmy listy przyj\u0119tych. Podobnych przyk\u0142ad\u00f3w mogliby\u015bmy przytoczy\u0107 wiele \u2013 z pewno\u015bci\u0105 zawsze wi\u0105za\u0142o si\u0119 to z ogromnymi emocjami. Ale to wszystko jest niczym wobec sytuacji, w kt\u00f3rej cz\u0142owiek zaczyna si\u0119 zastanawia\u0107, czy jego \u017cycie ma jakikolwiek sens i warto\u015b\u0107 i czy on sam godzien jest tego, aby kto\u015b si\u0119 nim zainteresowa\u0142. To mo\u017ce nawet przerodzi\u0107 si\u0119 w wielki osobisty dramat tego, kt\u00f3ry w\u0105tpi, aby&hellip;<\/p>\n<p> <a class=\"more-link\" href=\"http:\/\/www.franciszek-walcz.pl\/?p=13502\">Czytaj dalej<\/a><\/p>\n","protected":false},"author":1,"featured_media":0,"comment_status":"closed","ping_status":"open","sticky":false,"template":"","format":"standard","meta":{"footnotes":""},"categories":[5],"tags":[],"class_list":{"0":"post-13502","1":"post","2":"type-post","3":"status-publish","4":"format-standard","6":"category-artykuly"},"brizy_media":[],"_links":{"self":[{"href":"http:\/\/www.franciszek-walcz.pl\/index.php?rest_route=\/wp\/v2\/posts\/13502","targetHints":{"allow":["GET"]}}],"collection":[{"href":"http:\/\/www.franciszek-walcz.pl\/index.php?rest_route=\/wp\/v2\/posts"}],"about":[{"href":"http:\/\/www.franciszek-walcz.pl\/index.php?rest_route=\/wp\/v2\/types\/post"}],"author":[{"embeddable":true,"href":"http:\/\/www.franciszek-walcz.pl\/index.php?rest_route=\/wp\/v2\/users\/1"}],"replies":[{"embeddable":true,"href":"http:\/\/www.franciszek-walcz.pl\/index.php?rest_route=%2Fwp%2Fv2%2Fcomments&post=13502"}],"version-history":[{"count":1,"href":"http:\/\/www.franciszek-walcz.pl\/index.php?rest_route=\/wp\/v2\/posts\/13502\/revisions"}],"predecessor-version":[{"id":13503,"href":"http:\/\/www.franciszek-walcz.pl\/index.php?rest_route=\/wp\/v2\/posts\/13502\/revisions\/13503"}],"wp:attachment":[{"href":"http:\/\/www.franciszek-walcz.pl\/index.php?rest_route=%2Fwp%2Fv2%2Fmedia&parent=13502"}],"wp:term":[{"taxonomy":"category","embeddable":true,"href":"http:\/\/www.franciszek-walcz.pl\/index.php?rest_route=%2Fwp%2Fv2%2Fcategories&post=13502"},{"taxonomy":"post_tag","embeddable":true,"href":"http:\/\/www.franciszek-walcz.pl\/index.php?rest_route=%2Fwp%2Fv2%2Ftags&post=13502"}],"curies":[{"name":"wp","href":"https:\/\/api.w.org\/{rel}","templated":true}]}}