{"id":13680,"date":"2021-01-05T20:06:30","date_gmt":"2021-01-05T19:06:30","guid":{"rendered":"http:\/\/www.franciszek-walcz.pl\/?p=13680"},"modified":"2021-01-05T20:09:16","modified_gmt":"2021-01-05T19:09:16","slug":"komunikat-przewodniczacego-komisji-episkopatu-polski-2","status":"publish","type":"post","link":"http:\/\/www.franciszek-walcz.pl\/?p=13680","title":{"rendered":"Komunikat przewodnicz\u0105cego Komisji  Episkopatu Polski"},"content":{"rendered":"<p><strong>Kom<\/strong><strong>u<\/strong><strong>n<\/strong><strong>i<\/strong><strong>k<\/strong><strong>a<\/strong><strong>t<\/strong> <strong>p<\/strong><strong>r<\/strong><strong>z<\/strong><strong>e<\/strong><strong>w<\/strong><strong>o<\/strong><strong>d<\/strong><strong>n<\/strong><strong>i<\/strong><strong>c<\/strong><strong>z<\/strong><strong>\u0105<\/strong><strong>c<\/strong><strong>e<\/strong><strong>go<\/strong> <strong>K<\/strong><strong>om<\/strong><strong>i<\/strong><strong>sji <\/strong> <strong>E<\/strong><strong>p<\/strong><strong>i<\/strong><strong>s<\/strong><strong>k<\/strong><strong>o<\/strong><strong>p<\/strong><strong>a<\/strong><strong>tu<\/strong> <strong>P<\/strong><strong>o<\/strong><strong>l<\/strong><strong>s<\/strong><strong>k<\/strong><strong>i <\/strong> <strong>d<\/strong><strong>s.<\/strong> <strong>Mis<\/strong><strong>j<\/strong><strong>i <\/strong><strong>n<\/strong><strong>a<\/strong> <strong>D<\/strong><strong>z<\/strong><strong>i<\/strong><strong>e<\/strong><strong>\u0144<\/strong> <strong>M<\/strong><strong>o<\/strong><strong>d<\/strong><strong>l<\/strong><strong>it<\/strong><strong>w<\/strong><strong>y<\/strong> <strong>i<\/strong> <strong>P<\/strong><strong>omocy<\/strong> <strong>Misj<\/strong><strong>o<\/strong><strong>m<\/strong><\/p>\n<p><strong>p<\/strong><strong>r<\/strong><strong>z<\/strong><strong>y<\/strong><strong>p<\/strong><strong>ad<\/strong><strong>a<\/strong><strong>j<\/strong><strong>\u0105<\/strong><strong>cy <\/strong> <strong>w<\/strong> <strong>U<\/strong><strong>r<\/strong><strong>oc<\/strong><strong>z<\/strong><strong>ys<\/strong><strong>t<\/strong><strong>o\u015b\u0107<\/strong> <strong>O<\/strong><strong>b<\/strong><strong>j<\/strong><strong>a<\/strong><strong>w<\/strong><strong>i<\/strong><strong>e<\/strong><strong>n<\/strong><strong>i<\/strong><strong>a<\/strong> <strong>P<\/strong><strong>a<\/strong><strong>\u0144<\/strong><strong>s<\/strong><strong>k<\/strong><strong>i<\/strong><strong>e<\/strong><strong>go<\/strong><\/p>\n<p><strong>6<\/strong> <strong>sty<\/strong><strong>c<\/strong><strong>z<\/strong><strong>n<\/strong><strong>ia <\/strong> <strong>2<\/strong><strong>0<\/strong><strong>2<\/strong><strong>1<\/strong> <strong>r.<\/strong><\/p>\n<p><strong>Umi\u0142<\/strong><strong>o<\/strong><strong>w<\/strong><strong>a<\/strong><strong>n<\/strong><strong>i<\/strong> <strong>w<\/strong> <strong>C<\/strong><strong>h<\/strong><strong>r<\/strong><strong>yst<\/strong><strong>u<\/strong><strong>s<\/strong><strong>ie<\/strong> <strong>P<\/strong><strong>an<\/strong><strong>u<\/strong><strong>,<\/strong> <strong>B<\/strong><strong>r<\/strong><strong>a<\/strong><strong>c<\/strong><strong>i<\/strong><strong>a<\/strong> <strong>i<\/strong> <strong>S<\/strong><strong>i<\/strong><strong>o<\/strong><strong>st<\/strong><strong>r<\/strong><strong>y!<\/strong><\/p>\n<p>W atmosferze \u015bwi\u0105tecznej prze\u017cywamy tajemnic\u0119 S\u0142owa Wcielonego, kt\u00f3re \u201esta\u0142o si\u0119 cia\u0142em i zamieszka\u0142a w\u015br\u00f3d nas\u201d (J 1,14). \u015awi\u0119to Epifanii, kt\u00f3re dzisiaj obchodzimy odnosi si\u0119 do Objawienia si\u0119 Jezusa \u2013 \u015awiat\u0142o\u015bci \u015bwiata \u2013 wszystkim narodom. W Bo\u017ce Narodzenie \u015bwi\u0119towali\u015bmy przyj\u015bcie Boga na \u015bwiat w skryto\u015bci stajni betlejemskiej, dzisiaj prze\u017cywamy przyj\u015bcie odwiecznego S\u0142owa Ojca dla zbawienia wszystkich narod\u00f3w.<\/p>\n<p>M\u0119drcy ze Wschodu poszukuj\u0105cy Nowonarodzonego Zbawiciela, ujrzeli gwiazd\u0119, ruszyli w drog\u0119 i przybyli do Betlejem pokonuj\u0105c wszelkie przeszkody \u2013 w tym Heroda \u2013 aby spotka\u0107 si\u0119 z Chrystusem i odda\u0107 Mu pok\u0142on. Stali si\u0119 oni uosobieniem lud\u00f3w poga\u0144skich i \u015bwiata \u00f3wczesnej nauki.<\/p>\n<p>Rozwa\u017caj\u0105c tajemnic\u0119 Objawienia Pa\u0144skiego, prze\u017cywamy dzi\u015b Dzie\u0144 Modlitwy i Pomocy Misjom. Wraz z ca\u0142ym Ko\u015bcio\u0142em modlimy si\u0119 za ludy i narody, kt\u00f3re jeszcze nie s\u0142ysza\u0142y o Chrystusie i nie pozna\u0142y Ewangelii. W nawi\u0105zaniu do trzyletniego programu duszpasterskiego, obchodzimy ten dzie\u0144 pod has\u0142em: \u201eEucharystia objawieniem mi\u0142o\u015bci\u201d<em>. <\/em>U\u015bwiadamiamy sobie, \u017ce wci\u0105gu wiek\u00f3w wielcy \u015awi\u0119ci nosili w sercu przeogromn\u0105 mi\u0142o\u015b\u0107 do Jezusa Eucharystycznego. Byli lud\u017ami g\u0142\u0119bokiej adoracji. Modlitwy pe\u0142nej \u017caru. Zawstydzaj\u0105 nas swoim pragnieniem ca\u0142kowitego pogr\u0105\u017cenia si\u0119 w Bogu i zjednoczenia z Chrystusem. Oni nie liczyli czasu przeznaczonego na adoracj\u0119. Nie trzeba by\u0142o \u017cadnego przykazania, kt\u00f3re zach\u0119ca\u0142oby ich do Komunii \u015awi\u0119tej. Kiedy uwierzyli w realn\u0105 obecno\u015b\u0107 Jezusa w Eucharystii, gotowi byli zostawi\u0107 wszystko, aby trwa\u0107 w adoracji, uwielbieniu, zachwycie przed Jezusem utajonym w Naj\u015bwi\u0119tszym Sakramencie. Je\u015bli byli kap\u0142anami, jak Ojciec Pio, tracili poczucie czasu podczas odprawiania Mszy \u015awi\u0119tej. Popadali w ekstaz\u0119, kt\u00f3ra zmienia\u0142a wygl\u0105d ich twarzy. Zjednoczeni z Panem, nie chcieli wraca\u0107 do rzeczywisto\u015bci ziemskiej, gdy\u017c ta ju\u017c ich nie cieszy\u0142a. To, co ziemskie, stawa\u0142o si\u0119 znikome i marne, niegodne uwagi wobec Jezusa.<\/p>\n<p>S\u0142uga Bo\u017ca, dr Wanda B\u0142e\u0144ska, kt\u00f3ra swe \u017cycie po\u015bwi\u0119ci\u0142a leczeniu tr\u0119dowatych w Ugandzie, wyzna\u0142a: \u201eGdybym nie przyjmowa\u0142a codziennie Eucharystii, nie mia\u0142abym si\u0142 pracowa\u0107\u201d. Eucharystia by\u0142a szko\u0142\u0105 po\u015bwi\u0119cenia i mi\u0142o\u015bci braterskiej dla s\u0142ugi Bo\u017cego o. Mariana<\/p>\n<p>\u017belazka, misjonarza-werbisty, kt\u00f3ry po\u015bwi\u0119ci\u0142 si\u0119 s\u0142u\u017cbie tr\u0119dowatym w Indiach. M\u00f3wi\u0142 on: \u201eTylko misjonarz \u017cyj\u0105cy g\u0142\u0119bok\u0105 wiar\u0105, uprzejmy, i tak zwyczajnie dobry, mo\u017ce przybli\u017cy\u0107 ludziom Chrystusa\u201d.<\/p>\n<p>Niech ich przyk\u0142ad zach\u0119ci nas do tego, aby\u015bmy rozpalili w sobie cze\u015b\u0107 dla Jezusa Eucharystycznego i z mi\u0142o\u015bci\u0105 prze\u017cywali Jego sakramentaln\u0105 obecno\u015b\u0107 w\u015br\u00f3d nas. Mi\u0142o\u015b\u0107 ma prawo do naszej mi\u0142o\u015bci. B\u00f3g da\u0142 nam serca, aby\u015bmy byli zdolni i my kocha\u0107 Jezusa objawiaj\u0105cego nam i Trzem M\u0119drcom sw\u0105 mi\u0142o\u015b\u0107 w Eucharystii.<\/p>\n<p>Obecna sytuacja zmienia rzeczywisto\u015b\u0107, w kt\u00f3rej \u017cyjemy, ale zapewne zmienia r\u00f3wnie\u017c i nas samych. Wierzmy, \u017ce dzi\u0119ki wysi\u0142kowi ludzi i naszej wsp\u00f3lnej modlitwie, Bo\u017ca \u0142aska pomo\u017ce prze\u017cy\u0107 nam ten trudny czas niepokoj\u00f3w i obaw.<\/p>\n<p><strong>S<\/strong><strong>ios<\/strong><strong>t<\/strong><strong>r<\/strong><strong>y<\/strong> <strong>i<\/strong> <strong>B<\/strong><strong>r<\/strong><strong>a<\/strong><strong>ci<\/strong><strong>a<\/strong><strong>,<\/strong><\/p>\n<p>cieszy nas, \u017ce 1883 polskich misjonarzy i misjonarek pos\u0142uguje w 99 krajach misyjnych. S\u0105 obecni w dalekiej Ameryce \u0141aci\u0144skiej i na Karaibach, w Afryce i Azji, a nawet Oceanii i na zimnej Alasce. Misjonarze nie tylko g\u0142osz\u0105 Ewangeli\u0119 i formuj\u0105 wsp\u00f3lnoty wiary, ale tak\u017ce pe\u0142ni\u0105 dzie\u0142a mi\u0142osierdzia. Udr\u0119czonym ub\u00f3stwem, chorobami, restrykcjami podczas trwaj\u0105cej pandemii i g\u0142odem, spo\u0142eczno\u015bciom lokalnym nios\u0105 nadziej\u0119, pociech\u0119 i bezinteresown\u0105 pomoc. Udzielaj\u0105 schronienia i wsparcia cierpi\u0105cym. By mogli skutecznie s\u0142u\u017cy\u0107 ubogim i cierpi\u0105cym, potrzebuj\u0105 naszego zaanga\u017cowania duchowego i materialnego.<\/p>\n<p>Wszyscy pomagajmy misjom, nie tylko dzisiaj, gdy zgodnie z \u017cyczeniem Konferencji Episkopatu Polski, we wszystkich parafiach zbierane s\u0105 ofiary na Krajowy Fundusz Misyjny. Z nich utrzymuje si\u0119 r\u00f3wnie\u017c Centrum Formacji Misyjnej w Warszawie, przygotowuj\u0105ce misjonarzy do pos\u0142ugi misyjnej. W tym roku przygotowuje si\u0119 17 os\u00f3b: 8 z nich to kap\u0142ani diecezjalni, 2 kap\u0142an\u00f3w zakonnych, 1 brat zakonny, 1 siostra zakonna i 5 os\u00f3b \u015bwieckich.<\/p>\n<p>Objawienie Pa\u0144skie jest patronalnym \u015bwi\u0119tem Papieskiego Dzie\u0142a Misyjnego Dzieci, kt\u00f3re w tym czasie pandemii \u0142\u0105cz\u0105 si\u0119 szczeg\u00f3lnie w modlitwie. Niekt\u00f3re z nich przebrane w stroje symbolizuj\u0105ce 5 kontynent\u00f3w stan\u0105 si\u0119 nielicznymi kol\u0119dnikami misyjnymi, a zebrane ofiary przeka\u017c\u0105 w tym roku dzieciom masajskim.<\/p>\n<p>Dzisiejszy Orszak Trzech Kr\u00f3li w sytuacji zwi\u0105zanej z pandemi\u0105<\/p>\n<p>COVID 19, odb\u0119dzie si\u0119 te\u017c w nowej ods\u0142onie.<\/p>\n<p>W imieniu wszystkich misjonarek i misjonarzy oraz tych, kt\u00f3rzy wkr\u00f3tce wyrusz\u0105 na misyjne szlaki, sk\u0142adam serdeczne podzi\u0119kowanie za Wasz\u0105 modlitw\u0119 i ofiarno\u015b\u0107, za trosk\u0119 o misje w \u015bwiecie. Szczeg\u00f3lne s\u0142owa<\/p>\n<p>wdzi\u0119czno\u015bci kieruj\u0119 do wielu polskich rodzin, kt\u00f3re w trudnym czasie pandemii odkry\u0142y na nowo, \u017ce s\u0105 \u201eKo\u015bcio\u0142em domowym\u201d i sw\u0105 modlitw\u0105 i ofiarno\u015bci\u0105 wspiera\u0142y misjonarzy.<\/p>\n<p>Dzi\u0119kuj\u0119 wszystkim za solidarno\u015b\u0107 okazan\u0105 misjonarzom w tym trudnym czasie pandemii. Dzi\u0119ki Waszej ofiarno\u015bci utworzyli\u015bmy Fundusz pomocy dla poszkodowanych w dobie koronawirusa. Misjonarzom i misjonarkom trwaj\u0105cym na plac\u00f3wkach misyjnych przekazali\u015bmy ponad 2,6 mln z\u0142otych na pomoc \u017cywno\u015bciow\u0105, lekarstwa i zakup \u015brodk\u00f3w czysto\u015bci i maseczek dla najubo\u017cszej ludno\u015bci.<\/p>\n<p>Niech Chrystus, kt\u00f3ry objawi\u0142 si\u0119 narodom poga\u0144skim, dzi\u0119ki pos\u0142udze misyjnej Ko\u015bcio\u0142a dotrze do serc i umys\u0142\u00f3w tych wszystkich, kt\u00f3rzy Go jeszcze nie znaj\u0105 i objawi im swoj\u0105 mi\u0142o\u015b\u0107 w Eucharystii. Niech nape\u0142nia swym b\u0142ogos\u0142awie\u0144stwem i rado\u015bci\u0105 dobrodziej\u00f3w misji i obdarza potrzebnymi \u0142askami.<\/p>\n<p>Z serca b\u0142ogos\u0142awi\u0119 w Imi\u0119 Ojca i Syna, i Ducha \u015awi\u0119tego<\/p>\n<p>+Jerzy Mazur SVD<\/p>\n<p>Przewodnicz\u0105cy Komisji Episkopatu Polski ds.\u00a0Misji<\/p>\n<p>Warszawa \u2013 E\u0142k, 18 pa\u017adziernika 2020 r.<\/p>\n","protected":false},"excerpt":{"rendered":"<p>Komunikat przewodnicz\u0105cego Komisji Episkopatu Polski ds. Misji na Dzie\u0144 Modlitwy i Pomocy Misjom przypadaj\u0105cy w Uroczysto\u015b\u0107 Objawienia Pa\u0144skiego 6 stycznia 2021 r. Umi\u0142owani w Chrystusie Panu, Bracia i Siostry! W atmosferze \u015bwi\u0105tecznej prze\u017cywamy tajemnic\u0119 S\u0142owa Wcielonego, kt\u00f3re \u201esta\u0142o si\u0119 cia\u0142em i zamieszka\u0142a w\u015br\u00f3d nas\u201d (J 1,14). \u015awi\u0119to Epifanii, kt\u00f3re dzisiaj obchodzimy odnosi si\u0119 do Objawienia si\u0119 Jezusa \u2013 \u015awiat\u0142o\u015bci \u015bwiata \u2013 wszystkim narodom. W Bo\u017ce Narodzenie \u015bwi\u0119towali\u015bmy przyj\u015bcie Boga na \u015bwiat w skryto\u015bci stajni betlejemskiej, dzisiaj prze\u017cywamy przyj\u015bcie odwiecznego S\u0142owa Ojca dla zbawienia wszystkich narod\u00f3w. M\u0119drcy ze Wschodu poszukuj\u0105cy Nowonarodzonego Zbawiciela, ujrzeli gwiazd\u0119, ruszyli w drog\u0119 i przybyli do Betlejem pokonuj\u0105c wszelkie przeszkody \u2013 w tym Heroda \u2013 aby spotka\u0107 si\u0119 z Chrystusem i odda\u0107 Mu pok\u0142on. Stali si\u0119 oni uosobieniem lud\u00f3w poga\u0144skich i \u015bwiata \u00f3wczesnej nauki. Rozwa\u017caj\u0105c tajemnic\u0119 Objawienia Pa\u0144skiego, prze\u017cywamy dzi\u015b Dzie\u0144 Modlitwy i Pomocy Misjom. Wraz z ca\u0142ym Ko\u015bcio\u0142em modlimy si\u0119 za ludy i narody, kt\u00f3re jeszcze&hellip;<\/p>\n<p> <a class=\"more-link\" href=\"http:\/\/www.franciszek-walcz.pl\/?p=13680\">Czytaj dalej<\/a><\/p>\n","protected":false},"author":1,"featured_media":0,"comment_status":"closed","ping_status":"open","sticky":false,"template":"","format":"standard","meta":{"footnotes":""},"categories":[1],"tags":[],"class_list":{"0":"post-13680","1":"post","2":"type-post","3":"status-publish","4":"format-standard","6":"category-uncategorized"},"brizy_media":[],"_links":{"self":[{"href":"http:\/\/www.franciszek-walcz.pl\/index.php?rest_route=\/wp\/v2\/posts\/13680","targetHints":{"allow":["GET"]}}],"collection":[{"href":"http:\/\/www.franciszek-walcz.pl\/index.php?rest_route=\/wp\/v2\/posts"}],"about":[{"href":"http:\/\/www.franciszek-walcz.pl\/index.php?rest_route=\/wp\/v2\/types\/post"}],"author":[{"embeddable":true,"href":"http:\/\/www.franciszek-walcz.pl\/index.php?rest_route=\/wp\/v2\/users\/1"}],"replies":[{"embeddable":true,"href":"http:\/\/www.franciszek-walcz.pl\/index.php?rest_route=%2Fwp%2Fv2%2Fcomments&post=13680"}],"version-history":[{"count":2,"href":"http:\/\/www.franciszek-walcz.pl\/index.php?rest_route=\/wp\/v2\/posts\/13680\/revisions"}],"predecessor-version":[{"id":13682,"href":"http:\/\/www.franciszek-walcz.pl\/index.php?rest_route=\/wp\/v2\/posts\/13680\/revisions\/13682"}],"wp:attachment":[{"href":"http:\/\/www.franciszek-walcz.pl\/index.php?rest_route=%2Fwp%2Fv2%2Fmedia&parent=13680"}],"wp:term":[{"taxonomy":"category","embeddable":true,"href":"http:\/\/www.franciszek-walcz.pl\/index.php?rest_route=%2Fwp%2Fv2%2Fcategories&post=13680"},{"taxonomy":"post_tag","embeddable":true,"href":"http:\/\/www.franciszek-walcz.pl\/index.php?rest_route=%2Fwp%2Fv2%2Ftags&post=13680"}],"curies":[{"name":"wp","href":"https:\/\/api.w.org\/{rel}","templated":true}]}}