{"id":13688,"date":"2021-01-05T20:17:01","date_gmt":"2021-01-05T19:17:01","guid":{"rendered":"http:\/\/www.franciszek-walcz.pl\/?p=13688"},"modified":"2021-01-05T20:17:29","modified_gmt":"2021-01-05T19:17:29","slug":"objawienie-panskie","status":"publish","type":"post","link":"http:\/\/www.franciszek-walcz.pl\/?p=13688","title":{"rendered":"Objawienie Pa\u0144skie"},"content":{"rendered":"<p>W Ewangelii wed\u0142ug \u015bw. Mateusza czytamy, \u017ce M\u0119drcy weszli do domu i zobaczyli Dzieci\u0119 z Matk\u0105 Jego, Maryj\u0105,\u00a0upadli na twarz i\u00a0oddali Mu pok\u0142on\u00a0. Na pami\u0105tk\u0119 tego wydarzenia ju\u017c od IV wieku po Chrystusie obchodzimy uroczysto\u015b\u0107 Objawienia Pa\u0144skiego, zwan\u0105 tak\u017ce \u015bwi\u0119tem Trzech Kr\u00f3li. Jest to jedno z pierwszych \u015bwi\u0105t ustanowionych przez Ko\u015bci\u00f3\u0142.<\/p>\n<p>W tradycji wschodniej uroczysto\u015b\u0107 ta nazywana jest Epifani\u0105, czyli objawieniem si\u0119 Boga cz\u0142owiekowi w Jezusie Chrystusie. Obok Bo\u017cego Narodzenia i Zmartwychwstania Pa\u0144skiego jest to najstarsze i najbardziej uroczyste \u015bwi\u0119to obchodzone w Ko\u015bciele powszechnym.<\/p>\n<p>Uroczysto\u015b\u0107 Objawienia Pa\u0144skiego\u00a0stanowi dalszy ci\u0105g uroczysto\u015bci Bo\u017cego Narodzenia. Jezus Chrystus, kt\u00f3ry przyszed\u0142 na ziemi\u0119 w niewielkim miasteczku Betlejem, objawia si\u0119 teraz ca\u0142emu \u015bwiatu. Zaraz po narodzeniu objawi\u0142 si\u0119 prostym pasterzom, a dzisiaj nawiedzaj\u0105 Go M\u0119drcy ze Wschodu. Na pocz\u0105tku swojej dzia\u0142alno\u015bci publicznej staje nad brzegami Jordanu, aby tam wobec wszystkich przyj\u0105\u0107 chrzest od Jana Chrzciciela i ujawni\u0107 swoje mesja\u0144skie pos\u0142annictwo.<\/p>\n<p>Objawienie si\u0119 M\u0119drcom, kt\u00f3rzy przybyli z dalekiego Wschodu\u00a0ma dla nas g\u0142\u0119bokie w tre\u015bci przes\u0142anie. Jest nim prawda o objawieniu cz\u0142owiekowi tajemnicy zbawienia w Jezusie Chrystusie. W pierwszym czytaniu s\u0142yszymy, jak Prorok Izajasz g\u0142osi\u0142 nadej\u015bcie nowej epoki, w kt\u00f3rej do odnowionej Jerozolimy pod\u0105\u017ca\u0107 b\u0119d\u0105 narody. Psalmista za\u015b zapowiada, \u017ce kr\u00f3lowie Tarszisz i wysp przynios\u0105 dary, kr\u00f3lowie Szeby i Saby z\u0142o\u017c\u0105 danin\u0119. I oddadz\u0105 mu pok\u0142on wszyscy kr\u00f3lowie, wszystkie narody b\u0119d\u0105 mu s\u0142u\u017cy\u0142y . Aposto\u0142 Pawe\u0142 m\u00f3wi o powo\u0142aniu pogan do Ko\u015bcio\u0142a (II czytanie).<\/p>\n<p>W M\u0119drcach przyby\u0142ych do Betlejem, by pok\u0142oni\u0107 si\u0119 nowo narodzonemu Kr\u00f3lowi, tradycja chrze\u015bcija\u0144ska zawsze widzia\u0142a reprezentant\u00f3w wszystkich narod\u00f3w. Chrystus objawi\u0142 si\u0119 im jako Zbawiciel \u015bwiata. M\u0119drcy \u015bwiata, monarchowie, prowadzeni byli przez gwiazd\u0119. Gwiazda w kulturze Wschodu jest symbolem bosko\u015bci i znakiem Wielkiego Kr\u00f3la. Opu\u015bcili oni sw\u00f3j dom i swoj\u0105 ojczyzn\u0119, aby uda\u0107 si\u0119 w dalek\u0105 podr\u00f3\u017c. Towarzyszy\u0142a im nadzieja na odnalezienie nowo narodzonego Kr\u00f3la &#8211; Mesjasza.\u00a0Gdy Go odnale\u017ali, z\u0142o\u017cyli Mu w ofierze dary:\u00a0z\u0142oto,\u00a0kadzid\u0142o\u00a0i\u00a0mirr\u0119.\u00a0Czym dla nas wsp\u00f3\u0142czesnych s\u0105 te dary?<\/p>\n<p>Z\u0142oto\u00a0zawsze fascynowa\u0142o ludzi. Z\u0142oto zostaje oczyszczone przez ogie\u0144. Nie mo\u017cna z nim niczego zmiesza\u0107. Od dawien dawna z\u0142oto by\u0142o u\u017cywane podczas kultu, bo z\u0142oto przynale\u017cy bogom. Z\u0142oto ukazuje nie tylko Bosk\u0105 natur\u0119 Dzieci\u0105tka w \u017c\u0142obie, lecz tak\u017ce wskazuje na z\u0142oty blask naszej duszy. Nie jeste\u015bmy tylko lud\u017ami ziemi, lecz tak\u017ce lud\u017ami nieba.<\/p>\n<p>W wielu kulturach\u00a0kadzid\u0142a\u00a0u\u017cywa si\u0119 jako przyjemnego \u015brodka zapachowego. Snuj\u0105ce si\u0119 do nieba kadzid\u0142o jest obrazem naszej modlitwy, kt\u00f3ra wznosi si\u0119 do Boga, obrazem naszej t\u0119sknoty, wykraczaj\u0105cej poza codzienno\u015b\u0107. Nasza t\u0119sknota tak jak kadzid\u0142o unosi si\u0119 do nieba. Nie pozwala uwi\u0119zi\u0107 si\u0119 tu na ziemi. Posiada lekko\u015b\u0107 kadzid\u0142a. Przenika tak\u017ce przez wszystkie zamkni\u0119te drzwi. Otwiera ona serce i poszerza je. Kadzid\u0142o pi\u0119knie pachnie. Nape\u0142nia nasze \u017cycie tajemniczym zapachem, boskim aromatem.<\/p>\n<p>Mirra\u00a0jest jednocze\u015bnie \u015brodkiem uzdrawiaj\u0105cym, lecz\u0105cym nasze rany. W podarunku mirry powierzamy Bogu wszystkie nasze rany. Przynosimy to, co mamy najcenniejszego, wiele zranie\u0144 z historii naszego \u017cycia. Rany nas odmieni\u0142y. Zmusi\u0142y nas, by zdystansowa\u0107 si\u0119 od zdobytego bogactwa. Najwarto\u015bciowsze, co posiadamy, to serce, potrafi\u0105ce kocha\u0107. Rany przywiod\u0142y nas do kontaktu z naszym sercem. Z\u0142amane i zranione serce przynosimy Bo\u017cemu Dzieci\u0105tku, ufaj\u0105c, \u017ce te rany uzdrowi i przemieni. Powierzaj\u0105c Bo\u017cemu Dzieci\u0105tku nasz\u0105 z\u0142aman\u0105 i zranion\u0105 histori\u0119 \u017cycia, mo\u017cemy odczu\u0107, \u017ce wszystko jest dobrze.<\/p>\n<p>Trzej M\u0119drcy przebyli dalek\u0105 drog\u0119, by dotrze\u0107 do Chrystusa.\u00a0Nasze \u017cycie r\u00f3wnie\u017c jest w\u0119dr\u00f3wk\u0105. Ich prowadzi\u0142a gwiazda. Nas te\u017c prowadzi Chrystus, kt\u00f3ry jest naszym \u015bwiat\u0142em. Powierzmy si\u0119 Jezusowi. Panie niech Twoje \u015bwiat\u0142o towarzyszy nam zawsze i wsz\u0119dzie.<\/p>\n","protected":false},"excerpt":{"rendered":"<p>W Ewangelii wed\u0142ug \u015bw. Mateusza czytamy, \u017ce M\u0119drcy weszli do domu i zobaczyli Dzieci\u0119 z Matk\u0105 Jego, Maryj\u0105,\u00a0upadli na twarz i\u00a0oddali Mu pok\u0142on\u00a0. Na pami\u0105tk\u0119 tego wydarzenia ju\u017c od IV wieku po Chrystusie obchodzimy uroczysto\u015b\u0107 Objawienia Pa\u0144skiego, zwan\u0105 tak\u017ce \u015bwi\u0119tem Trzech Kr\u00f3li. Jest to jedno z pierwszych \u015bwi\u0105t ustanowionych przez Ko\u015bci\u00f3\u0142. W tradycji wschodniej uroczysto\u015b\u0107 ta nazywana jest Epifani\u0105, czyli objawieniem si\u0119 Boga cz\u0142owiekowi w Jezusie Chrystusie. Obok Bo\u017cego Narodzenia i Zmartwychwstania Pa\u0144skiego jest to najstarsze i najbardziej uroczyste \u015bwi\u0119to obchodzone w Ko\u015bciele powszechnym. Uroczysto\u015b\u0107 Objawienia Pa\u0144skiego\u00a0stanowi dalszy ci\u0105g uroczysto\u015bci Bo\u017cego Narodzenia. Jezus Chrystus, kt\u00f3ry przyszed\u0142 na ziemi\u0119 w niewielkim miasteczku Betlejem, objawia si\u0119 teraz ca\u0142emu \u015bwiatu. Zaraz po narodzeniu objawi\u0142 si\u0119 prostym pasterzom, a dzisiaj nawiedzaj\u0105 Go M\u0119drcy ze Wschodu. Na pocz\u0105tku swojej dzia\u0142alno\u015bci publicznej staje nad brzegami Jordanu, aby tam wobec wszystkich przyj\u0105\u0107 chrzest od Jana Chrzciciela i ujawni\u0107 swoje mesja\u0144skie pos\u0142annictwo. Objawienie si\u0119 M\u0119drcom, kt\u00f3rzy przybyli z&hellip;<\/p>\n<p> <a class=\"more-link\" href=\"http:\/\/www.franciszek-walcz.pl\/?p=13688\">Czytaj dalej<\/a><\/p>\n","protected":false},"author":1,"featured_media":0,"comment_status":"closed","ping_status":"open","sticky":false,"template":"","format":"standard","meta":{"footnotes":""},"categories":[5],"tags":[],"class_list":{"0":"post-13688","1":"post","2":"type-post","3":"status-publish","4":"format-standard","6":"category-artykuly"},"brizy_media":[],"_links":{"self":[{"href":"http:\/\/www.franciszek-walcz.pl\/index.php?rest_route=\/wp\/v2\/posts\/13688","targetHints":{"allow":["GET"]}}],"collection":[{"href":"http:\/\/www.franciszek-walcz.pl\/index.php?rest_route=\/wp\/v2\/posts"}],"about":[{"href":"http:\/\/www.franciszek-walcz.pl\/index.php?rest_route=\/wp\/v2\/types\/post"}],"author":[{"embeddable":true,"href":"http:\/\/www.franciszek-walcz.pl\/index.php?rest_route=\/wp\/v2\/users\/1"}],"replies":[{"embeddable":true,"href":"http:\/\/www.franciszek-walcz.pl\/index.php?rest_route=%2Fwp%2Fv2%2Fcomments&post=13688"}],"version-history":[{"count":1,"href":"http:\/\/www.franciszek-walcz.pl\/index.php?rest_route=\/wp\/v2\/posts\/13688\/revisions"}],"predecessor-version":[{"id":13689,"href":"http:\/\/www.franciszek-walcz.pl\/index.php?rest_route=\/wp\/v2\/posts\/13688\/revisions\/13689"}],"wp:attachment":[{"href":"http:\/\/www.franciszek-walcz.pl\/index.php?rest_route=%2Fwp%2Fv2%2Fmedia&parent=13688"}],"wp:term":[{"taxonomy":"category","embeddable":true,"href":"http:\/\/www.franciszek-walcz.pl\/index.php?rest_route=%2Fwp%2Fv2%2Fcategories&post=13688"},{"taxonomy":"post_tag","embeddable":true,"href":"http:\/\/www.franciszek-walcz.pl\/index.php?rest_route=%2Fwp%2Fv2%2Ftags&post=13688"}],"curies":[{"name":"wp","href":"https:\/\/api.w.org\/{rel}","templated":true}]}}