{"id":13928,"date":"2021-01-16T12:02:33","date_gmt":"2021-01-16T11:02:33","guid":{"rendered":"http:\/\/www.franciszek-walcz.pl\/?p=13928"},"modified":"2021-01-16T12:02:58","modified_gmt":"2021-01-16T11:02:58","slug":"13928","status":"publish","type":"post","link":"http:\/\/www.franciszek-walcz.pl\/?p=13928","title":{"rendered":"KOMUNIKAT BISKUPA POLOWEGO"},"content":{"rendered":"<p>Czcigodny Ksi\u0119\u017ce Kapelanie,<\/p>\n<p>29 grudnia 2020 roku Chorwacj\u0119 nawiedzi\u0142o silne trz\u0119sienie ziemi. W wyniku kataklizmu zgin\u0119\u0142o siedem os\u00f3b, a tysi\u0105ce zosta\u0142o pozbawionych dachu nad g\u0142ow\u0105. 6\u00a0stycznia 2021 roku dosz\u0142o w tym regionie do kolejnych wstrz\u0105s\u00f3w.<\/p>\n<p>Odpowiadaj\u0105c na pro\u015bb\u0119 Caritas Chorwacji, przewodnicz\u0105cy Konferencji Episkopatu Polski, ks. abp Stanis\u0142aw G\u0105decki, og\u0142osi\u0142 niedziel\u0119\u00a0<strong>24 stycznia<\/strong>\u00a0\u201eDniem solidarno\u015bci z\u00a0Chorwacj\u0105\u201d. Tego dnia w polskich ko\u015bcio\u0142ach b\u0119d\u0105 zbierane datki na rzecz ofiar trz\u0119sienia ziemi w Chorwacji.<\/p>\n<p>Ordynariat Polowy w\u0142\u0105czy si\u0119 w tym dniu do tej szlachetnej inicjatywy poprzez modlitw\u0119 za poszkodowanych podczas ka\u017cdej Mszy \u015awi\u0119tej oraz przeprowadzenie w\u00a0parafiach zbi\u00f3rki pieni\u0119\u017cnej do puszek. Zach\u0119cam, aby informacja o planowanej zbi\u00f3rce zosta\u0142a do\u0142\u0105czona do og\u0142osze\u0144 parafialnych w najbli\u017csz\u0105 niedziel\u0119, tj. 17 stycznia 2021 r.<\/p>\n<p>Zebrane ofiary prosz\u0119 przekaza\u0107 do dnia 31 stycznia 2021 roku na konto Caritas Ordynariatu Polowego Wojska Polskiego. Nr rachunku bankowego:<strong>\u00a042 1240 1138 1111 0000 0209 5558 z dopiskiem Chorwacja.<\/strong><\/p>\n<p>Z wyrazami szacunku<\/p>\n<p>bp J\u00f3zef Guzdek<\/p>\n<p>L.dz. PE\/39\/2021<\/p>\n<p>Warszawa, 14 stycznia 2021 r.<\/p>\n","protected":false},"excerpt":{"rendered":"<p>Czcigodny Ksi\u0119\u017ce Kapelanie, 29 grudnia 2020 roku Chorwacj\u0119 nawiedzi\u0142o silne trz\u0119sienie ziemi. W wyniku kataklizmu zgin\u0119\u0142o siedem os\u00f3b, a tysi\u0105ce zosta\u0142o pozbawionych dachu nad g\u0142ow\u0105. 6\u00a0stycznia 2021 roku dosz\u0142o w tym regionie do kolejnych wstrz\u0105s\u00f3w. Odpowiadaj\u0105c na pro\u015bb\u0119 Caritas Chorwacji, przewodnicz\u0105cy Konferencji Episkopatu Polski, ks. abp Stanis\u0142aw G\u0105decki, og\u0142osi\u0142 niedziel\u0119\u00a024 stycznia\u00a0\u201eDniem solidarno\u015bci z\u00a0Chorwacj\u0105\u201d. Tego dnia w polskich ko\u015bcio\u0142ach b\u0119d\u0105 zbierane datki na rzecz ofiar trz\u0119sienia ziemi w Chorwacji. Ordynariat Polowy w\u0142\u0105czy si\u0119 w tym dniu do tej szlachetnej inicjatywy poprzez modlitw\u0119 za poszkodowanych podczas ka\u017cdej Mszy \u015awi\u0119tej oraz przeprowadzenie w\u00a0parafiach zbi\u00f3rki pieni\u0119\u017cnej do puszek. Zach\u0119cam, aby informacja o planowanej zbi\u00f3rce zosta\u0142a do\u0142\u0105czona do og\u0142osze\u0144 parafialnych w najbli\u017csz\u0105 niedziel\u0119, tj. 17 stycznia 2021 r. Zebrane ofiary prosz\u0119 przekaza\u0107 do dnia 31 stycznia 2021 roku na konto Caritas Ordynariatu Polowego Wojska Polskiego. Nr rachunku bankowego:\u00a042 1240 1138 1111 0000 0209 5558 z dopiskiem Chorwacja. Z wyrazami szacunku bp J\u00f3zef Guzdek L.dz. PE\/39\/2021&hellip;<\/p>\n<p> <a class=\"more-link\" href=\"http:\/\/www.franciszek-walcz.pl\/?p=13928\">Czytaj dalej<\/a><\/p>\n","protected":false},"author":1,"featured_media":0,"comment_status":"closed","ping_status":"open","sticky":false,"template":"","format":"standard","meta":{"footnotes":""},"categories":[4],"tags":[],"class_list":{"0":"post-13928","1":"post","2":"type-post","3":"status-publish","4":"format-standard","6":"category-ogloszenia"},"brizy_media":[],"_links":{"self":[{"href":"http:\/\/www.franciszek-walcz.pl\/index.php?rest_route=\/wp\/v2\/posts\/13928","targetHints":{"allow":["GET"]}}],"collection":[{"href":"http:\/\/www.franciszek-walcz.pl\/index.php?rest_route=\/wp\/v2\/posts"}],"about":[{"href":"http:\/\/www.franciszek-walcz.pl\/index.php?rest_route=\/wp\/v2\/types\/post"}],"author":[{"embeddable":true,"href":"http:\/\/www.franciszek-walcz.pl\/index.php?rest_route=\/wp\/v2\/users\/1"}],"replies":[{"embeddable":true,"href":"http:\/\/www.franciszek-walcz.pl\/index.php?rest_route=%2Fwp%2Fv2%2Fcomments&post=13928"}],"version-history":[{"count":2,"href":"http:\/\/www.franciszek-walcz.pl\/index.php?rest_route=\/wp\/v2\/posts\/13928\/revisions"}],"predecessor-version":[{"id":13930,"href":"http:\/\/www.franciszek-walcz.pl\/index.php?rest_route=\/wp\/v2\/posts\/13928\/revisions\/13930"}],"wp:attachment":[{"href":"http:\/\/www.franciszek-walcz.pl\/index.php?rest_route=%2Fwp%2Fv2%2Fmedia&parent=13928"}],"wp:term":[{"taxonomy":"category","embeddable":true,"href":"http:\/\/www.franciszek-walcz.pl\/index.php?rest_route=%2Fwp%2Fv2%2Fcategories&post=13928"},{"taxonomy":"post_tag","embeddable":true,"href":"http:\/\/www.franciszek-walcz.pl\/index.php?rest_route=%2Fwp%2Fv2%2Ftags&post=13928"}],"curies":[{"name":"wp","href":"https:\/\/api.w.org\/{rel}","templated":true}]}}