{"id":13931,"date":"2021-01-16T12:06:05","date_gmt":"2021-01-16T11:06:05","guid":{"rendered":"http:\/\/www.franciszek-walcz.pl\/?p=13931"},"modified":"2021-01-16T12:06:57","modified_gmt":"2021-01-16T11:06:57","slug":"caritas-komunikat","status":"publish","type":"post","link":"http:\/\/www.franciszek-walcz.pl\/?p=13931","title":{"rendered":"CARITAS &#8211; KOMUNIKAT"},"content":{"rendered":"<p class=\"western\" align=\"justify\"><span style=\"font-size: large;\"><b>Solidarni z Chorwacj\u0105<\/b><\/span><\/p>\n<p class=\"western\" align=\"justify\"><b>Odpowiadaj\u0105c na pro\u015bb\u0119 Caritas Chorwacji, przewodnicz\u0105cy Konferencji Episkopatu Polski,<br \/>\nKs. abp Stanis\u0142aw G\u0105decki, og\u0142osi\u0142 niedziel\u0119 24 stycznia \u201eDniem solidarno\u015bci z Chorwacj\u0105\u201d. Tego dnia w polskich ko\u015bcio\u0142ach b\u0119d\u0105 zbierane datki na rzecz ofiar trz\u0119sienia ziemi w Chorwacji.<\/b><\/p>\n<p class=\"western\" align=\"justify\">Przewodnicz\u0105cy Episkopatu zwr\u00f3ci\u0142 si\u0119 do biskup\u00f3w diecezjalnych z pro\u015bb\u0105 o przeprowadzenie zbi\u00f3rki. Wp\u0142ywy zostan\u0105 za po\u015brednictwem Caritas Polska przekazane na pomoc poszkodowanym. Tym samym akcja pomocy Chorwatom, og\u0142oszona przez Caritas Polska nazajutrz po kataklizmie w mie\u015bcie Petrinja, nabra\u0142a nowego wymiaru.<\/p>\n<p class=\"western\" align=\"justify\">\u2013 Wed\u0142ug pierwszych doniesie\u0144, w wyniku trz\u0119sienia ziemi w Chorwacji zgin\u0119\u0142o siedem os\u00f3b, a tysi\u0105ce musia\u0142o opu\u015bci\u0107 swe domy, przy czym miejscowe w\u0142adze podkre\u015bla\u0142y, \u017ce nie jest to ostateczny bilans tragedii. Ju\u017c 30 grudnia podj\u0119li\u015bmy decyzj\u0119 o przeznaczeniu na pomoc poszkodowanym 50 tys. z\u0142 i uruchomieniu zbi\u00f3rki SMS-owej, kt\u00f3ra w ci\u0105gu kilku dni przynios\u0142a kolejne 50 tys. z\u0142. Jednocze\u015bnie na nasze apele o przy\u0142\u0105czenie si\u0119 do akcji pomocy Chorwatom zacz\u0119\u0142y odpowiada\u0107 parafie w r\u00f3\u017cnych rejonach Polski. Decyzja przewodnicz\u0105cego Episkopatu nadaje tej spontanicznej inicjatywie zorganizowany, og\u00f3lnokrajowy charakter. Dzi\u0119ki temu skala pomocy, jakiej b\u0119dziemy mogli udzieli\u0107, z pewno\u015bci\u0105 znacz\u0105co wzro\u015bnie \u2013 podkre\u015bla ks. Marcin I\u017cycki, dyrektor Caritas Polska i przypomina, \u017ce odzew Polak\u00f3w na apele o wsparcie w podobnych przypadkach jest bardzo du\u017cy.<\/p>\n<p class=\"western\" align=\"justify\">\u2013 Kiedy organizowali\u015bmy akcj\u0119 pomocow\u0105 po sierpniowym wybuchu chemikali\u00f3w w Bejrucie, w kr\u00f3tkim czasie uda\u0142o si\u0119 zebra\u0107 ponad 9 mln z\u0142. Ofiarno\u015b\u0107 naszych rodak\u00f3w pozwoli\u0142a na zapewnienie znacz\u0105cego wk\u0142adu w odbudow\u0119 miasta po zniszczeniach, wys\u0142ali\u015bmy te\u017c dwa transporty pomocy humanitarnej \u2013 wylicza ks. Marcin I\u017cycki. \u2013 Jestem przekonany, \u017ce wobec tragedii, kt\u00f3ra dotkn\u0119\u0142a Chorwacj\u0119, kraj tak bliski sercom wielu Polak\u00f3w, r\u00f3wnie\u017c nie pozostaniemy oboj\u0119tni \u2013 dodaje dyrektor Caritas Polska.<\/p>\n<p class=\"western\" align=\"justify\">O formie i sposobie przeprowadzenia zbi\u00f3rek 24 stycznia w poszczeg\u00f3lnych diecezjach zdecyduj\u0105 biskupi diecezjalni. Ju\u017c dzisiaj mo\u017cna r\u00f3wnie\u017c przy\u0142\u0105czy\u0107 si\u0119 do akcji, przekazuj\u0105c \u015brodki bezpo\u015brednio Caritas Polska.<\/p>\n<p class=\"western\" align=\"justify\"><b>Jak pom\u00f3c?<\/b><\/p>\n<ul>\n<li>\n<p align=\"justify\"><strong>Wysy\u0142aj\u0105c SMS o tre\u015bci CHORWACJA pod numer 72052 (koszt 2,46 z\u0142),<\/strong><\/p>\n<\/li>\n<li>\n<p align=\"justify\">dokonuj\u0105c wp\u0142aty przez stron\u0119 <a href=\"http:\/\/www.caritas.pl\/\"><span style=\"color: #0563c1;\"><u>www.<\/u><\/span><span style=\"color: #0563c1;\"><u><span style=\"color: #5b9bd5;\">caritas<\/span><\/u><\/span><span style=\"color: #0563c1;\"><u>.pl<\/u><\/span><\/a>,<\/p>\n<\/li>\n<li>\n<p align=\"justify\">wp\u0142acaj\u0105c dowoln\u0105 kwot\u0119 na konto nr 70 1020 1013 0000 0102 0002 6526, z dopiskiem CHORWACJA.<\/p>\n<\/li>\n<\/ul>\n<p class=\"western\"><span style=\"color: #5b9bd5;\"><b>Do pobrania:<\/b><\/span><\/p>\n<p class=\"western\">zdj\u0119cia z Chorwacji i wypowied\u017a ks. Marcina I\u017cyckiego: <span style=\"color: #0563c1;\"><u><a href=\"https:\/\/drive.google.com\/drive\/folders\/1q7t_CgxRRS7O1Rs4ZCu6z9D_vnT8c9M3?usp=sharing\">https:\/\/drive.google.com\/drive\/folders\/1q7t_CgxRRS7O1Rs4ZCu6z9D_vnT8c9M3?usp=sharing<\/a><\/u><\/span><\/p>\n<p class=\"western\"><span style=\"color: #595959;\"><span style=\"font-family: Calibri;\"><i><b>O Caritas<\/b><\/i><\/span><\/span><\/p>\n<p class=\"western\" align=\"justify\"><span style=\"color: #595959;\"><span style=\"font-family: Calibri;\"><i>Caritas to najwi\u0119ksza organizacja dobroczynna w Polsce. Pomaga setkom tysi\u0119cy potrzebuj\u0105cych w kraju i za granica\u0328. Struktura Caritas w Polsce sk\u0142ada si\u0119 z Caritas Polska, kt\u00f3ra pe\u0142ni funkcje\u0328 koordynatora projekt\u00f3w og\u00f3lnopolskich i zagranicznych oraz z 44 Caritas diecezjalnych, kt\u00f3re nios\u0105 bezpo\u015bredni\u0105 pomoc potrzebuj\u0105cym. W tym roku obchodzimy 30-lecie dzia\u0142alno\u015bci Caritas w Polsce. Organizacja jest cz\u0119\u015bci\u0105 sieci Caritas Internationalis i Caritas Europa.<\/i><\/span><\/span><\/p>\n<p class=\"western\"><span style=\"color: #c00000;\"><span style=\"font-family: Calibri;\"><b>KONTAKT<\/b><\/span><\/span><\/p>\n<p class=\"western\"><span style=\"font-family: Calibri;\">Dzia\u0142 Komunikacji Caritas Polska<\/span><\/p>\n<p class=\"western\"><span style=\"font-family: Calibri;\">e-mail: komunikacja@caritas.org.pl<br \/>\ntel. 510\u00a0235\u00a0802<\/span><\/p>\n","protected":false},"excerpt":{"rendered":"<p>Solidarni z Chorwacj\u0105 Odpowiadaj\u0105c na pro\u015bb\u0119 Caritas Chorwacji, przewodnicz\u0105cy Konferencji Episkopatu Polski, Ks. abp Stanis\u0142aw G\u0105decki, og\u0142osi\u0142 niedziel\u0119 24 stycznia \u201eDniem solidarno\u015bci z Chorwacj\u0105\u201d. Tego dnia w polskich ko\u015bcio\u0142ach b\u0119d\u0105 zbierane datki na rzecz ofiar trz\u0119sienia ziemi w Chorwacji. Przewodnicz\u0105cy Episkopatu zwr\u00f3ci\u0142 si\u0119 do biskup\u00f3w diecezjalnych z pro\u015bb\u0105 o przeprowadzenie zbi\u00f3rki. Wp\u0142ywy zostan\u0105 za po\u015brednictwem Caritas Polska przekazane na pomoc poszkodowanym. Tym samym akcja pomocy Chorwatom, og\u0142oszona przez Caritas Polska nazajutrz po kataklizmie w mie\u015bcie Petrinja, nabra\u0142a nowego wymiaru. \u2013 Wed\u0142ug pierwszych doniesie\u0144, w wyniku trz\u0119sienia ziemi w Chorwacji zgin\u0119\u0142o siedem os\u00f3b, a tysi\u0105ce musia\u0142o opu\u015bci\u0107 swe domy, przy czym miejscowe w\u0142adze podkre\u015bla\u0142y, \u017ce nie jest to ostateczny bilans tragedii. Ju\u017c 30 grudnia podj\u0119li\u015bmy decyzj\u0119 o przeznaczeniu na pomoc poszkodowanym 50 tys. z\u0142 i uruchomieniu zbi\u00f3rki SMS-owej, kt\u00f3ra w ci\u0105gu kilku dni przynios\u0142a kolejne 50 tys. z\u0142. Jednocze\u015bnie na nasze apele o przy\u0142\u0105czenie si\u0119 do akcji pomocy Chorwatom zacz\u0119\u0142y odpowiada\u0107&hellip;<\/p>\n<p> <a class=\"more-link\" href=\"http:\/\/www.franciszek-walcz.pl\/?p=13931\">Czytaj dalej<\/a><\/p>\n","protected":false},"author":1,"featured_media":0,"comment_status":"closed","ping_status":"open","sticky":false,"template":"","format":"standard","meta":{"footnotes":""},"categories":[1],"tags":[],"class_list":{"0":"post-13931","1":"post","2":"type-post","3":"status-publish","4":"format-standard","6":"category-uncategorized"},"brizy_media":[],"_links":{"self":[{"href":"http:\/\/www.franciszek-walcz.pl\/index.php?rest_route=\/wp\/v2\/posts\/13931","targetHints":{"allow":["GET"]}}],"collection":[{"href":"http:\/\/www.franciszek-walcz.pl\/index.php?rest_route=\/wp\/v2\/posts"}],"about":[{"href":"http:\/\/www.franciszek-walcz.pl\/index.php?rest_route=\/wp\/v2\/types\/post"}],"author":[{"embeddable":true,"href":"http:\/\/www.franciszek-walcz.pl\/index.php?rest_route=\/wp\/v2\/users\/1"}],"replies":[{"embeddable":true,"href":"http:\/\/www.franciszek-walcz.pl\/index.php?rest_route=%2Fwp%2Fv2%2Fcomments&post=13931"}],"version-history":[{"count":1,"href":"http:\/\/www.franciszek-walcz.pl\/index.php?rest_route=\/wp\/v2\/posts\/13931\/revisions"}],"predecessor-version":[{"id":13932,"href":"http:\/\/www.franciszek-walcz.pl\/index.php?rest_route=\/wp\/v2\/posts\/13931\/revisions\/13932"}],"wp:attachment":[{"href":"http:\/\/www.franciszek-walcz.pl\/index.php?rest_route=%2Fwp%2Fv2%2Fmedia&parent=13931"}],"wp:term":[{"taxonomy":"category","embeddable":true,"href":"http:\/\/www.franciszek-walcz.pl\/index.php?rest_route=%2Fwp%2Fv2%2Fcategories&post=13931"},{"taxonomy":"post_tag","embeddable":true,"href":"http:\/\/www.franciszek-walcz.pl\/index.php?rest_route=%2Fwp%2Fv2%2Ftags&post=13931"}],"curies":[{"name":"wp","href":"https:\/\/api.w.org\/{rel}","templated":true}]}}