{"id":13933,"date":"2021-01-16T12:08:40","date_gmt":"2021-01-16T11:08:40","guid":{"rendered":"http:\/\/www.franciszek-walcz.pl\/?p=13933"},"modified":"2021-01-16T12:09:57","modified_gmt":"2021-01-16T11:09:57","slug":"wybor-i-powolanie","status":"publish","type":"post","link":"http:\/\/www.franciszek-walcz.pl\/?p=13933","title":{"rendered":"WYB\u00d3R I POWO\u0141ANIE"},"content":{"rendered":"<p>Powo\u0142anie Andrzeja i Jana, pierwszych uczni\u00f3w i aposto\u0142\u00f3w, by\u0142o do\u015b\u0107 prozaiczne. Ich nauczyciel, Jan Chrzciciel, nie tylko przygotowa\u0142 ich na przyj\u015bcie Mesjasza, ale wskaza\u0142 im Jezusa i przekaza\u0142 ich Zbawicielowi. Pozostali przy nim na zawsze.<\/p>\n<p>R\u00f3wnie proste by\u0142o powo\u0142anie Piotra oraz innych aposto\u0142\u00f3w. Oderwa\u0142 ich Chrystus od rybackich sieci, by zatrzyma\u0107 przy sobie. Natomiast nadanie nowego imienia Szymonowi by\u0142o ju\u017c czym\u015b wyj\u0105tkowym \u2014 wymownym i symbolicznym; mia\u0142 bowiem by\u0107 opok\u0105 Ko\u015bcio\u0142a.<\/p>\n<p>Nasze powo\u0142anie do wiary Chrystusowej te\u017c by\u0142o proste. W niemowl\u0119ctwie zaniesiono nas do ko\u015bcio\u0142a i tam dokona\u0142 si\u0119 akt naszego powo\u0142ania i wybrania. B\u00f3g nas usynowi\u0142, a symbolem tego by\u0142o imi\u0119 nadane nam przy chrzcie \u015bw.; zostali\u015bmy szczeg\u00f3lnie uprzywilejowani. Tak te\u017c poczuli si\u0119 aposto\u0142owie. Nie Jan Chrzciciel, nie cz\u0142onkowie sanhedrynu i uczeni w Pi\u015bmie zostali wybrani, ale pro\u015bci rybacy.<\/p>\n<p>Wszyscy zostali\u015bmy powo\u0142ani do wiary Chrystusowej, do Ko\u015bcio\u0142a, do czerpania z \u0142ask Zbawiciela. I z tego powodu winni\u015bmy by\u0107 dumni, a tak\u017ce wdzi\u0119czni, \u017ce Chrystus i Ko\u015bci\u00f3\u0142 obdarowuj\u0105 nas nowym \u017cyciem, ucz\u0105 i wychowuj\u0105.<\/p>\n<p>Szczeg\u00f3lnie wdzi\u0119czni winni\u015bmy by\u0107 my, Polacy, gdy\u017c Ko\u015bci\u00f3\u0142 sta\u0142 si\u0119 dla nas ostoj\u0105 wiary i narodowej jedno\u015bci. Przez tysi\u0105c lat z niej czerpali\u015bmy si\u0142\u0119 i moc, zapa\u0142 i m\u0119stwo w zmaganiach. To spo\u015br\u00f3d nas wyszli \u015bwi\u0119ci Maksymilian i Faustyna, Prymas Tysi\u0105clecia, ksi\u0105dz m\u0119czennik Jerzy Popie\u0142uszko i wreszcie najwi\u0119kszy z rodu Polak\u00f3w \u2014 s\u0142uga Bo\u017cy Jan Pawe\u0142 II.<\/p>\n<p align=\"center\"><span style=\"color: #000000;\"><span style=\"font-family: Arial;\"><span style=\"font-size: medium;\"><b>KS. ZBIGNIEW GODLEWSKI<\/b><\/span><\/span><\/span><\/p>\n","protected":false},"excerpt":{"rendered":"<p>Powo\u0142anie Andrzeja i Jana, pierwszych uczni\u00f3w i aposto\u0142\u00f3w, by\u0142o do\u015b\u0107 prozaiczne. Ich nauczyciel, Jan Chrzciciel, nie tylko przygotowa\u0142 ich na przyj\u015bcie Mesjasza, ale wskaza\u0142 im Jezusa i przekaza\u0142 ich Zbawicielowi. Pozostali przy nim na zawsze. R\u00f3wnie proste by\u0142o powo\u0142anie Piotra oraz innych aposto\u0142\u00f3w. Oderwa\u0142 ich Chrystus od rybackich sieci, by zatrzyma\u0107 przy sobie. Natomiast nadanie nowego imienia Szymonowi by\u0142o ju\u017c czym\u015b wyj\u0105tkowym \u2014 wymownym i symbolicznym; mia\u0142 bowiem by\u0107 opok\u0105 Ko\u015bcio\u0142a. Nasze powo\u0142anie do wiary Chrystusowej te\u017c by\u0142o proste. W niemowl\u0119ctwie zaniesiono nas do ko\u015bcio\u0142a i tam dokona\u0142 si\u0119 akt naszego powo\u0142ania i wybrania. B\u00f3g nas usynowi\u0142, a symbolem tego by\u0142o imi\u0119 nadane nam przy chrzcie \u015bw.; zostali\u015bmy szczeg\u00f3lnie uprzywilejowani. Tak te\u017c poczuli si\u0119 aposto\u0142owie. Nie Jan Chrzciciel, nie cz\u0142onkowie sanhedrynu i uczeni w Pi\u015bmie zostali wybrani, ale pro\u015bci rybacy. Wszyscy zostali\u015bmy powo\u0142ani do wiary Chrystusowej, do Ko\u015bcio\u0142a, do czerpania z \u0142ask Zbawiciela. I z tego powodu winni\u015bmy by\u0107 dumni,&hellip;<\/p>\n<p> <a class=\"more-link\" href=\"http:\/\/www.franciszek-walcz.pl\/?p=13933\">Czytaj dalej<\/a><\/p>\n","protected":false},"author":1,"featured_media":0,"comment_status":"closed","ping_status":"open","sticky":false,"template":"","format":"standard","meta":{"footnotes":""},"categories":[5],"tags":[],"class_list":{"0":"post-13933","1":"post","2":"type-post","3":"status-publish","4":"format-standard","6":"category-artykuly"},"brizy_media":[],"_links":{"self":[{"href":"http:\/\/www.franciszek-walcz.pl\/index.php?rest_route=\/wp\/v2\/posts\/13933","targetHints":{"allow":["GET"]}}],"collection":[{"href":"http:\/\/www.franciszek-walcz.pl\/index.php?rest_route=\/wp\/v2\/posts"}],"about":[{"href":"http:\/\/www.franciszek-walcz.pl\/index.php?rest_route=\/wp\/v2\/types\/post"}],"author":[{"embeddable":true,"href":"http:\/\/www.franciszek-walcz.pl\/index.php?rest_route=\/wp\/v2\/users\/1"}],"replies":[{"embeddable":true,"href":"http:\/\/www.franciszek-walcz.pl\/index.php?rest_route=%2Fwp%2Fv2%2Fcomments&post=13933"}],"version-history":[{"count":1,"href":"http:\/\/www.franciszek-walcz.pl\/index.php?rest_route=\/wp\/v2\/posts\/13933\/revisions"}],"predecessor-version":[{"id":13934,"href":"http:\/\/www.franciszek-walcz.pl\/index.php?rest_route=\/wp\/v2\/posts\/13933\/revisions\/13934"}],"wp:attachment":[{"href":"http:\/\/www.franciszek-walcz.pl\/index.php?rest_route=%2Fwp%2Fv2%2Fmedia&parent=13933"}],"wp:term":[{"taxonomy":"category","embeddable":true,"href":"http:\/\/www.franciszek-walcz.pl\/index.php?rest_route=%2Fwp%2Fv2%2Fcategories&post=13933"},{"taxonomy":"post_tag","embeddable":true,"href":"http:\/\/www.franciszek-walcz.pl\/index.php?rest_route=%2Fwp%2Fv2%2Ftags&post=13933"}],"curies":[{"name":"wp","href":"https:\/\/api.w.org\/{rel}","templated":true}]}}