{"id":1429,"date":"2017-12-23T12:05:00","date_gmt":"2017-12-23T11:05:00","guid":{"rendered":"http:\/\/www.franciszek-walcz.pl\/?p=1429"},"modified":"2017-12-23T12:05:00","modified_gmt":"2017-12-23T11:05:00","slug":"pasterka-zamiast-niedzielnej-mszy-wyjasniamy","status":"publish","type":"post","link":"http:\/\/www.franciszek-walcz.pl\/?p=1429","title":{"rendered":"Pasterka zamiast niedzielnej Mszy? Wyja\u015bniamy!"},"content":{"rendered":"<p><strong>W tym roku Wigilia Bo\u017cego Narodzenia przypada w niedziel\u0119. Wielu z nas zadaje sobie pytanie \u2013 czy tego dnia konieczne jest uczestniczenie w niedzielnej Mszy \u015bwi\u0119tej je\u015bli wieczorem bierzemy udzia\u0142 w Pasterce?<\/strong><\/p>\n<p>Je\u015bli mia\u0142e\u015b nadziej\u0119, \u017ce wystarczy Pasterka \u2013 nie mamy dobrych wiadomo\u015bci. To Msza z uroczysto\u015bci Narodzenia Pa\u0144skiego, a ta przypada w poniedzia\u0142ek. Uczestnictwo w niej nie jest zatem spe\u0142nieniem obowi\u0105zku udzia\u0142u we Mszy niedzielnej.<\/p>\n<p>Jak czytamy w Kodeksie Prawa Kanonicznego, kan. 1248:<\/p>\n<p>\u201eNakazowi uczestniczenia we Mszy \u015awi\u0119tej czyni zado\u015b\u0107 ten, kto bierze w niej udzia\u0142, gdziekolwiek jest odprawiana w obrz\u0105dku katolickim, b\u0105d\u017a w sam dzie\u0144 \u015bwi\u0105teczny, b\u0105d\u017a te\u017c wieczorem dnia poprzedzaj\u0105cego\u201d.<\/p>\n<p>W najbli\u017csz\u0105 niedziel\u0119 pami\u0119tajmy zatem, aby Pasterki nie potraktowa\u0107 jak Mszy niedzielnej!<\/p>\n","protected":false},"excerpt":{"rendered":"<p>W tym roku Wigilia Bo\u017cego Narodzenia przypada w niedziel\u0119. Wielu z nas zadaje sobie pytanie \u2013 czy tego dnia konieczne jest uczestniczenie w niedzielnej Mszy \u015bwi\u0119tej je\u015bli wieczorem bierzemy udzia\u0142 w Pasterce? Je\u015bli mia\u0142e\u015b nadziej\u0119, \u017ce wystarczy Pasterka \u2013 nie mamy dobrych wiadomo\u015bci. To Msza z uroczysto\u015bci Narodzenia Pa\u0144skiego, a ta przypada w poniedzia\u0142ek. Uczestnictwo w niej nie jest zatem spe\u0142nieniem obowi\u0105zku udzia\u0142u we Mszy niedzielnej. Jak czytamy w Kodeksie Prawa Kanonicznego, kan. 1248: \u201eNakazowi uczestniczenia we Mszy \u015awi\u0119tej czyni zado\u015b\u0107 ten, kto bierze w niej udzia\u0142, gdziekolwiek jest odprawiana w obrz\u0105dku katolickim, b\u0105d\u017a w sam dzie\u0144 \u015bwi\u0105teczny, b\u0105d\u017a te\u017c wieczorem dnia poprzedzaj\u0105cego\u201d. W najbli\u017csz\u0105 niedziel\u0119 pami\u0119tajmy zatem, aby Pasterki nie potraktowa\u0107 jak Mszy niedzielnej!<\/p>\n","protected":false},"author":1,"featured_media":0,"comment_status":"open","ping_status":"open","sticky":false,"template":"","format":"standard","meta":{"footnotes":""},"categories":[5],"tags":[],"class_list":{"0":"post-1429","1":"post","2":"type-post","3":"status-publish","4":"format-standard","6":"category-artykuly"},"brizy_media":[],"_links":{"self":[{"href":"http:\/\/www.franciszek-walcz.pl\/index.php?rest_route=\/wp\/v2\/posts\/1429","targetHints":{"allow":["GET"]}}],"collection":[{"href":"http:\/\/www.franciszek-walcz.pl\/index.php?rest_route=\/wp\/v2\/posts"}],"about":[{"href":"http:\/\/www.franciszek-walcz.pl\/index.php?rest_route=\/wp\/v2\/types\/post"}],"author":[{"embeddable":true,"href":"http:\/\/www.franciszek-walcz.pl\/index.php?rest_route=\/wp\/v2\/users\/1"}],"replies":[{"embeddable":true,"href":"http:\/\/www.franciszek-walcz.pl\/index.php?rest_route=%2Fwp%2Fv2%2Fcomments&post=1429"}],"version-history":[{"count":1,"href":"http:\/\/www.franciszek-walcz.pl\/index.php?rest_route=\/wp\/v2\/posts\/1429\/revisions"}],"predecessor-version":[{"id":1430,"href":"http:\/\/www.franciszek-walcz.pl\/index.php?rest_route=\/wp\/v2\/posts\/1429\/revisions\/1430"}],"wp:attachment":[{"href":"http:\/\/www.franciszek-walcz.pl\/index.php?rest_route=%2Fwp%2Fv2%2Fmedia&parent=1429"}],"wp:term":[{"taxonomy":"category","embeddable":true,"href":"http:\/\/www.franciszek-walcz.pl\/index.php?rest_route=%2Fwp%2Fv2%2Fcategories&post=1429"},{"taxonomy":"post_tag","embeddable":true,"href":"http:\/\/www.franciszek-walcz.pl\/index.php?rest_route=%2Fwp%2Fv2%2Ftags&post=1429"}],"curies":[{"name":"wp","href":"https:\/\/api.w.org\/{rel}","templated":true}]}}