{"id":15214,"date":"2021-03-27T18:57:33","date_gmt":"2021-03-27T17:57:33","guid":{"rendered":"http:\/\/www.franciszek-walcz.pl\/?p=15214"},"modified":"2021-03-27T18:59:03","modified_gmt":"2021-03-27T17:59:03","slug":"triduum-paschalne-4","status":"publish","type":"post","link":"http:\/\/www.franciszek-walcz.pl\/?p=15214","title":{"rendered":"TRIDUUM PASCHALNE"},"content":{"rendered":"<p><span style=\"color: #ff6600;\" data-darkreader-inline-color=\"\"><strong>WIELKI CZWARTEK\u00a0 <\/strong><strong>MSZA \u015aW. WIECZERZY PA\u0143SKIEJ\u00a0<\/strong><strong>GODZ. 18,00<\/strong><\/span><\/p>\n<p><span style=\"color: #ff6600;\" data-darkreader-inline-color=\"\"><strong>WIELKI PI\u0104TEK\u00a0<\/strong><strong>LITURGIA M\u0118KI PA\u0143SKIEJ GODZ. 18,00<\/strong><\/span><\/p>\n<p><span style=\"color: #ff6600;\" data-darkreader-inline-color=\"\"><strong>WIEKLA SOBOTA<\/strong><\/span><\/p>\n<p><span style=\"color: #ff6600;\" data-darkreader-inline-color=\"\"><strong>B\u0142ogos\u0142awie\u0144stwo pokarm\u00f3w o godz.9,00 , 9,30 i 10,00.<\/strong><\/span><\/p>\n<p><span style=\"color: #ff6600;\" data-darkreader-inline-color=\"\"><strong>Msza \u015bw. w Wielk\u0105 sobot\u0119 o godz.. 18,00<\/strong><\/span><\/p>\n<p><span style=\"color: #ff6600;\" data-darkreader-inline-color=\"\"><strong>NIEDZILA WIELKANOCNA\u00a0<\/strong><u><strong>MSZE \u015aW. O GODZ. 9.00 i 10,30 <\/strong><\/u><\/span><\/p>\n<p><span style=\"color: #ff6600;\" data-darkreader-inline-color=\"\"><strong>PONIEDZIA\u0141EK WIELKANOCNY\u00a0<\/strong><strong>MSZE \u015aW O GODZ. 9,00 i 10,30 <\/strong><\/span><\/p>\n","protected":false},"excerpt":{"rendered":"<p>WIELKI CZWARTEK\u00a0 MSZA \u015aW. WIECZERZY PA\u0143SKIEJ\u00a0GODZ. 18,00 WIELKI PI\u0104TEK\u00a0LITURGIA M\u0118KI PA\u0143SKIEJ GODZ. 18,00 WIEKLA SOBOTA B\u0142ogos\u0142awie\u0144stwo pokarm\u00f3w o godz.9,00 , 9,30 i 10,00. Msza \u015bw. w Wielk\u0105 sobot\u0119 o godz.. 18,00 NIEDZILA WIELKANOCNA\u00a0MSZE \u015aW. O GODZ. 9.00 i 10,30 PONIEDZIA\u0141EK WIELKANOCNY\u00a0MSZE \u015aW O GODZ. 9,00 i 10,30<\/p>\n","protected":false},"author":1,"featured_media":0,"comment_status":"closed","ping_status":"open","sticky":false,"template":"","format":"standard","meta":{"footnotes":""},"categories":[1],"tags":[],"class_list":{"0":"post-15214","1":"post","2":"type-post","3":"status-publish","4":"format-standard","6":"category-uncategorized"},"brizy_media":[],"_links":{"self":[{"href":"http:\/\/www.franciszek-walcz.pl\/index.php?rest_route=\/wp\/v2\/posts\/15214","targetHints":{"allow":["GET"]}}],"collection":[{"href":"http:\/\/www.franciszek-walcz.pl\/index.php?rest_route=\/wp\/v2\/posts"}],"about":[{"href":"http:\/\/www.franciszek-walcz.pl\/index.php?rest_route=\/wp\/v2\/types\/post"}],"author":[{"embeddable":true,"href":"http:\/\/www.franciszek-walcz.pl\/index.php?rest_route=\/wp\/v2\/users\/1"}],"replies":[{"embeddable":true,"href":"http:\/\/www.franciszek-walcz.pl\/index.php?rest_route=%2Fwp%2Fv2%2Fcomments&post=15214"}],"version-history":[{"count":3,"href":"http:\/\/www.franciszek-walcz.pl\/index.php?rest_route=\/wp\/v2\/posts\/15214\/revisions"}],"predecessor-version":[{"id":15217,"href":"http:\/\/www.franciszek-walcz.pl\/index.php?rest_route=\/wp\/v2\/posts\/15214\/revisions\/15217"}],"wp:attachment":[{"href":"http:\/\/www.franciszek-walcz.pl\/index.php?rest_route=%2Fwp%2Fv2%2Fmedia&parent=15214"}],"wp:term":[{"taxonomy":"category","embeddable":true,"href":"http:\/\/www.franciszek-walcz.pl\/index.php?rest_route=%2Fwp%2Fv2%2Fcategories&post=15214"},{"taxonomy":"post_tag","embeddable":true,"href":"http:\/\/www.franciszek-walcz.pl\/index.php?rest_route=%2Fwp%2Fv2%2Ftags&post=15214"}],"curies":[{"name":"wp","href":"https:\/\/api.w.org\/{rel}","templated":true}]}}