{"id":15218,"date":"2021-03-27T19:02:12","date_gmt":"2021-03-27T18:02:12","guid":{"rendered":"http:\/\/www.franciszek-walcz.pl\/?p=15218"},"modified":"2021-03-27T19:02:12","modified_gmt":"2021-03-27T18:02:12","slug":"polecenia-dla-ksiezy-kapelanow-ordynariatu-polowego","status":"publish","type":"post","link":"http:\/\/www.franciszek-walcz.pl\/?p=15218","title":{"rendered":"Polecenia dla Ksi\u0119\u017cy kapelan\u00f3w Ordynariatu Polowego"},"content":{"rendered":"<p>Warszawa, 27 marca 2021 r.<\/p>\n<p>l.dz. PE\/210\/2021<\/p>\n<p><strong>Polecenia dla Ksi\u0119\u017cy kapelan\u00f3w Ordynariatu Polowego<br \/>\nna czas Wielkiego Tygodnia i \u015awi\u0105t Wielkanocnych w zwi\u0105zku z trwaj\u0105c\u0105 <\/strong><strong>epidemi\u0105<\/strong><\/p>\n<p>Podj\u0119te przez rz\u0105d zaostrzenie \u015brodk\u00f3w w walce z epidemi\u0105 powoduje konieczno\u015b\u0107 uwzgl\u0119dnienia w duszpasterstwie Ordynariatu Polowego nast\u0119puj\u0105cych wskaza\u0144:<\/p>\n<ol>\n<li>W ko\u015bcio\u0142ach i kaplicach mo\u017ce znajdowa\u0107 si\u0119 jedna osoba na 20 metr\u00f3w kwadratowych, z\u00a0zachowaniem dystansu wynosz\u0105cego 1,5 m. Odpowiedzialno\u015b\u0107 za przestrzeganie tych limit\u00f3w spoczywa personalnie na proboszczach, administratorach parafii i o\u015brodk\u00f3w duszpasterskich.<\/li>\n<li>Skrupulatnie nale\u017cy przestrzega\u0107 zasad bezpiecze\u0144stwa sanitarnego podczas celebracji liturgicznych. W czasie Mszy \u015bw., poza celebransem, s\u0142u\u017cba liturgiczna i wierni s\u0105 zobowi\u0105zani do zas\u0142oni\u0119cia nosa i ust maseczk\u0105. Kap\u0142an w maseczce udziela Komunii \u015bw.\u00a0wiernym najpierw \u201ena r\u0119k\u0119\u201d a nast\u0119pnie \u201edo ust\u201d.<\/li>\n<li>Wskazania liturgiczne na Wielki Tydzie\u0144:<\/li>\n<\/ol>\n<ol>\n<li>Niedziela Palmowa bez procesji, tylko z symbolicznym po\u015bwi\u0119ceniem palm wewn\u0105trz ko\u015bcio\u0142a.<\/li>\n<li>Wielki Czwartek \u2013 nabo\u017ce\u0144stwo Wieczerzy Pa\u0144skiej bez obrz\u0119du umycia n\u00f3g.<\/li>\n<li>Wielki Pi\u0105tek \u2013 adoracja krzy\u017ca bez uca\u0142owania.<\/li>\n<li>Wielka Sobota \u2013 po\u015bwiecenie pokarm\u00f3w zgodnie z przepisami obowi\u0105zuj\u0105cymi w\u00a0diecezji, na terenie kt\u00f3rej dzia\u0142a duszpasterstwo wojskowe.<\/li>\n<li>Nie organizowa\u0107 procesji rezurekcyjnej.<\/li>\n<\/ol>\n<ol>\n<li>Nale\u017cy zach\u0119ci\u0107 wiernych do Komunii duchowej w \u0142\u0105czno\u015bci ze sprawowan\u0105 Eucharysti\u0105 za po\u015brednictwem medi\u00f3w.<\/li>\n<li>Poinformowa\u0107 wiernych, \u017ce Msze \u015bw. sprawowane w Katedrze Polowej Wojska Polskiego, pod przewodnictwem Biskupa Polowego, b\u0119d\u0105 transmitowane <em>online<\/em>: Niedziela Palmowa \u2013 godz. 12.00; Msza \u015awi\u0119ta Wieczerzy Pa\u0144skiej w Wielki Czwartek \u2013 godz. 18.00, liturgia M\u0119ki Pa\u0144skiej w Wielki Pi\u0105tek \u2013 godz. 17.00 (transmisja przez Radio Maryja); Wigilia Paschalna \u2013 godz. 19.00. Transmisje b\u0119d\u0105 dost\u0119pne na stronie internetowej Ordynariatu Polowego i Katedry Polowej.<\/li>\n<\/ol>\n<p>Ksi\u0119\u017com i Wiernym Ordynariatu Polowego udzielam pasterskiego b\u0142ogos\u0142awie\u0144stwa wzywaj\u0105c wstawiennictwa Matki Bo\u017cej, Hetmanki \u017bo\u0142nierza Polskiego.<\/p>\n<p>+ J\u00f3zef Guzdek<\/p>\n<p>Biskup Polowy Wojska Polskiego<\/p>\n","protected":false},"excerpt":{"rendered":"<p>Warszawa, 27 marca 2021 r. l.dz. PE\/210\/2021 Polecenia dla Ksi\u0119\u017cy kapelan\u00f3w Ordynariatu Polowego na czas Wielkiego Tygodnia i \u015awi\u0105t Wielkanocnych w zwi\u0105zku z trwaj\u0105c\u0105 epidemi\u0105 Podj\u0119te przez rz\u0105d zaostrzenie \u015brodk\u00f3w w walce z epidemi\u0105 powoduje konieczno\u015b\u0107 uwzgl\u0119dnienia w duszpasterstwie Ordynariatu Polowego nast\u0119puj\u0105cych wskaza\u0144: W ko\u015bcio\u0142ach i kaplicach mo\u017ce znajdowa\u0107 si\u0119 jedna osoba na 20 metr\u00f3w kwadratowych, z\u00a0zachowaniem dystansu wynosz\u0105cego 1,5 m. Odpowiedzialno\u015b\u0107 za przestrzeganie tych limit\u00f3w spoczywa personalnie na proboszczach, administratorach parafii i o\u015brodk\u00f3w duszpasterskich. Skrupulatnie nale\u017cy przestrzega\u0107 zasad bezpiecze\u0144stwa sanitarnego podczas celebracji liturgicznych. W czasie Mszy \u015bw., poza celebransem, s\u0142u\u017cba liturgiczna i wierni s\u0105 zobowi\u0105zani do zas\u0142oni\u0119cia nosa i ust maseczk\u0105. Kap\u0142an w maseczce udziela Komunii \u015bw.\u00a0wiernym najpierw \u201ena r\u0119k\u0119\u201d a nast\u0119pnie \u201edo ust\u201d. Wskazania liturgiczne na Wielki Tydzie\u0144: Niedziela Palmowa bez procesji, tylko z symbolicznym po\u015bwi\u0119ceniem palm wewn\u0105trz ko\u015bcio\u0142a. Wielki Czwartek \u2013 nabo\u017ce\u0144stwo Wieczerzy Pa\u0144skiej bez obrz\u0119du umycia n\u00f3g. Wielki Pi\u0105tek \u2013 adoracja krzy\u017ca bez uca\u0142owania. Wielka Sobota&hellip;<\/p>\n<p> <a class=\"more-link\" href=\"http:\/\/www.franciszek-walcz.pl\/?p=15218\">Czytaj dalej<\/a><\/p>\n","protected":false},"author":1,"featured_media":0,"comment_status":"closed","ping_status":"open","sticky":false,"template":"","format":"standard","meta":{"footnotes":""},"categories":[1],"tags":[],"class_list":{"0":"post-15218","1":"post","2":"type-post","3":"status-publish","4":"format-standard","6":"category-uncategorized"},"brizy_media":[],"_links":{"self":[{"href":"http:\/\/www.franciszek-walcz.pl\/index.php?rest_route=\/wp\/v2\/posts\/15218","targetHints":{"allow":["GET"]}}],"collection":[{"href":"http:\/\/www.franciszek-walcz.pl\/index.php?rest_route=\/wp\/v2\/posts"}],"about":[{"href":"http:\/\/www.franciszek-walcz.pl\/index.php?rest_route=\/wp\/v2\/types\/post"}],"author":[{"embeddable":true,"href":"http:\/\/www.franciszek-walcz.pl\/index.php?rest_route=\/wp\/v2\/users\/1"}],"replies":[{"embeddable":true,"href":"http:\/\/www.franciszek-walcz.pl\/index.php?rest_route=%2Fwp%2Fv2%2Fcomments&post=15218"}],"version-history":[{"count":1,"href":"http:\/\/www.franciszek-walcz.pl\/index.php?rest_route=\/wp\/v2\/posts\/15218\/revisions"}],"predecessor-version":[{"id":15219,"href":"http:\/\/www.franciszek-walcz.pl\/index.php?rest_route=\/wp\/v2\/posts\/15218\/revisions\/15219"}],"wp:attachment":[{"href":"http:\/\/www.franciszek-walcz.pl\/index.php?rest_route=%2Fwp%2Fv2%2Fmedia&parent=15218"}],"wp:term":[{"taxonomy":"category","embeddable":true,"href":"http:\/\/www.franciszek-walcz.pl\/index.php?rest_route=%2Fwp%2Fv2%2Fcategories&post=15218"},{"taxonomy":"post_tag","embeddable":true,"href":"http:\/\/www.franciszek-walcz.pl\/index.php?rest_route=%2Fwp%2Fv2%2Ftags&post=15218"}],"curies":[{"name":"wp","href":"https:\/\/api.w.org\/{rel}","templated":true}]}}