{"id":15285,"date":"2021-04-03T11:32:34","date_gmt":"2021-04-03T09:32:34","guid":{"rendered":"http:\/\/www.franciszek-walcz.pl\/?p=15285"},"modified":"2021-04-03T11:32:34","modified_gmt":"2021-04-03T09:32:34","slug":"niedziela-zmartwychwstania-panskiego","status":"publish","type":"post","link":"http:\/\/www.franciszek-walcz.pl\/?p=15285","title":{"rendered":"Niedziela Zmartwychwstania Pa\u0144skiego"},"content":{"rendered":"<p>\u015awi\u0119ta Wielkanocne tradycyjnie kojarz\u0105 si\u0119 nam z uroczystymi celebracjami liturgicznymi w Ko\u015bciele, procesj\u0105 w poranek wielkanocny oraz odwiedzinami bliskich, aby wsp\u00f3lnie \u015bwi\u0119towa\u0107 najwa\u017cniejsze wydarzenie naszej wiary chrze\u015bcija\u0144skiej \u2013 Zmartwychwstanie Jezusa.<\/p>\n<p>W tym roku, a tak\u017ce w poprzednim wszystko uleg\u0142o zmianie. Ze wzgl\u0119du na panuj\u0105c\u0105 pandemi\u0119, wiele os\u00f3b, kt\u00f3re chcia\u0142yby p\u00f3j\u015b\u0107 do ko\u015bcio\u0142a, nie mo\u017ce tego uczyni\u0107. Wiele os\u00f3b prze\u017cywa l\u0119k spowodowany niepewno\u015bci\u0105 tego, co wydarzy si\u0119 jutro.<\/p>\n<p>Gdy uwa\u017cnie czytamy dzisiejsz\u0105 Ewangeli\u0119 mo\u017cemy zauwa\u017cy\u0107, \u017ce poranek zmartwychwstania dla Marii Magdaleny, Jana i Szymona Piotra tak\u017ce by\u0142 pe\u0142en niepokoju i w\u0105tpliwo\u015bci. Maria jako pierwsza, pomimo l\u0119ku i obawy przed stra\u017c\u0105, zdecydowa\u0142a si\u0119 p\u00f3j\u015b\u0107 do grobu, aby nama\u015bci\u0107 cia\u0142o Jezusa. Piotr i Jan pobiegli do grobu bardziej ze strachu przed tym, \u017ce zabrano cia\u0142o Pana, ni\u017c z rado\u015bci na spotkanie Zmartwychwsta\u0142ego Jezusa. Dopiero gdy zobaczyli pusty gr\u00f3b, p\u0142\u00f3tna i oddzielnie zwini\u0119t\u0105 chust\u0119, uwierzyli na nowo. Wtedy rozpocz\u0105\u0142 si\u0119 dla nich nowy etap \u017cycia. Po czasie pr\u00f3by stali si\u0119 \u015bwiadkami Zmartwychwsta\u0142ego Jezusa do tego stopnia, \u017ce nie bali si\u0119 odda\u0107 dla Niego \u017cycia.<\/p>\n<p>To, co wiele os\u00f3b prze\u017cywa aktualnie, mo\u017cemy por\u00f3wna\u0107 do wydarze\u0144, kt\u00f3re mia\u0142y miejsce przed i po zmartwychwstaniu Jezusa. Ten sam t\u0142um, kt\u00f3ry najpierw krzycza\u0142:\u00a0Hosanna Kr\u00f3lowi Dawidowemu, kilka dni p\u00f3\u017aniej wyszed\u0142 na ulice i krzycza\u0142:\u00a0Ukrzy\u017cuj go!\u00a0Judasz zdradzi\u0142 swojego Nauczyciela. Gdy Jezus umiera\u0142 na krzy\u017cu aposto\u0142owie uciekli i nie wiedzieli, co robi\u0107 w tej trudnej sytuacji. Dopiero pusty gr\u00f3b otrz\u0105sn\u0105\u0142 aposto\u0142\u00f3w z letargu. Jak czytamy w Ewangelii, na nowo uwierzyli.<\/p>\n<p>R\u00f3wnie\u017c dzisiaj wielu ludzi uwa\u017caj\u0105cych si\u0119 dotychczas za wierz\u0105cych zosta\u0142o wystawionych na pr\u00f3b\u0119 wiary. Wielu zapar\u0142o si\u0119, odesz\u0142o od Jezusa i od wsp\u00f3lnoty Ko\u015bcio\u0142a. Ci jednak, kt\u00f3rzy wytrwali, stanowi\u0105 dzisiaj zaczyn, kt\u00f3ry sprawia, \u017ce ogie\u0144 wiary na nowo zap\u0142onie.<\/p>\n<p>Dobra nowina dzisiejszej Niedzieli Zmartwychwstania jest dla nas taka: B\u00f3g pos\u0142a\u0142 na \u015bwiat swojego Syna \u2013 Jezusa, kt\u00f3ry umar\u0142 z mi\u0142o\u015bci dla nas na drzewie krzy\u017ca i trzeciego dnia zmartwychwsta\u0142. Ka\u017cdy, kto w Niego uwierzy, przez Jego imi\u0119 otrzymuje odpuszczenie grzech\u00f3w.<\/p>\n<p>Jako ci, kt\u00f3rzy uwierzyli, jeste\u015bmy pos\u0142ani, by dawa\u0107 \u015bwiadectwo naszej wiary w Zmartwychwsta\u0142ego Jezusa. Jeste\u015bmy wezwani, aby \u015bwiadczy\u0107, \u017ce pusty gr\u00f3b Jezusa to nie pustka egzystencjalna, kt\u00f3rej dzisiaj do\u015bwiadcza wielu ludzi. Pusty gr\u00f3b to nie pustka moralna i duchowa, kt\u00f3ra prowadzi do \u015bmierci. Pusty gr\u00f3b jest znakiem Zmartwychwstania. Jest to znak zwyci\u0119stwa \u017cycia nad \u015bmierci\u0105, mi\u0142o\u015bci nad nienawi\u015bci\u0105, pojednana nad podzia\u0142em; zwyci\u0119stwa, kt\u00f3rego dokona\u0142 Jezus poprzez swoje zmartwychwstanie.<\/p>\n<p>\u015aw. Pawe\u0142 podpowiada nam, jak \u015bwi\u0119towa\u0107 Wielkanoc:\u00a0Tak przeto odprawiajmy \u015bwi\u0119to nasze, nie przy u\u017cyciu starego kwasu z\u0142o\u015bci i przewrotno\u015bci, lecz na prza\u015bnym chlebie czysto\u015bci i prawdy.\u00a0Od nas zale\u017cy czy w tym czasie spustoszenia i l\u0119ku, jaki wywo\u0142a\u0142a pandemia, \u015bwiat us\u0142yszy dobr\u0105 nowin\u0119 o \u017cyciu.<\/p>\n<p>B\u0105d\u017amy \u015bwiadkami, ale nie pustego ju\u017c grobu, lecz Zmartwychwsta\u0142ego i \u017byj\u0105cego Jezusa, tak jak dzisiaj \u015bpiewali\u015bmy w wielkanocnej sekwencji: \u201eZmartwychwsta\u0142 ju\u017c Chrystus, Pan m\u00f3j i nadzieja. [\u2026] Wiemy, \u017ce\u015b zmartwychwsta\u0142, \u017ce ten cud prawdziwy, O Kr\u00f3lu Zwyci\u0119zco, b\u0105d\u017a nam mi\u0142o\u015bciwy\u201d.<\/p>\n","protected":false},"excerpt":{"rendered":"<p>\u015awi\u0119ta Wielkanocne tradycyjnie kojarz\u0105 si\u0119 nam z uroczystymi celebracjami liturgicznymi w Ko\u015bciele, procesj\u0105 w poranek wielkanocny oraz odwiedzinami bliskich, aby wsp\u00f3lnie \u015bwi\u0119towa\u0107 najwa\u017cniejsze wydarzenie naszej wiary chrze\u015bcija\u0144skiej \u2013 Zmartwychwstanie Jezusa. W tym roku, a tak\u017ce w poprzednim wszystko uleg\u0142o zmianie. Ze wzgl\u0119du na panuj\u0105c\u0105 pandemi\u0119, wiele os\u00f3b, kt\u00f3re chcia\u0142yby p\u00f3j\u015b\u0107 do ko\u015bcio\u0142a, nie mo\u017ce tego uczyni\u0107. Wiele os\u00f3b prze\u017cywa l\u0119k spowodowany niepewno\u015bci\u0105 tego, co wydarzy si\u0119 jutro. Gdy uwa\u017cnie czytamy dzisiejsz\u0105 Ewangeli\u0119 mo\u017cemy zauwa\u017cy\u0107, \u017ce poranek zmartwychwstania dla Marii Magdaleny, Jana i Szymona Piotra tak\u017ce by\u0142 pe\u0142en niepokoju i w\u0105tpliwo\u015bci. Maria jako pierwsza, pomimo l\u0119ku i obawy przed stra\u017c\u0105, zdecydowa\u0142a si\u0119 p\u00f3j\u015b\u0107 do grobu, aby nama\u015bci\u0107 cia\u0142o Jezusa. Piotr i Jan pobiegli do grobu bardziej ze strachu przed tym, \u017ce zabrano cia\u0142o Pana, ni\u017c z rado\u015bci na spotkanie Zmartwychwsta\u0142ego Jezusa. Dopiero gdy zobaczyli pusty gr\u00f3b, p\u0142\u00f3tna i oddzielnie zwini\u0119t\u0105 chust\u0119, uwierzyli na nowo. Wtedy rozpocz\u0105\u0142 si\u0119 dla nich nowy etap&hellip;<\/p>\n<p> <a class=\"more-link\" href=\"http:\/\/www.franciszek-walcz.pl\/?p=15285\">Czytaj dalej<\/a><\/p>\n","protected":false},"author":1,"featured_media":0,"comment_status":"closed","ping_status":"open","sticky":false,"template":"","format":"standard","meta":{"footnotes":""},"categories":[5],"tags":[],"class_list":{"0":"post-15285","1":"post","2":"type-post","3":"status-publish","4":"format-standard","6":"category-artykuly"},"brizy_media":[],"_links":{"self":[{"href":"http:\/\/www.franciszek-walcz.pl\/index.php?rest_route=\/wp\/v2\/posts\/15285","targetHints":{"allow":["GET"]}}],"collection":[{"href":"http:\/\/www.franciszek-walcz.pl\/index.php?rest_route=\/wp\/v2\/posts"}],"about":[{"href":"http:\/\/www.franciszek-walcz.pl\/index.php?rest_route=\/wp\/v2\/types\/post"}],"author":[{"embeddable":true,"href":"http:\/\/www.franciszek-walcz.pl\/index.php?rest_route=\/wp\/v2\/users\/1"}],"replies":[{"embeddable":true,"href":"http:\/\/www.franciszek-walcz.pl\/index.php?rest_route=%2Fwp%2Fv2%2Fcomments&post=15285"}],"version-history":[{"count":1,"href":"http:\/\/www.franciszek-walcz.pl\/index.php?rest_route=\/wp\/v2\/posts\/15285\/revisions"}],"predecessor-version":[{"id":15286,"href":"http:\/\/www.franciszek-walcz.pl\/index.php?rest_route=\/wp\/v2\/posts\/15285\/revisions\/15286"}],"wp:attachment":[{"href":"http:\/\/www.franciszek-walcz.pl\/index.php?rest_route=%2Fwp%2Fv2%2Fmedia&parent=15285"}],"wp:term":[{"taxonomy":"category","embeddable":true,"href":"http:\/\/www.franciszek-walcz.pl\/index.php?rest_route=%2Fwp%2Fv2%2Fcategories&post=15285"},{"taxonomy":"post_tag","embeddable":true,"href":"http:\/\/www.franciszek-walcz.pl\/index.php?rest_route=%2Fwp%2Fv2%2Ftags&post=15285"}],"curies":[{"name":"wp","href":"https:\/\/api.w.org\/{rel}","templated":true}]}}