{"id":15597,"date":"2021-05-01T09:39:08","date_gmt":"2021-05-01T07:39:08","guid":{"rendered":"http:\/\/www.franciszek-walcz.pl\/?p=15597"},"modified":"2021-05-01T09:39:52","modified_gmt":"2021-05-01T07:39:52","slug":"wspomnienie-sw-jozefa-rzemieslnika","status":"publish","type":"post","link":"http:\/\/www.franciszek-walcz.pl\/?p=15597","title":{"rendered":"Wspomnienie \u015bw. J\u00f3zefa Rzemie\u015blnika"},"content":{"rendered":"<p><span style=\"color: #000000; --darkreader-inline-color: #ffffff;\" data-darkreader-inline-color=\"\"><span style=\"font-family: Georgia;\"><span style=\"font-size: large;\">W dniu 1 maja Ko\u015bci\u00f3\u0142 obchodzi wspomnienie \u015bw. J\u00f3zefa Rzemie\u015blnika, Opiekuna Pana Jezusa i Oblubie\u0144ca Naj\u015bwi\u0119tszej Maryi Panny, kt\u00f3ry troszczy\u0142 si\u0119 o Jezusa i Matk\u0119 Naj\u015bwi\u0119tsz\u0105, pracuj\u0105c jako cie\u015bla w Nazarecie.<\/span><\/span><\/span><\/p>\n<p><span style=\"color: #000000; --darkreader-inline-color: #ffffff;\" data-darkreader-inline-color=\"\"><span style=\"font-family: Georgia;\"><span style=\"font-size: large;\"><br \/>\nW Ewangeliach niewiele mo\u017cemy przeczyta\u0107 o \u015bw. J\u00f3zefie. Widzimy go zatroskanego o los \u015awi\u0119tej Rodziny, w pokorze i cicho\u015bci zdobywaj\u0105cego w nazareta\u0144skim warsztacie \u015brodki na jej utrzymanie. Jego ci\u0119\u017cka praca zawsze po\u0142\u0105czona by\u0142a z wierno\u015bci\u0105 Panu Bogu. To dzi\u0119ki wielkiej wierze m\u00f3g\u0142 zrozumie\u0107 &#8211; niepoj\u0119t\u0105 po ludzku &#8211; wie\u015b\u0107, \u017ce Maryja b\u0119dzie Matk\u0105 Syna Bo\u017cego, a jemu samemu zosta\u0142a przez Boga wyznaczona rola Jezusowego opiekuna. J\u00f3zef nie protestuje, nie buntuje si\u0119, nie ucieka przed nowin\u0105 ca\u0142kowicie zmieniaj\u0105c\u0105 jego \u017cyciowe plany. Mo\u017ce, kochaj\u0105c Maryj\u0119, wymarzy\u0142 sobie zwyczajn\u0105, liczn\u0105 rodzin\u0119, spokojn\u0105 prac\u0119, staro\u015b\u0107 w otoczeniu dzieci i wnuk\u00f3w? A jednak przyjmuj\u0105c do siebie brzemienn\u0105 Maryj\u0119, wzi\u0105\u0142 te\u017c na siebie cz\u0119\u015b\u0107 Chrystusowego Krzy\u017ca. I cho\u0107 nie doczeka\u0142 na ziemi M\u0119ki i Zmartwychwstania Pana Jezusa, to jednak przez trud, \u0142\u0105cz\u0105c si\u0119 z cierpieniami Zbawiciela, ma tak\u017ce udzia\u0142 w Jego zwyci\u0119stwie nad grzechem i \u015bmierci\u0105. Jest to poniek\u0105d tak\u017ce zwyci\u0119stwo J\u00f3zefa, jego wiary i bezgranicznego zaufania Panu Bogu, nad pokus\u0105 beztroskiego \u017cycia, w kt\u00f3rym sprawy Bo\u017ce s\u0105 dalekie i nierzeczywiste.<\/span><\/span><\/span><\/p>\n<p><span style=\"color: #000000; --darkreader-inline-color: #ffffff;\" data-darkreader-inline-color=\"\"><span style=\"font-family: Georgia;\"><span style=\"font-size: large;\">Ewangeliczny obraz Oblubie\u0144ca Maryi ukazuje, \u017ce dobre \u017cycie &#8211; chocia\u017c niekiedy z pozoru najzwyczajniejsze, podobne do \u017cycia innych ludzi &#8211; to \u017cycie wed\u0142ug, nieraz po ludzku niepoj\u0119tej, woli Bo\u017cej. Tak naprawd\u0119 tylko wierne wype\u0142nianie s\u0142owa Pana Boga mo\u017ce cz\u0142owieka uczyni\u0107 szcz\u0119\u015bliwym, nawet je\u017celi wi\u0105\u017ce si\u0119 z nim cierpienie. Pan kieruje do ka\u017cdego ze swoich dzieci s\u0142owo, wyznaczaj\u0105ce mu w\u0142asn\u0105 i niepowtarzaln\u0105 drog\u0119 do \u015bwi\u0119to\u015bci &#8211; do zbawienia, wys\u0142u\u017conego przez Chrystusa Ukrzy\u017cowanego i Zmartwychwsta\u0142ego.<\/span><\/span><\/span><\/p>\n<p>Jednak\u017ce dyskretna obecno\u015b\u0107 \u015bw. J\u00f3zefa w \u017cyciu Pana Jezusa ukazuje szczeg\u00f3ln\u0105 warto\u015b\u0107 \u017cycia ziemskiego, kt\u00f3rego nie mo\u017cna zmarnowa\u0107. W\u0142a\u015bciwie prze\u017cyte \u017cycie znamionuje tak\u017ce praca &#8211; uczciwa, solidna, dobrze wykonana, s\u0142u\u017c\u0105ca bli\u017anim. Ko\u015bci\u00f3\u0142 w dniu, kt\u00f3ry po\u015bwi\u0119cony jest refleksji nad ludzk\u0105 prac\u0105, stawia chrze\u015bcijanom za przyk\u0142ad Rzemie\u015blnika z Nazaretu i Opiekuna Syna Bo\u017cego, aby zw\u0142aszcza w dzisiejszych czasach, sk\u0142oni\u0107 ich do zastanowienia si\u0119 nad sensem, znaczeniem i celem pracy w drodze ka\u017cdego odkupionego przez Chrystusa cz\u0142owieka do ostatecznego zjednoczenia si\u0119 ze Zmartwychwsta\u0142ym Panem w Niebie.<\/p>\n<p>O sensie i warto\u015bci ludzkiej pracy wiele powiedzieli ojcowie II Soboru Watyka\u0144skiego, przypominaj\u0105c nauk\u0119 Pisma \u015awi\u0119tego m\u00f3wi\u0105c\u0105, \u017ce stworzony na obraz i podobie\u0144stwo Boga cz\u0142owiek otrzyma\u0142 zadanie rz\u0105dzenia i przekszta\u0142cania \u015bwiata w sprawiedliwo\u015bci i \u015bwi\u0119to\u015bci ( por. Gaudium et spes, 34), co dokonuje si\u0119 przede wszystkim przez prac\u0119. Sob\u00f3r uczy, \u017ce &#8222;przez swoj\u0105 prac\u0119 cz\u0142owiek zwyczajnie utrzymuje w\u0142asne \u017cycie i swoich najbli\u017cszych. \u0141\u0105czy si\u0119 ze swoimi bra\u0107mi i s\u0142u\u017cy im, mo\u017ce praktykowa\u0107 szczer\u0105 mi\u0142o\u015b\u0107 i wsp\u00f3\u0142dzia\u0142a\u0107 w doskonaleniu rzeczy stworzonych przez Boga (&#8230;). Przez prac\u0119 sk\u0142adan\u0105 Bogu w ofierze cz\u0142owiek \u0142\u0105czy si\u0119 z dzie\u0142em zbawczym Jezusa Chrystusa, kt\u00f3ry pracuj\u0105c w\u0142asnymi r\u0119kami w Nazarecie, nada\u0142 pracy znamienit\u0105 godno\u015b\u0107. St\u0105d rodzi si\u0119 dla ka\u017cdego z nas obowi\u0105zek wykonywania pracy rzetelnie oraz prawo ka\u017cdego do pracy; do spo\u0142ecze\u0144stwa natomiast nale\u017cy, w miar\u0119 zachodz\u0105cych okoliczno\u015bci, pomaga\u0107 ze swej strony obywatelom w znalezieniu sposobno\u015bci do odpowiedniej pracy. Wreszcie nale\u017cy tak wynagradza\u0107 prac\u0119, aby dawa\u0142a cz\u0142owiekowi \u015brodki na zapewnienie sobie i rodzinie godnego stanu materialnego, spo\u0142ecznego, kulturalnego i duchowego&#8221; (Gaudium et spes, 67).<\/p>\n<p><span style=\"color: #000000; --darkreader-inline-color: #ffffff;\" data-darkreader-inline-color=\"\"><span style=\"font-family: Georgia;\"><span style=\"font-size: large;\">Praca jest wa\u017cn\u0105 cz\u0119\u015bci\u0105 spe\u0142nienia si\u0119 cz\u0142owieka w \u017cyciu doczesnym. Dlatego tak dramatyczna staje si\u0119 sprawa jej braku w czasie, kiedy bezrobocie dotyka wielu cz\u0142onk\u00f3w naszych rodzin, nierzadko nawet do tego stopnia, \u017ce rodziny te nie s\u0105 w stanie utrzyma\u0107 si\u0119 o w\u0142asnych si\u0142ach na godziwym poziomie \u017cycia. W tej trudnej sytuacji Ko\u015bci\u00f3\u0142, ukazuj\u0105c posta\u0107 \u015bw. J\u00f3zefa, patrona pracuj\u0105cych, przypomina, \u017ce ka\u017cdy cz\u0142owiek ma prawo do pracy, kt\u00f3ra zapewnia\u0142aby mu w\u0142a\u015bciwe warunki bytu. Praca w dzisiejszym \u015bwiecie nie mo\u017ce sta\u0107 si\u0119 towarem, tak jak inne dobra materialne. Jej zadania i warto\u015b\u0107 s\u0105 o wiele wi\u0119ksze &#8211; to dzi\u0119ki niej cz\u0142owiek mo\u017ce doskonali\u0107 si\u0119, d\u0105\u017cy\u0107 do \u015bwi\u0119to\u015bci, a jednocze\u015bnie \u017cy\u0107 w spos\u00f3b, kt\u00f3ry da\u0142by mu mo\u017cliwo\u015b\u0107 za\u0142o\u017cenia i utrzymania rodziny.<\/span><\/span><\/span><\/p>\n<p><span style=\"color: #000000; --darkreader-inline-color: #ffffff;\" data-darkreader-inline-color=\"\"><span style=\"font-family: Georgia;\"><span style=\"font-size: large;\"><br \/>\nBezrobocie nie jest wi\u0119c tylko jednym z wielu problem\u00f3w gn\u0119bi\u0105cych dzisiejszych Polak\u00f3w &#8211; jest ono w pierwszym rz\u0119dzie wyzwaniem dla rz\u0105dz\u0105cych. Ci, kt\u00f3rym zaufa\u0142o spo\u0142ecze\u0144stwo, powierzaj\u0105c im ster rz\u0105d\u00f3w, odpowiedzialni s\u0105 tak\u017ce za to, by potrzebuj\u0105cym zapewni\u0107 odpowiednie warunki \u017cycia, co nieod\u0142\u0105cznie wi\u0105\u017ce si\u0119 z prac\u0105. St\u0105d troska o nowe miejsca pracy, o rozw\u00f3j gospodarczy kraju jest zadaniem, z kt\u00f3rego w\u0142adza pa\u0144stwowa powinna by\u0107 dok\u0142adnie rozliczana. Wi\u0105\u017ce si\u0119 z tym r\u00f3wnie\u017c sprawa warunk\u00f3w pracy tych, kt\u00f3rzy maj\u0105 zatrudnienie &#8211; ich godnego traktowania i s\u0142usznego wynagrodzenia.<\/span><\/span><\/span><\/p>\n<p>Nie mo\u017cna obecnie ca\u0142ej odpowiedzialno\u015bci za bezrobotnych i troski o powstawanie nowych miejsc pracy zrzuca\u0107 na rz\u0105dz\u0105cych. Ka\u017cdy chrze\u015bcijanin, maj\u0105cy stosowne mo\u017cliwo\u015bci, ma r\u00f3wnie\u017c zadanie zatroszczenia si\u0119 o pomoc dla cierpi\u0105cych z powodu braku pracy &#8211; czy to, o ile jest to wykonalne, przez znalezienie im godnego zaj\u0119cia, czy te\u017c przez \u017cyczliw\u0105 pomoc i wsparcie.<\/p>\n<p><span style=\"color: #000000; --darkreader-inline-color: #ffffff;\" data-darkreader-inline-color=\"\"><span style=\"font-family: Georgia;\"><span style=\"font-size: large;\">Szczeg\u00f3lne miejsce w dziele \u0142agodzenia skutk\u00f3w bezrobocia i walki o prawa pracuj\u0105cych ma Ko\u015bci\u00f3\u0142. Wyra\u017ca si\u0119 to w udzielanej przez ko\u015bcielne instytucje i organizacje bezpo\u015bredniej materialnej pomocy rodzinom dotkni\u0119tym brakiem \u015brodk\u00f3w do \u017cycia, jak r\u00f3wnie\u017c ci\u0105g\u0142\u0105 trosk\u0105 o poszanowanie pracy ludzkiej. W dzisiejszym \u015bwiecie, w kt\u00f3rym pogo\u0144 za pieni\u0119dzmi nierzadko przes\u0142ania pracodawcom dobro cz\u0142owieka, pasterze Ko\u015bcio\u0142a niestrudzenie apeluj\u0105 o odpowiednie traktowanie zatrudnionych, sprawiedliwe ich wynagradzanie i prawne zapewnienie im takich warunk\u00f3w pracy, aby nie musieli \u017cy\u0107 w niepokoju o przysz\u0142o\u015b\u0107 swoj\u0105 i swoich rodzin.<\/span><\/span><\/span><\/p>\n<p>Dzie\u0144 \u015bw. J\u00f3zefa Rzemie\u015blnika jest dla chrze\u015bcijan okazj\u0105, by zastanowi\u0107 si\u0119 nad tym, jak\u0105 warto\u015b\u0107 ma dla nich praca. Tym, kt\u00f3rzy j\u0105 maj\u0105, przyk\u0142ad \u015bw. J\u00f3zefa przypomina, jak istotne jest jej powa\u017cne traktowanie, poszanowanie, wyra\u017caj\u0105ce si\u0119 w uczciwo\u015bci, solidnym i rzetelnym wykonywaniu powierzonych sobie zada\u0144, by otrzymywane wynagrodzenie odpowiada\u0142o w\u0142o\u017conemu w nie trudowi i zaanga\u017cowaniu. Pracodawcom \u015bw. J\u00f3zef wskazuje, \u017ce nie s\u0105 oni nigdy wolni od obowi\u0105zku liczenia si\u0119 przede wszystkim z dobrem cz\u0142owieka, nie mog\u0105 lekcewa\u017cy\u0107 obowi\u0105zku sprawiedliwego ich wynagradzania, pami\u0119taj\u0105c, \u017ce od pracy zale\u017cy nierzadko byt ca\u0142ych rodzin. Z kolei dla prze\u017cywaj\u0105cych cierpienie bezrobocia Opiekun Pana Jezusa powinien sta\u0107 si\u0119 wzorem bezgranicznego zawierzenia Panu Bogu nawet w najtrudniejszych chwilach \u017cycia. Tylko silna wiara mo\u017ce da\u0107 cz\u0142owiekowi pewno\u015b\u0107, \u017ce Pan B\u00f3g zawsze troszczy si\u0119 o los swoich dzieci, chocia\u017c niekiedy do\u015bwiadcza je i wypr\u00f3bowuje. Ko\u015bci\u00f3\u0142 uczy bowiem, \u017ce nie mo\u017cemy wszystkich naszych plan\u00f3w, nadziei, marze\u0144 ograniczy\u0107 jedynie do \u017cycia doczesnego. Wobec tego powinni\u015bmy by\u0107 \u015bwiadomi, \u017ce ka\u017cde nasze dzia\u0142anie, ka\u017cdy czyn &#8211; ci\u0119\u017cka, uczciwa praca, zarz\u0105dzanie przedsi\u0119biorstwem, prze\u017cywanie trudno\u015bci i cierpie\u0144 bez zw\u0105tpienia w Bo\u017c\u0105 opiek\u0119 &#8211; ma prowadzi\u0107 nas do zjednoczenia z Chrystusem w ojczy\u017anie niebieskiej.<\/p>\n","protected":false},"excerpt":{"rendered":"<p>W dniu 1 maja Ko\u015bci\u00f3\u0142 obchodzi wspomnienie \u015bw. J\u00f3zefa Rzemie\u015blnika, Opiekuna Pana Jezusa i Oblubie\u0144ca Naj\u015bwi\u0119tszej Maryi Panny, kt\u00f3ry troszczy\u0142 si\u0119 o Jezusa i Matk\u0119 Naj\u015bwi\u0119tsz\u0105, pracuj\u0105c jako cie\u015bla w Nazarecie. W Ewangeliach niewiele mo\u017cemy przeczyta\u0107 o \u015bw. J\u00f3zefie. Widzimy go zatroskanego o los \u015awi\u0119tej Rodziny, w pokorze i cicho\u015bci zdobywaj\u0105cego w nazareta\u0144skim warsztacie \u015brodki na jej utrzymanie. Jego ci\u0119\u017cka praca zawsze po\u0142\u0105czona by\u0142a z wierno\u015bci\u0105 Panu Bogu. To dzi\u0119ki wielkiej wierze m\u00f3g\u0142 zrozumie\u0107 &#8211; niepoj\u0119t\u0105 po ludzku &#8211; wie\u015b\u0107, \u017ce Maryja b\u0119dzie Matk\u0105 Syna Bo\u017cego, a jemu samemu zosta\u0142a przez Boga wyznaczona rola Jezusowego opiekuna. J\u00f3zef nie protestuje, nie buntuje si\u0119, nie ucieka przed nowin\u0105 ca\u0142kowicie zmieniaj\u0105c\u0105 jego \u017cyciowe plany. Mo\u017ce, kochaj\u0105c Maryj\u0119, wymarzy\u0142 sobie zwyczajn\u0105, liczn\u0105 rodzin\u0119, spokojn\u0105 prac\u0119, staro\u015b\u0107 w otoczeniu dzieci i wnuk\u00f3w? A jednak przyjmuj\u0105c do siebie brzemienn\u0105 Maryj\u0119, wzi\u0105\u0142 te\u017c na siebie cz\u0119\u015b\u0107 Chrystusowego Krzy\u017ca. I cho\u0107 nie doczeka\u0142 na ziemi M\u0119ki i Zmartwychwstania&hellip;<\/p>\n<p> <a class=\"more-link\" href=\"http:\/\/www.franciszek-walcz.pl\/?p=15597\">Czytaj dalej<\/a><\/p>\n","protected":false},"author":1,"featured_media":0,"comment_status":"closed","ping_status":"open","sticky":false,"template":"","format":"standard","meta":{"footnotes":""},"categories":[5],"tags":[],"class_list":{"0":"post-15597","1":"post","2":"type-post","3":"status-publish","4":"format-standard","6":"category-artykuly"},"brizy_media":[],"_links":{"self":[{"href":"http:\/\/www.franciszek-walcz.pl\/index.php?rest_route=\/wp\/v2\/posts\/15597","targetHints":{"allow":["GET"]}}],"collection":[{"href":"http:\/\/www.franciszek-walcz.pl\/index.php?rest_route=\/wp\/v2\/posts"}],"about":[{"href":"http:\/\/www.franciszek-walcz.pl\/index.php?rest_route=\/wp\/v2\/types\/post"}],"author":[{"embeddable":true,"href":"http:\/\/www.franciszek-walcz.pl\/index.php?rest_route=\/wp\/v2\/users\/1"}],"replies":[{"embeddable":true,"href":"http:\/\/www.franciszek-walcz.pl\/index.php?rest_route=%2Fwp%2Fv2%2Fcomments&post=15597"}],"version-history":[{"count":2,"href":"http:\/\/www.franciszek-walcz.pl\/index.php?rest_route=\/wp\/v2\/posts\/15597\/revisions"}],"predecessor-version":[{"id":15599,"href":"http:\/\/www.franciszek-walcz.pl\/index.php?rest_route=\/wp\/v2\/posts\/15597\/revisions\/15599"}],"wp:attachment":[{"href":"http:\/\/www.franciszek-walcz.pl\/index.php?rest_route=%2Fwp%2Fv2%2Fmedia&parent=15597"}],"wp:term":[{"taxonomy":"category","embeddable":true,"href":"http:\/\/www.franciszek-walcz.pl\/index.php?rest_route=%2Fwp%2Fv2%2Fcategories&post=15597"},{"taxonomy":"post_tag","embeddable":true,"href":"http:\/\/www.franciszek-walcz.pl\/index.php?rest_route=%2Fwp%2Fv2%2Ftags&post=15597"}],"curies":[{"name":"wp","href":"https:\/\/api.w.org\/{rel}","templated":true}]}}