{"id":15600,"date":"2021-05-01T09:41:54","date_gmt":"2021-05-01T07:41:54","guid":{"rendered":"http:\/\/www.franciszek-walcz.pl\/?p=15600"},"modified":"2021-05-01T09:41:54","modified_gmt":"2021-05-01T07:41:54","slug":"nowy-limit-wiernych-w-kosciolach","status":"publish","type":"post","link":"http:\/\/www.franciszek-walcz.pl\/?p=15600","title":{"rendered":"Nowy limit wiernych w ko\u015bcio\u0142ach"},"content":{"rendered":"<p><strong>Od 4 maja w \u015bwi\u0105tyniach 1 osoba na 15 m2, od 15 maja mo\u017cna zorganizowa\u0107 na zewn\u0105trz imprez\u0119 okoliczno\u015bciow\u0105 do 25 os\u00f3b, od 29 maja &#8211; wesela czy komunie mog\u0105 si\u0119 odbywa\u0107 w lokalu, ale liczba uczestnik\u00f3w nie mo\u017ce przekracza\u0107 50 os\u00f3b. Rz\u0105d zapowiedzia\u0142 nowe poluzowanie obostrze\u0144.<\/strong><\/p>\n<p>Do tej pory w \u015bwi\u0105tyni na nabo\u017ce\u0144stwie mog\u0142a przebywa\u0107 jedna osoba na 20 m2, od 4 maja wi\u0119cej os\u00f3b b\u0119dzie mog\u0142o wej\u015b\u0107 do ko\u015bcio\u0142a. Nowy limit to 1 osoba na 15 m2. Rz\u0105d rekomenduje te\u017c odprawianie ceremonii na \u015bwie\u017cym powietrzu.<\/p>\n<p>W po\u0142owie maja zmieniaj\u0105 si\u0119 tak\u017ce zasady organizowania imprez okoliczno\u015bciowych. Od 15 maja na zewn\u0105trz budynku b\u0119dzie mo\u017cna zorganizowa\u0107 wesele czy komuni\u0119, ale z limitem 25 os\u00f3b. Oczywi\u015bcie obowi\u0105zuje \u015bcis\u0142y re\u017cim sanitarny \u2013 m.in. zachowany bezpieczny dystans mi\u0119dzy stolikami oraz limit os\u00f3b na stolik (regulacje takie same jak w przypadku gastronomii zewn\u0119trznej) Od 29 maja imprezy okoliczno\u015bciowe b\u0119d\u0105 mog\u0142y si\u0119 odbywa\u0107 wewn\u0105trz lokali, ale z limitem 50 os\u00f3b i w \u015bcis\u0142ym re\u017cimie sanitarnym.<\/p>\n","protected":false},"excerpt":{"rendered":"<p>Od 4 maja w \u015bwi\u0105tyniach 1 osoba na 15 m2, od 15 maja mo\u017cna zorganizowa\u0107 na zewn\u0105trz imprez\u0119 okoliczno\u015bciow\u0105 do 25 os\u00f3b, od 29 maja &#8211; wesela czy komunie mog\u0105 si\u0119 odbywa\u0107 w lokalu, ale liczba uczestnik\u00f3w nie mo\u017ce przekracza\u0107 50 os\u00f3b. Rz\u0105d zapowiedzia\u0142 nowe poluzowanie obostrze\u0144. Do tej pory w \u015bwi\u0105tyni na nabo\u017ce\u0144stwie mog\u0142a przebywa\u0107 jedna osoba na 20 m2, od 4 maja wi\u0119cej os\u00f3b b\u0119dzie mog\u0142o wej\u015b\u0107 do ko\u015bcio\u0142a. Nowy limit to 1 osoba na 15 m2. Rz\u0105d rekomenduje te\u017c odprawianie ceremonii na \u015bwie\u017cym powietrzu. W po\u0142owie maja zmieniaj\u0105 si\u0119 tak\u017ce zasady organizowania imprez okoliczno\u015bciowych. Od 15 maja na zewn\u0105trz budynku b\u0119dzie mo\u017cna zorganizowa\u0107 wesele czy komuni\u0119, ale z limitem 25 os\u00f3b. Oczywi\u015bcie obowi\u0105zuje \u015bcis\u0142y re\u017cim sanitarny \u2013 m.in. zachowany bezpieczny dystans mi\u0119dzy stolikami oraz limit os\u00f3b na stolik (regulacje takie same jak w przypadku gastronomii zewn\u0119trznej) Od 29 maja imprezy okoliczno\u015bciowe b\u0119d\u0105 mog\u0142y si\u0119 odbywa\u0107 wewn\u0105trz lokali,&hellip;<\/p>\n<p> <a class=\"more-link\" href=\"http:\/\/www.franciszek-walcz.pl\/?p=15600\">Czytaj dalej<\/a><\/p>\n","protected":false},"author":1,"featured_media":0,"comment_status":"closed","ping_status":"open","sticky":false,"template":"","format":"standard","meta":{"footnotes":""},"categories":[4],"tags":[],"class_list":{"0":"post-15600","1":"post","2":"type-post","3":"status-publish","4":"format-standard","6":"category-ogloszenia"},"brizy_media":[],"_links":{"self":[{"href":"http:\/\/www.franciszek-walcz.pl\/index.php?rest_route=\/wp\/v2\/posts\/15600","targetHints":{"allow":["GET"]}}],"collection":[{"href":"http:\/\/www.franciszek-walcz.pl\/index.php?rest_route=\/wp\/v2\/posts"}],"about":[{"href":"http:\/\/www.franciszek-walcz.pl\/index.php?rest_route=\/wp\/v2\/types\/post"}],"author":[{"embeddable":true,"href":"http:\/\/www.franciszek-walcz.pl\/index.php?rest_route=\/wp\/v2\/users\/1"}],"replies":[{"embeddable":true,"href":"http:\/\/www.franciszek-walcz.pl\/index.php?rest_route=%2Fwp%2Fv2%2Fcomments&post=15600"}],"version-history":[{"count":1,"href":"http:\/\/www.franciszek-walcz.pl\/index.php?rest_route=\/wp\/v2\/posts\/15600\/revisions"}],"predecessor-version":[{"id":15601,"href":"http:\/\/www.franciszek-walcz.pl\/index.php?rest_route=\/wp\/v2\/posts\/15600\/revisions\/15601"}],"wp:attachment":[{"href":"http:\/\/www.franciszek-walcz.pl\/index.php?rest_route=%2Fwp%2Fv2%2Fmedia&parent=15600"}],"wp:term":[{"taxonomy":"category","embeddable":true,"href":"http:\/\/www.franciszek-walcz.pl\/index.php?rest_route=%2Fwp%2Fv2%2Fcategories&post=15600"},{"taxonomy":"post_tag","embeddable":true,"href":"http:\/\/www.franciszek-walcz.pl\/index.php?rest_route=%2Fwp%2Fv2%2Ftags&post=15600"}],"curies":[{"name":"wp","href":"https:\/\/api.w.org\/{rel}","templated":true}]}}