{"id":15602,"date":"2021-05-01T09:43:54","date_gmt":"2021-05-01T07:43:54","guid":{"rendered":"http:\/\/www.franciszek-walcz.pl\/?p=15602"},"modified":"2021-05-01T09:44:32","modified_gmt":"2021-05-01T07:44:32","slug":"wszystko-za-wszystko","status":"publish","type":"post","link":"http:\/\/www.franciszek-walcz.pl\/?p=15602","title":{"rendered":"WSZYSTKO ZA WSZYSTKO"},"content":{"rendered":"<p><em>Je\u017celi we mnie trwa\u0107 b\u0119dziecie, a s\u0142owa moje w was, poprosicie, o cokolwiek chcecie, a to wam si\u0119 spe\u0142ni &#8211;\u00a0<\/em>m\u00f3wi Jezus. Nieprawdopodobn\u0105 wydaje si\u0119 ta obietnica. Cokolwiek? Tak dos\u0142ownie \u201ecokolwiek&#8221;? Czyli wszystko? Tyle pr\u00f3\u015bb zostaje niewys\u0142uchanych i niespe\u0142nionych oczekiwa\u0144.<\/p>\n<p>Zauwa\u017c jednak, \u017ce Jezus stawia warunek:\u00a0<em>Je\u017celi we mnie trwa\u0107 b\u0119dziecie. A\u00a0<\/em>nie jest to \u0142atwe do spe\u0142nienia. Bo \u201etrwa\u0107 w Jezusie&#8221;, to by\u0107 jak ga\u0142\u0105zka wyrastaj\u0105ca z pnia krzewu. Ju\u017c samo jej istnienie zale\u017cy od wszczepienia w \u017cyciodajny pie\u0144. Cz\u0142owiek nie jest ga\u0142\u0105zk\u0105. Chce by\u0107 niezale\u017cny w istnieniu i dzia\u0142aniu. Chce wiele osi\u0105gn\u0105\u0107 &#8211; ale sam<\/p>\n<p>i samemu sobie to zawdzi\u0119cza\u0107. Tymczasem, powiada Jezus, jeste\u015b jak ga\u0142\u0105zka. Mo\u017cesz si\u0119gn\u0105\u0107 po wszystko, ale najpierw wszystko musisz z\u0142o\u017cy\u0107 w moje r\u0119ce. Perspektywa wspania\u0142a, ale tak trudno odda\u0107 wszystko, nawet by wszystko zyska\u0107.<\/p>\n<p>Dlaczego tak trudno? Jeden z powod\u00f3w wskazuje aposto\u0142 Jan:\u00a0<em>Dzieci &#8211;\u00a0<\/em>pisze &#8211;\u00a0<em>nie mi\u0142ujmy s\u0142owem i j\u0119zykiem, ale czynem i prawd\u0105.\u00a0<\/em>Ta zach\u0119ta wyrasta z obserwacji naszego \u015bwiata, gdzie tak \u0142atwo o s\u0142owne deklaracje, a trudniej o prawd\u0119 wypowiadan\u0105 czynem, postaw\u0105, \u017cyciem, ca\u0142ym sob\u0105. Taka prawda kosztuje sporo wysi\u0142ku. A prawdzie tej na imi\u0119 mi\u0142o\u015b\u0107. Owszem, o mi\u0142o\u015bci mo\u017cna bez ko\u0144ca. Zauwa\u017c, \u017ce najcz\u0119\u015bciej i naj\u0142atwiej m\u00f3wi\u0107 (pisa\u0107, robi\u0107 filmy) o mi\u0142o\u015bci&#8211;uczuciu, o mi\u0142o\u015bci, kt\u00f3ra chcia\u0142aby posi\u0105\u015b\u0107, mie\u0107 i cieszy\u0107 si\u0119 posiadaniem kogo\u015b. Nie tak\u0105 jednak mi\u0142o\u015b\u0107 Aposto\u0142 nazywa \u201eczynem i prawd\u0105&#8221;. Powiada:\u00a0<em>aby\u015bmy wierzyli w imi\u0119 Jezusa&#8230; i mi\u0142o-wali si\u0119 wzajemnie tak, jak nam nakaza\u0142.\u00a0<\/em>Wiemy, co Jezus nakaza\u0142: \u201ePrzykazanie nowe daj\u0119 wam, aby\u015bcie si\u0119 wzajemnie mi\u0142owali, tak jak Ja was umi\u0142owa\u0142em&#8221; (J 13,34). A umi\u0142owa\u0142 nas, daj\u0105c wszystko &#8211; daj\u0105c ca\u0142ego siebie, a\u017c do szale\u0144stwa krzy\u017ca. Wszystko za wszystko. Je\u015bli z mi\u0142o\u015bci ku Bogu i ludziom dasz wszystko, je\u015bli\u00a0<em>przez\u00a0<\/em>ofiarn\u0105 mi\u0142o\u015b\u0107 staniesz si\u0119 jedno z Jezusem &#8211; jak ga\u0142\u0105zka z krzewem, wtedy o cokolwiek prosi\u0107 b\u0119dziesz Boga, spe\u0142ni si\u0119. Na tym w\u0142a\u015bnie polega tajemnica pot\u0119\u017cnej si\u0142y wstawiennictwa \u015bwi\u0119tych.<\/p>\n<p><em>Aby\u015bmy wierzyli&#8230; i mi\u0142owali si\u0119 wzajemnie &#8211;\u00a0<\/em>mi\u0142o\u015b\u0107 wyrasta z wiary. Albo inaczej: je\u015bli mi\u0142o\u015b\u0107 por\u00f3wna\u0107 do ga\u0142\u0105zki rodz\u0105cej owoce, to wiar\u0119 nale\u017cy por\u00f3wna\u0107 do krzewu, do pnia, z kt\u00f3rego wyrasta. Czy\u017cby zatem nie mog\u0142o by\u0107 mi\u0142o\u015bci bez wiary? Istotnie, najg\u0142\u0119bsza, najprawdziwsza mi\u0142o\u015b\u0107 zawsze wyrasta z wiary. Tylko cz\u0142owiek, kt\u00f3ry widzi i wi\u0119cej, i dalej ni\u017c ziemskie kalkulacje widzie\u0107 pozwalaj\u0105, zdolny jest da\u0107 wszystko. I wszystko zyska\u0107. Powiem wi\u0119cej: im pe\u0142niejsza wiara, im bardziej poszerza spojrzenie cz\u0142owieka, im bardziej rozgrzewa jego duchowe wn\u0119trze &#8211; tym bardziej owocuje mi\u0142o\u015bci\u0105. Wiara si\u0119ga Boga, a mi\u0142o\u015b\u0107 ka\u017ce i\u015b\u0107 dalej. Dalej ni\u017c B\u00f3g? Tak, bo B\u00f3g sta\u0142 si\u0119 cz\u0142owiekiem. Takie jest sedno chrze\u015bcija\u0144skiej wiary. Dlatego mi\u0142o\u015b\u0107 wyrastaj\u0105ca z tej wiary zwraca si\u0119 ku cz\u0142owiekowi. Obserwacja \u015bwi\u0119tych potwierdza to w niezliczonych przypadkach. Dlatego modlitwa, kontemplacja tajemnic Boga odrywa cz\u0142owieka od \u015bwiata na kr\u00f3tko, na tyle, ile potrzeba, by mocno wkorzeni\u0107 si\u0119 w Niego. Wkr\u00f3tce cz\u0142owiek zjednoczony z Bogiem wraca do \u015bwiata i zdolny jest \u015bwiat przemienia\u0107. Otrzyma\u0142 od Boga wszystko za wszystko. Takich ludzi dzi\u015b \u015bwiatu potrzeba.<\/p>\n<p><span style=\"color: #000000; --darkreader-inline-color: #ffffff;\" data-darkreader-inline-color=\"\"><span style=\"font-family: Arial;\"><span style=\"font-size: medium;\"><b>KS. TOMASZ HORAK<\/b><\/span><\/span><\/span><\/p>\n","protected":false},"excerpt":{"rendered":"<p>Je\u017celi we mnie trwa\u0107 b\u0119dziecie, a s\u0142owa moje w was, poprosicie, o cokolwiek chcecie, a to wam si\u0119 spe\u0142ni &#8211;\u00a0m\u00f3wi Jezus. Nieprawdopodobn\u0105 wydaje si\u0119 ta obietnica. Cokolwiek? Tak dos\u0142ownie \u201ecokolwiek&#8221;? Czyli wszystko? Tyle pr\u00f3\u015bb zostaje niewys\u0142uchanych i niespe\u0142nionych oczekiwa\u0144. Zauwa\u017c jednak, \u017ce Jezus stawia warunek:\u00a0Je\u017celi we mnie trwa\u0107 b\u0119dziecie. A\u00a0nie jest to \u0142atwe do spe\u0142nienia. Bo \u201etrwa\u0107 w Jezusie&#8221;, to by\u0107 jak ga\u0142\u0105zka wyrastaj\u0105ca z pnia krzewu. Ju\u017c samo jej istnienie zale\u017cy od wszczepienia w \u017cyciodajny pie\u0144. Cz\u0142owiek nie jest ga\u0142\u0105zk\u0105. Chce by\u0107 niezale\u017cny w istnieniu i dzia\u0142aniu. Chce wiele osi\u0105gn\u0105\u0107 &#8211; ale sam i samemu sobie to zawdzi\u0119cza\u0107. Tymczasem, powiada Jezus, jeste\u015b jak ga\u0142\u0105zka. Mo\u017cesz si\u0119gn\u0105\u0107 po wszystko, ale najpierw wszystko musisz z\u0142o\u017cy\u0107 w moje r\u0119ce. Perspektywa wspania\u0142a, ale tak trudno odda\u0107 wszystko, nawet by wszystko zyska\u0107. Dlaczego tak trudno? Jeden z powod\u00f3w wskazuje aposto\u0142 Jan:\u00a0Dzieci &#8211;\u00a0pisze &#8211;\u00a0nie mi\u0142ujmy s\u0142owem i j\u0119zykiem, ale czynem i prawd\u0105.\u00a0Ta zach\u0119ta wyrasta z&hellip;<\/p>\n<p> <a class=\"more-link\" href=\"http:\/\/www.franciszek-walcz.pl\/?p=15602\">Czytaj dalej<\/a><\/p>\n","protected":false},"author":1,"featured_media":0,"comment_status":"closed","ping_status":"open","sticky":false,"template":"","format":"standard","meta":{"footnotes":""},"categories":[5],"tags":[],"class_list":{"0":"post-15602","1":"post","2":"type-post","3":"status-publish","4":"format-standard","6":"category-artykuly"},"brizy_media":[],"_links":{"self":[{"href":"http:\/\/www.franciszek-walcz.pl\/index.php?rest_route=\/wp\/v2\/posts\/15602","targetHints":{"allow":["GET"]}}],"collection":[{"href":"http:\/\/www.franciszek-walcz.pl\/index.php?rest_route=\/wp\/v2\/posts"}],"about":[{"href":"http:\/\/www.franciszek-walcz.pl\/index.php?rest_route=\/wp\/v2\/types\/post"}],"author":[{"embeddable":true,"href":"http:\/\/www.franciszek-walcz.pl\/index.php?rest_route=\/wp\/v2\/users\/1"}],"replies":[{"embeddable":true,"href":"http:\/\/www.franciszek-walcz.pl\/index.php?rest_route=%2Fwp%2Fv2%2Fcomments&post=15602"}],"version-history":[{"count":1,"href":"http:\/\/www.franciszek-walcz.pl\/index.php?rest_route=\/wp\/v2\/posts\/15602\/revisions"}],"predecessor-version":[{"id":15603,"href":"http:\/\/www.franciszek-walcz.pl\/index.php?rest_route=\/wp\/v2\/posts\/15602\/revisions\/15603"}],"wp:attachment":[{"href":"http:\/\/www.franciszek-walcz.pl\/index.php?rest_route=%2Fwp%2Fv2%2Fmedia&parent=15602"}],"wp:term":[{"taxonomy":"category","embeddable":true,"href":"http:\/\/www.franciszek-walcz.pl\/index.php?rest_route=%2Fwp%2Fv2%2Fcategories&post=15602"},{"taxonomy":"post_tag","embeddable":true,"href":"http:\/\/www.franciszek-walcz.pl\/index.php?rest_route=%2Fwp%2Fv2%2Ftags&post=15602"}],"curies":[{"name":"wp","href":"https:\/\/api.w.org\/{rel}","templated":true}]}}