{"id":15677,"date":"2021-05-02T18:38:27","date_gmt":"2021-05-02T16:38:27","guid":{"rendered":"http:\/\/www.franciszek-walcz.pl\/?p=15677"},"modified":"2021-05-02T18:38:54","modified_gmt":"2021-05-02T16:38:54","slug":"z-dawna-polski-tys-krolowa-ks-bogdan-zbroja","status":"publish","type":"post","link":"http:\/\/www.franciszek-walcz.pl\/?p=15677","title":{"rendered":"Z dawna Polski Ty\u015b Kr\u00f3low\u0105, ks. Bogdan Zbroja"},"content":{"rendered":"<p align=\"left\"><span style=\"color: #000000; --darkreader-inline-color: #ffffff;\" data-darkreader-inline-color=\"\"><span style=\"font-family: Arial;\"><span style=\"font-size: medium;\">Dzisiaj w naszej Ojczy\u017anie szczeg\u00f3lnie wa\u017cna uroczysto\u015b\u0107, \u015bwi\u0119to naszej Matki i Kr\u00f3lowej. Maryja od wielu wiek\u00f3w chroni i wspiera Polsk\u0119 i Polak\u00f3w, wyprasza potrzebne \u0142aski i daje pewno\u015b\u0107 zwyci\u0119stwa nad wrogami dobra. W \u015bwietle czyta\u0144 biblijnych zechciejmy spojrze\u0107 na posta\u0107 Maryi, aby tym gor\u0119cej podzi\u0119kowa\u0107 dobremu Bogu za Jej macierzy\u0144sk\u0105 opiek\u0119 nad naszym krajem.<\/span><\/span><\/span><\/p>\n<p align=\"left\"><span style=\"color: #000000; --darkreader-inline-color: #ffffff;\" data-darkreader-inline-color=\"\"><span style=\"font-family: Arial;\"><span style=\"font-size: medium;\">Apokalipsa \u015bw. Jana, kt\u00f3rej fragment us\u0142yszeli\u015bmy na samym pocz\u0105tku liturgii s\u0142owa, skupi\u0142a nasz\u0105 uwag\u0119 na obrazie nieba, aby nast\u0119pnie przenie\u015b\u0107 akcent na sprawy ziemi, a dok\u0142adniej na pustyni\u0119, gdzie apokaliptyczna Niewiasta znalaz\u0142a schronienie przed rozw\u015bcieczonym Smokiem. Diabe\u0142 w tym biblijnym obrazie przegra\u0142 z Niewiast\u0105! Poniewa\u017c nawet najsilniejsze z\u0142o i rozw\u015bcieczone bestie nie s\u0105 w stanie zwyci\u0119\u017cy\u0107 Maryi, kt\u00f3ra swoj\u0105 stop\u0105 depcze \u0142eb jadowitego potwora! Ten obraz powinien dopom\u00f3c nam przyjmowa\u0107 tak\u0105 sam\u0105 postaw\u0119 w naszym \u017cyciu. Trzeba bowiem ucieka\u0107 od Szatana i grzechu, a r\u00f3wnocze\u015bnie trzeba stale zachowywa\u0107 spok\u00f3j inspirowany wiar\u0105 w Bo\u017c\u0105 opatrzno\u015b\u0107. B\u00f3g przecie\u017c zawsze i nad wszystkim czuwa \u2013 On wie wszystko! Bez Jego woli nawet w\u0142os z g\u0142owy nam nie spadnie (por. \u0141k 21,18)!<\/span><\/span><\/span><\/p>\n<p align=\"left\"><span style=\"color: #000000; --darkreader-inline-color: #ffffff;\" data-darkreader-inline-color=\"\"><span style=\"font-family: Arial;\"><span style=\"font-size: medium;\">Scena spod krzy\u017ca, o kt\u00f3rej opowiada \u015bw. Jan w dzisiejszej Ewangelii, r\u00f3wnie\u017c prezentuje Maryj\u0119 jako zwyci\u0119zc\u0119. Ona stoi pod krzy\u017cem, na kt\u00f3rym kona Jej Syn, i uczy si\u0119, jak do samego ko\u0144ca zachowa\u0107 mi\u0142o\u015b\u0107 ku cz\u0142owiekowi. Umieraj\u0105cy za grzesznik\u00f3w Jezus daje najwspanialsz\u0105 lekcj\u0119 Ewangelii, gdy wypowiada s\u0142owa: \u201eNiewiasto, oto syn Tw\u00f3j\u201d oraz do ucznia: \u201eOto Matka twoja\u201d. Mistrz z Nazaretu w ogromnym cierpieniu ko\u0144czy swe ziemskie \u017cycie, potrafi jednak i pragnie tego, aby Jego umys\u0142 nie koncentrowa\u0142 si\u0119 na b\u00f3lach i nadchodz\u0105cej \u015bmierci, ale z jednej strony skupia swoj\u0105 uwag\u0119 na ludziach, kt\u00f3rych w\u0142a\u015bnie zbawia, z drugiej za\u015b na Bogu Ojcu, do kt\u00f3rego powraca po ziemskiej pielgrzymce. Ten geniusz postawy Jezusa przejmuje Jego Matka \u2013 ju\u017c zawsze pozostanie tak\u0105 sam\u0105 jak Syn: my\u015bli o ludziach, kt\u00f3rym da\u0142a Zbawiciela, i prosi Ojca Niebieskiego, aby ka\u017cde ze swoich dzieci doprowadzi\u0142 do \u017cycia w wiekuistym szcz\u0119\u015bciu.<\/span><\/span><\/span><\/p>\n<p align=\"left\"><span style=\"color: #000000; --darkreader-inline-color: #ffffff;\" data-darkreader-inline-color=\"\"><span style=\"font-family: Arial;\"><span style=\"font-size: medium;\">\u015awi\u0119ty Pawe\u0142 opowiada natomiast o wielkim dzi\u0119kczynieniu, kt\u00f3re powinno by\u0107 udzia\u0142em wsp\u00f3lnoty Ko\u015bcio\u0142a, dzi\u0119kczynieniu za niezmierzone dary Bo\u017cej \u0142askawo\u015bci. Nade wszystko trzeba zwr\u00f3ci\u0107 uwag\u0119 na wa\u017cne Paw\u0142owe stwierdzenie, w kt\u00f3rym m\u00f3wi, \u017ce B\u00f3g \u201euwolni\u0142 nas spod w\u0142adzy ciemno\u015bci i przeni\u00f3s\u0142 do kr\u00f3lestwa swego umi\u0142owanego Syna\u201d (Kol 1,13). To zdanie z jednej strony traktuje o ciemno\u015bci, w kt\u00f3rej dawniej uwi\u0119ziony by\u0142 cz\u0142owiek, z drugiej za\u015b prezentuje przeciwie\u0144stwo mroku, kt\u00f3rym jest kr\u00f3lestwo Ojca \u015awiat\u0142o\u015bci. Maryja od samego pocz\u0105tku wsp\u00f3\u0142uczestniczy w tym Bo\u017cym dziele odkupienia, b\u0119d\u0105c Matk\u0105 i najwierniejsz\u0105 Uczennic\u0105 Wcielonego S\u0142owa. Ona tak\u017ce nieustannie wspomaga powierzone Jej przez Jezusa dzieci, aby porzuca\u0142y sfer\u0119 ciemno\u015bci grzechu i budowa\u0142y cywilizacj\u0119 prawdy i mi\u0142o\u015bci. Od samego pocz\u0105tku naszych dziej\u00f3w ojczystych strze\u017ce tego skarbu wiary. Dba o to, by Polska by\u0142a wolna od wp\u0142yw\u00f3w z\u0142a moralnego i ideologicznego, i stale wyprasza nam \u0142ask\u0119 rozwoju duchowego i materialnego.<\/span><\/span><\/span><\/p>\n<p align=\"left\"><span style=\"color: #000000; --darkreader-inline-color: #ffffff;\" data-darkreader-inline-color=\"\"><span style=\"font-family: Arial;\"><span style=\"font-size: medium;\">Niech wi\u0119c dzi\u015b ka\u017cde serce Polaka i Polki, cz\u0142owieka, kt\u00f3ry \u017cyje na ziemi Piast\u00f3w i Jagiellon\u00f3w, uwielbi Maryj\u0119 \u2013 nasz\u0105 Kr\u00f3low\u0105 i Matk\u0119! A Niepokalana niechaj nadal b\u0142ogos\u0142awi swemu dziedzictwu i prosi za nami swego Syna. Natomiast my, zjednoczeni w wierze na Mszy \u015awi\u0119tej, przez cud Eucharystii podzi\u0119kujmy Bogu za \u201ewielkie rzeczy\u201d wypraszane przez Maryj\u0119 \u2013 Kr\u00f3low\u0105 Polski i Polak\u00f3w. Amen.<\/span><\/span><\/span><\/p>\n","protected":false},"excerpt":{"rendered":"<p>Dzisiaj w naszej Ojczy\u017anie szczeg\u00f3lnie wa\u017cna uroczysto\u015b\u0107, \u015bwi\u0119to naszej Matki i Kr\u00f3lowej. Maryja od wielu wiek\u00f3w chroni i wspiera Polsk\u0119 i Polak\u00f3w, wyprasza potrzebne \u0142aski i daje pewno\u015b\u0107 zwyci\u0119stwa nad wrogami dobra. W \u015bwietle czyta\u0144 biblijnych zechciejmy spojrze\u0107 na posta\u0107 Maryi, aby tym gor\u0119cej podzi\u0119kowa\u0107 dobremu Bogu za Jej macierzy\u0144sk\u0105 opiek\u0119 nad naszym krajem. Apokalipsa \u015bw. Jana, kt\u00f3rej fragment us\u0142yszeli\u015bmy na samym pocz\u0105tku liturgii s\u0142owa, skupi\u0142a nasz\u0105 uwag\u0119 na obrazie nieba, aby nast\u0119pnie przenie\u015b\u0107 akcent na sprawy ziemi, a dok\u0142adniej na pustyni\u0119, gdzie apokaliptyczna Niewiasta znalaz\u0142a schronienie przed rozw\u015bcieczonym Smokiem. Diabe\u0142 w tym biblijnym obrazie przegra\u0142 z Niewiast\u0105! Poniewa\u017c nawet najsilniejsze z\u0142o i rozw\u015bcieczone bestie nie s\u0105 w stanie zwyci\u0119\u017cy\u0107 Maryi, kt\u00f3ra swoj\u0105 stop\u0105 depcze \u0142eb jadowitego potwora! Ten obraz powinien dopom\u00f3c nam przyjmowa\u0107 tak\u0105 sam\u0105 postaw\u0119 w naszym \u017cyciu. Trzeba bowiem ucieka\u0107 od Szatana i grzechu, a r\u00f3wnocze\u015bnie trzeba stale zachowywa\u0107 spok\u00f3j inspirowany wiar\u0105 w Bo\u017c\u0105 opatrzno\u015b\u0107. B\u00f3g przecie\u017c&hellip;<\/p>\n<p> <a class=\"more-link\" href=\"http:\/\/www.franciszek-walcz.pl\/?p=15677\">Czytaj dalej<\/a><\/p>\n","protected":false},"author":1,"featured_media":0,"comment_status":"closed","ping_status":"open","sticky":false,"template":"","format":"standard","meta":{"footnotes":""},"categories":[5],"tags":[],"class_list":{"0":"post-15677","1":"post","2":"type-post","3":"status-publish","4":"format-standard","6":"category-artykuly"},"brizy_media":[],"_links":{"self":[{"href":"http:\/\/www.franciszek-walcz.pl\/index.php?rest_route=\/wp\/v2\/posts\/15677","targetHints":{"allow":["GET"]}}],"collection":[{"href":"http:\/\/www.franciszek-walcz.pl\/index.php?rest_route=\/wp\/v2\/posts"}],"about":[{"href":"http:\/\/www.franciszek-walcz.pl\/index.php?rest_route=\/wp\/v2\/types\/post"}],"author":[{"embeddable":true,"href":"http:\/\/www.franciszek-walcz.pl\/index.php?rest_route=\/wp\/v2\/users\/1"}],"replies":[{"embeddable":true,"href":"http:\/\/www.franciszek-walcz.pl\/index.php?rest_route=%2Fwp%2Fv2%2Fcomments&post=15677"}],"version-history":[{"count":1,"href":"http:\/\/www.franciszek-walcz.pl\/index.php?rest_route=\/wp\/v2\/posts\/15677\/revisions"}],"predecessor-version":[{"id":15678,"href":"http:\/\/www.franciszek-walcz.pl\/index.php?rest_route=\/wp\/v2\/posts\/15677\/revisions\/15678"}],"wp:attachment":[{"href":"http:\/\/www.franciszek-walcz.pl\/index.php?rest_route=%2Fwp%2Fv2%2Fmedia&parent=15677"}],"wp:term":[{"taxonomy":"category","embeddable":true,"href":"http:\/\/www.franciszek-walcz.pl\/index.php?rest_route=%2Fwp%2Fv2%2Fcategories&post=15677"},{"taxonomy":"post_tag","embeddable":true,"href":"http:\/\/www.franciszek-walcz.pl\/index.php?rest_route=%2Fwp%2Fv2%2Ftags&post=15677"}],"curies":[{"name":"wp","href":"https:\/\/api.w.org\/{rel}","templated":true}]}}