{"id":15726,"date":"2021-05-08T11:35:22","date_gmt":"2021-05-08T09:35:22","guid":{"rendered":"http:\/\/www.franciszek-walcz.pl\/?p=15726"},"modified":"2021-05-08T11:36:26","modified_gmt":"2021-05-08T09:36:26","slug":"wytrwajcie-w-milosci-mojej","status":"publish","type":"post","link":"http:\/\/www.franciszek-walcz.pl\/?p=15726","title":{"rendered":"Wytrwajcie w mi\u0142o\u015bci mojej"},"content":{"rendered":"<p>Ewangelia 6 Niedzieli Wielkanocnej jest fragmentem d\u0142ugiej mowy po\u017cegnalnej Chrystusa w czasie Ostatniej Wieczerzy. Mowa ta rozpoczyna si\u0119 w rozdziale 13 i ko\u0144czy w rozdziale 17.\u00a0 Zajmuje wi\u0119c w Ewangelii \u015bw. Jana a\u017c pi\u0119\u0107 rozdzia\u0142\u00f3w. W ca\u0142ej tej d\u0142ugiej katechezie Jezus kilkana\u015bcie razy podkre\u015bla znaczenie i wag\u0119 mi\u0142o\u015bci. Rozpoczyna si\u0119 ta katecheza od umycia n\u00f3g Aposto\u0142om. Na zako\u0144czenie Chrystus stwierdza: \u201eDa\u0142em wam bowiem przyk\u0142ad, aby\u015bcie i wy tak czynili, jak Ja wam uczyni\u0142em.\u201d (Jn 13:15). Po wyj\u015bciu Judasza mamy s\u0142owa: \u201ePrzykazanie nowe daj\u0119 wam, aby\u015bcie si\u0119 wzajemnie mi\u0142owali tak, jak Ja was umi\u0142owa\u0142em; \u017ceby\u015bcie i wy tak si\u0119 mi\u0142owali wzajemnie.\u201d (Jn 13:34). W rozdziale 14-tym po wskazaniu drogi do Ojca Jezus znowu podkre\u015bla: \u201eJe\u017celi Mnie mi\u0142ujecie, b\u0119dziecie zachowywa\u0107 moje przykazania.\u201d (Jn 14:15). Kolejny 15-ty rozdzia\u0142 przynosi nam s\u0142owa czytane w dzisiejszej Ewangelii. W rozdziale 16-tym zapowiadaj\u0105c otarcie swoj\u0105 m\u0119k\u0119 i \u015bmier\u0107 obiecuje Ducha \u015bwi\u0119tego \u2013 Pocieszyciela, Kt\u00f3ry ma doprowadzi\u0107 uczni\u00f3w do ca\u0142ej prawdy. A w ko\u0144cu w rozdziale 17-tym modli si\u0119 o u\u015bwi\u0119cenie uczni\u00f3w w prawdzie. Ju\u017c nawet taka pobie\u017cna tylko analiza mowy po\u017cegnalnej Chrystusa ukazuje g\u0142\u0119boki zwi\u0105zek mi\u0142o\u015bci z prawd\u0105, ale i szczeg\u00f3lne znaczenie Mi\u0142o\u015bci w \u017cyciu uczni\u00f3w.<\/p>\n<p>Mi\u0142o\u015b\u0107 \u2014\u00abcaritas\u00bb \u2014 to nadzwyczajna si\u0142a, kt\u00f3ra ka\u017ce osobom odwa\u017cnie i ofiarnie anga\u017cowa\u0107 si\u0119 w dziedzinie sprawiedliwo\u015bci i pokoju. To si\u0142a, kt\u00f3ra pochodzi od Boga \u2014 odwiecznej Mi\u0142o\u015bci i absolutnej Prawdy.\u201d Niestety w naszej kulturze s\u0142owo mi\u0142o\u015b\u0107 zosta\u0142o zdegradowane do poziomu albo czysto biologicznego po\u017c\u0105dania, albo co najwy\u017cej efemerycznego i kapry\u015bnego uczucia. Mi\u0142o\u015b\u0107 bez prawdy staje si\u0119 nie \u201esi\u0142\u0105 pochodz\u0105c\u0105 od Boga\u201d, ale \u015blep\u0105 i ostatecznie niszczycielsk\u0105 moc\u0105, kt\u00f3ra z Bogiem nie ma nic wsp\u00f3lnego.<\/p>\n<p>Kto\u015b zada\u0142 kiedy\u015b pytanie: \u201eZdaj\u0119 sobie spraw\u0119, \u017ce mi\u0142o\u015b\u0107 jak\u0105 B\u00f3g nam proponuje nie mo\u017ce by\u0107 rozumiana tak, jak &#8222;ludzka mi\u0142o\u015b\u0107&#8221;, te wszystkie uczucia, emocje, odczucia itd. Jak jednak mo\u017cemy pozna\u0107 mi\u0142o\u015b\u0107 Boga do nas? Czym naprawd\u0119 jest mi\u0142o\u015b\u0107?\u201d<\/p>\n<p>Jak my\u015blisz, jaka powinna by\u0107 odpowied\u017a?<\/p>\n<p>Odpowied\u017a brzmi:<\/p>\n<p>\uf0b7\u00a0\u00a0\u00a0\u00a0\u00a0\u00a0\u00a0\u00a0B\u00f3g tak nas umi\u0142owa\u0142, \u017ce da\u0142 swego Jednorodzonego Syna dla naszego zbawienia.<\/p>\n<p>\uf0b7\u00a0\u00a0\u00a0\u00a0\u00a0\u00a0\u00a0\u00a0Najwi\u0119kszym wyrazem mi\u0142o\u015bci Boga do cz\u0142owieka jest Ofiara Jezusa Chrystusa na krzy\u017cu.<\/p>\n<p>\uf0b7\u00a0\u00a0\u00a0\u00a0\u00a0\u00a0\u00a0\u00a0Nie ma wi\u0119kszej mi\u0142o\u015bci, ni\u017c odda\u0107 \u017cycie za przyjaci\u00f3\u0142 &#8230;.<\/p>\n<p>\uf0b7\u00a0\u00a0\u00a0\u00a0\u00a0\u00a0\u00a0\u00a0Duch \u015awi\u0119ty dany nam w Sakramencie Chrztu, to w\u0142a\u015bnie jest mi\u0142o\u015b\u0107 Boga do cz\u0142owieka &#8230;<\/p>\n<p>\uf0b7\u00a0\u00a0\u00a0\u00a0\u00a0\u00a0\u00a0\u00a0Kolejnym widocznym znakiem mi\u0142o\u015bci Boga jest Eucharystia &#8230;, ale tak\u017ce Ko\u015bci\u00f3\u0142, Sakramenty &#8230;<\/p>\n<p>\uf0b7\u00a0\u00a0\u00a0\u00a0\u00a0\u00a0\u00a0\u00a0Musimy zobaczy\u0107 i rozpozna\u0107 t\u0119 mi\u0142o\u015b\u0107, tam gdzie Ona naprawd\u0119 jest &#8230; to znaczy w Bogu, w Jezusie Chrystusie i w Sakramentach &#8230;<\/p>\n<p>\uf0b7\u00a0\u00a0\u00a0\u00a0\u00a0\u00a0\u00a0\u00a0B\u00f3g na pewno nie kocha nas w emocjonalny, powierzchowny i kapry\u015bny spos\u00f3b :-).<\/p>\n<p>I to w\u0142a\u015bnie stara si\u0119 pokaza\u0107 nam w dzisiejszej Ewangelii Jezus, Kt\u00f3ry jest ostatecznym objawieniem Mi\u0142o\u015bci Boga do cz\u0142owieka.<\/p>\n","protected":false},"excerpt":{"rendered":"<p>Ewangelia 6 Niedzieli Wielkanocnej jest fragmentem d\u0142ugiej mowy po\u017cegnalnej Chrystusa w czasie Ostatniej Wieczerzy. Mowa ta rozpoczyna si\u0119 w rozdziale 13 i ko\u0144czy w rozdziale 17.\u00a0 Zajmuje wi\u0119c w Ewangelii \u015bw. Jana a\u017c pi\u0119\u0107 rozdzia\u0142\u00f3w. W ca\u0142ej tej d\u0142ugiej katechezie Jezus kilkana\u015bcie razy podkre\u015bla znaczenie i wag\u0119 mi\u0142o\u015bci. Rozpoczyna si\u0119 ta katecheza od umycia n\u00f3g Aposto\u0142om. Na zako\u0144czenie Chrystus stwierdza: \u201eDa\u0142em wam bowiem przyk\u0142ad, aby\u015bcie i wy tak czynili, jak Ja wam uczyni\u0142em.\u201d (Jn 13:15). Po wyj\u015bciu Judasza mamy s\u0142owa: \u201ePrzykazanie nowe daj\u0119 wam, aby\u015bcie si\u0119 wzajemnie mi\u0142owali tak, jak Ja was umi\u0142owa\u0142em; \u017ceby\u015bcie i wy tak si\u0119 mi\u0142owali wzajemnie.\u201d (Jn 13:34). W rozdziale 14-tym po wskazaniu drogi do Ojca Jezus znowu podkre\u015bla: \u201eJe\u017celi Mnie mi\u0142ujecie, b\u0119dziecie zachowywa\u0107 moje przykazania.\u201d (Jn 14:15). Kolejny 15-ty rozdzia\u0142 przynosi nam s\u0142owa czytane w dzisiejszej Ewangelii. W rozdziale 16-tym zapowiadaj\u0105c otarcie swoj\u0105 m\u0119k\u0119 i \u015bmier\u0107 obiecuje Ducha \u015bwi\u0119tego \u2013 Pocieszyciela, Kt\u00f3ry ma doprowadzi\u0107 uczni\u00f3w&hellip;<\/p>\n<p> <a class=\"more-link\" href=\"http:\/\/www.franciszek-walcz.pl\/?p=15726\">Czytaj dalej<\/a><\/p>\n","protected":false},"author":1,"featured_media":0,"comment_status":"closed","ping_status":"open","sticky":false,"template":"","format":"standard","meta":{"footnotes":""},"categories":[5],"tags":[],"class_list":{"0":"post-15726","1":"post","2":"type-post","3":"status-publish","4":"format-standard","6":"category-artykuly"},"brizy_media":[],"_links":{"self":[{"href":"http:\/\/www.franciszek-walcz.pl\/index.php?rest_route=\/wp\/v2\/posts\/15726","targetHints":{"allow":["GET"]}}],"collection":[{"href":"http:\/\/www.franciszek-walcz.pl\/index.php?rest_route=\/wp\/v2\/posts"}],"about":[{"href":"http:\/\/www.franciszek-walcz.pl\/index.php?rest_route=\/wp\/v2\/types\/post"}],"author":[{"embeddable":true,"href":"http:\/\/www.franciszek-walcz.pl\/index.php?rest_route=\/wp\/v2\/users\/1"}],"replies":[{"embeddable":true,"href":"http:\/\/www.franciszek-walcz.pl\/index.php?rest_route=%2Fwp%2Fv2%2Fcomments&post=15726"}],"version-history":[{"count":1,"href":"http:\/\/www.franciszek-walcz.pl\/index.php?rest_route=\/wp\/v2\/posts\/15726\/revisions"}],"predecessor-version":[{"id":15727,"href":"http:\/\/www.franciszek-walcz.pl\/index.php?rest_route=\/wp\/v2\/posts\/15726\/revisions\/15727"}],"wp:attachment":[{"href":"http:\/\/www.franciszek-walcz.pl\/index.php?rest_route=%2Fwp%2Fv2%2Fmedia&parent=15726"}],"wp:term":[{"taxonomy":"category","embeddable":true,"href":"http:\/\/www.franciszek-walcz.pl\/index.php?rest_route=%2Fwp%2Fv2%2Fcategories&post=15726"},{"taxonomy":"post_tag","embeddable":true,"href":"http:\/\/www.franciszek-walcz.pl\/index.php?rest_route=%2Fwp%2Fv2%2Ftags&post=15726"}],"curies":[{"name":"wp","href":"https:\/\/api.w.org\/{rel}","templated":true}]}}