{"id":15728,"date":"2021-05-08T11:39:37","date_gmt":"2021-05-08T09:39:37","guid":{"rendered":"http:\/\/www.franciszek-walcz.pl\/?p=15728"},"modified":"2021-05-08T11:40:02","modified_gmt":"2021-05-08T09:40:02","slug":"8-maja-obchodzimy-uroczystosc-sw-stanislawa-biskupa-meczennika-glownego-patrona-polski","status":"publish","type":"post","link":"http:\/\/www.franciszek-walcz.pl\/?p=15728","title":{"rendered":"8 Maja obchodzimy  uroczysto\u015b\u0107 \u015bw. Stanis\u0142awa, biskupa, m\u0119czennika, g\u0142\u00f3wnego patrona Polski."},"content":{"rendered":"<p>\u015aw. Pawe\u0142 przypomina nam kim ma by\u0107 biskup. Podkre\u015bla najpierw, \u017ce jest on ustanowiony przez Ducha \u015awi\u0119tego, aby kierowa\u0142 Koscio\u0142em za kt\u00f3ry Jezus przela\u0142 sw\u0105 krew. Wybrany z ludu, ma strzec powierzonych sobie owieczek, ma kierowa\u0107 Koscio\u0142em Chrystusa broni\u0107 go, jak m\u00f3wi \u015bw. Pawe\u0142, przed \u00abdrapie\u017cnymi wilkami\u00bb, kt\u00f3re b\u0119d\u0105 pr\u00f3bowa\u0142y rozproszy\u0107, zdzisi\u0105tkowa\u0107 stado. Ma on tak\u017ce by\u0107 czujnym i rozwa\u017cnym, gdy\u017c nie zabraknie ludzi przewrotnych .<\/p>\n<p>Nie zabraknie nowych poglad\u00f3w, opini i nauk, kt\u00f3re zdob\u0119d\u0105 sobie zwolennik\u00f3w promuj\u0105c sw\u00f3j styl \u017cycia, my\u015blenia i postepowania. Biskup ma czuwa\u0107, aby nikt i \u017cadna nowa nauka poza t\u0105 przekazan\u0105 przez Chrystusa, nie od\u0142\u0105czy\u0142a wiernych od mi\u0142o\u015bci Chrystusa . Biskup jest odpowiedzialny za powierzone sobie stado, ma je umacnia\u0107, strzec, prowadzi\u0107, kierowac.<\/p>\n<p>Prawdziwy pasterz, jak to s\u0142yszeli\u015bmy w poprzedni\u0105 niedziel\u0119, zostaje ze swymi owcami, broni je, daje swe \u017cycie za nie, jest na pierwszej lini, nie chowa si\u0119 ale wychodzi naprzeciw niebezpiecze\u0144stwu, jak to uczyni\u0142 Dobry Pasterz, Jezus Chrystus.<\/p>\n<p>\u015aw. Stanis\u0142aw, syn ziemi krakowskiej w swym \u017cyciu i pasterzowaniu koscio\u0142owi krakowskiemu upodobni\u0142 si\u0119 do Chrystusa. Jest \u015bwi\u0119tym, nie dlatego \u017ce nigdy nie pope\u0142ni\u0142 b\u0142\u0119du, \u017ce nigdy si\u0119 nie pomyli\u0142 ani nie potkn\u0105\u0142, ale dlatego \u017ce \u017cy\u0142 Ewangeli\u0105 do ko\u0144ca, broni\u0142 jej i jako pasterz przeciwstawia\u0142 si\u0119 odwa\u017cnie post\u0119powaniu, kt\u00f3re przeczy\u0142o warto\u015bciom ewangelicznym. Dla niego Ewangelia i misja prowadzenia owieczek Chrystusa, nie by\u0142y tylko suchym tekstem i jak\u0105\u015b nominacj\u0105 na wy\u017csze stanowisko, ale odpowiedzialnym i konsekwentnym \u017cyciem przez Chrystusa, z Chrystusem i w Chrystusie.<\/p>\n<p>Jak dowiadujemy si\u0119 z kronik (Gall Anonim, Jan D\u0142ugosz, Wincenty Kad\u0142ubek) \u015bw. Stanis\u0142aw wyni\u00f3s\u0142 z rodzinnego domu w Szczepanowie solidne podstawy wiary, potem ugruntowane studiami w Krakowie a nast\u0119pnie w Pary\u017cu i by\u0107 mo\u017ce w Liege w Belgi. Wykszta\u0142cony kap\u0142an zostaje najpierw kanonikiem katedry wawelskiej a nast\u0119pnie biskupem diecezji krakowskiej. Troszczy si\u0119 o parafie, plac\u00f3wki duszpasterskie, o rozw\u00f3j zakon\u00f3w, kt\u00f3re by\u0142y w tamtych czasach wielk\u0105 si\u0142\u0105 w krzewieniu i umacnianiu wiary. Zrobi\u0142 wiele dla Ko\u015bcio\u0142a w Polsce porz\u0105dkuj\u0105c, lepiej organizuj\u0105c i umacnaj\u0105c jego struktur\u0119.<\/p>\n<p>W tym dziele pocz\u0105tkowo wspiera\u0142 go kr\u00f3l, Boles\u0142aw \u015amia\u0142y ale niestety, wierno\u015b\u0107 ewangelii, obrona zasad moralno\u015bci i troska o lud doprowadzi\u0142y do ostrego starcia biskupa z kr\u00f3lem. Przyczyny konfliktu nie s\u0105 do ko\u0144ca znane. Pewnym jest, \u017ce biskup Stanis\u0142aw popad\u0142 w nie\u0142ask\u0119 u kr\u00f3la i pos\u0105dzony zosta\u0142 nawet o zdrad\u0119 kr\u00f3la. Jak podaj\u0105 kroniki, powodem mia\u0142o by\u0107 nieewangeliczne \u017cycie i rz\u0105dzenie kr\u00f3la. Mia\u0142 on uciska\u0107 swych poddanych, by\u0107 wobec nich okrutny, zaniedbywa\u0107 pa\u0144stwo, notorycznie \u0142ama\u0107 prawa moralne. Gdy upominanie kr\u00f3la nie przynosi\u0142o efekt\u00f3w, bp Stanis\u0142aw, zgodnie z \u00f3wczesnymi metodami, rzuci\u0142 na niego kl\u0105tw\u0119 i wy\u0142\u0105czy\u0142 ze spo\u0142eczno\u015bci Ko\u015bcio\u0142a. Ten, rozw\u015bcieczony upokorzeniem, mia\u0142 osobi\u015bcie zg\u0142adzi\u0107 mieczem niewygodnego biskupa, 11 kwietnia 1079 roku, w ko\u015bciele \u015bw Micha\u0142a na Ska\u0142ce w Krakowie, podczas gdy ten sprawowa\u0142 eucharystie.<\/p>\n<p>Ten niecny czyn wywo\u0142a\u0142 wielkie oburzenie narodu, kt\u00f3ry stan\u0105\u0142 po stronie biskupa i zmusi\u0142 kr\u00f3la do opuszczenia kraju. Smutny tragiczny los kr\u00f3la, kt\u00f3ry umiera na obczy\u017anie w 1081 roku i uznanie dla niezachwianej postawy bp Stanis\u0142awa szybko wzrasta\u0142o w narodzie.\u00a0W 17 wrze\u015bnia 1253 roku, w Asy\u017cu, zosta\u0142 on wniesiony na o\u0142tarze, a rok p\u00f3\u017aniej 8 maja, odby\u0142a si\u0119 w Krakowie uroczysto\u015b\u0107 przeniesienia jego relikwii i og\u0142oszenia go \u015bwi\u0119tym.<\/p>\n<p>Pocz\u0105wszy od 1331 roku, od bitwy pod P\u0142owcami, narodzi\u0142 si\u0119 zwyczaj sk\u0142adania zdobytych sztandarow u sarkofagu \u015bwi\u0119tego m\u0119czennika, wiernego pasterza bo\u017cego ludu.\u00a0Miejsce to sta\u0142o si\u0119 \u00abO\u0142tarzem Ojczyzny\u00bb.<\/p>\n<p>Smutny koniec kr\u00f3la, jego \u015bmier\u0107 na wygnaniu, m\u00f3wi\u0105 nam do czego wiedzie \u017cycie wbrew ewangelii.\u00a0Natomist m\u0119cze\u0144ska \u015bmier\u0107 biskupa u st\u00f3p o\u0142tarza, cena niezachwianej wierno\u015bci ewangelii i Chrystusowi, wyda\u0142a wspania\u0142y owoc dla ojczyzny. Nazywano go obro\u0144c\u0105 Polski i Polak\u00f3w, \u00abrodzicielem Polski\u00bb, \u00abojcem Ojczyzny\u00bb. Jego rozprzestrzeniaj\u0105cy si\u0119 kult, jego kanonizacja, krzepi\u0142y serca wielu wiernych, budzi\u0142y mocn\u0105 nadziej\u0119 w okresach rozpadu pa\u0144stwa polskiego. Legendarny przekaz, jakoby jego cia\u0142o po\u0107wiartkowane mieczem cudownie si\u0119 zros\u0142o, uznano za symbol trwa\u0142o\u015bci i jedno\u015bci pa\u0144stwa, kt\u00f3re po rozbiciu dzielnicowym by\u0142o na drodze zjednoczenia.<\/p>\n<p>Jego posta\u0107 napawa\u0142a odwag\u0105, nieugi\u0119to\u015bci\u0105 w obronie uciskanych, wykorzystywanych, ofiar nieewangeliczengo sprawowania w\u0142adzy przez kr\u00f3la. Gorliwy i bezkompromisowy pasterz, wielki Polak, obro\u0144ca skrzywdzonych przez niesprawiedliwe i niemoralne postepowanie i rz\u0105dy kr\u00f3la, sta\u0142 si\u0119 fundamentem moralnym pa\u0144stwa. By\u0142 on znakiem sprzeciwu wobec rz\u0105dz\u0105cych, dla kt\u00f3rych biskup, obro\u0144ca \u0142adu moralnego, warto\u015bci ewangelicznych by\u0142 zagro\u017ceniem, osob\u0105 niewygodn\u0105 i non grata. Jan Pawel II nazwa\u0142 go \u00abpatronem chrze\u015bcija\u0144skiego \u0142adu moralnego\u00bb.<\/p>\n<p>\u015aw. Stanis\u0142aw by\u0142 \u00abwyrzutem sumienia\u00bb dla kr\u00f3la, tak jak Jan Chrzciciel dla Heroda i Herodiady. By\u0142 on konsekwentny w swym \u017cyciu ufaj\u0105c ca\u0142kowicie Chrystusowi. Jak\u017ce pouczaj\u0105cym mo\u017ce by\u0107 dla nas fakt, \u017ce bp Stanis\u0142aw umiera przy o\u0142tarzu, sprawuj\u0105c eucharysti\u0119, \u0142\u0105cz\u0105c ofiar\u0119 swego \u017cycia z ofiar\u0105 Chrystusa, podczas gdy kr\u00f3l umiera w samotno\u015bci, na wygnaniu, zdala od powierzonego sobie ludu. Biskup Stanis\u0142aw daje nam wspania\u0142y przyk\u0142ad wierno\u015bci, prawowito\u015bci i bezkompromisowo\u015bci wobec z\u0142a i niesprawiedliwo\u015bci, buduj\u0105cy przyk\u0142ad zjednoczenia si\u0119 z Jezusem Dobrym Pasterzem, kt\u00f3ry daje \u017cycie za swe owce.<\/p>\n<p>Mo\u017cemy tutaj pomysle\u0107 o naszych rz\u0105dz\u0105cych, o politykach, ludziach w\u0142adzy.\u00a0Cz\u0119sto s\u0105 oni nara\u017cani na mocne pokusy szukania \u0142atwych, szerokich ale nieewangelicznych dr\u00f3g s\u0142u\u017cenia krajowi, powierzonym sobie ludziom: osobiste ambicje, prywatne interesy, \u017cycie skoncentrowane na sobie i swych prywatnych sprawach, zapominanie o dobru og\u00f3\u0142u. Chwa\u0142a Stanis\u0142awa i smutny koniec kr\u00f3la powinny by\u0107 przestrog\u0105 dla tych wszystkich, kt\u00f3rzy chc\u0105 budowa\u0107 pa\u0144stwo, przewodzi\u0107 ludziom bez sprawiedliwo\u015bci, odrzucaj\u0105c warto\u015bci ewangeliczne, kt\u00f3re promuj\u0105 dobro wsp\u00f3lne i wskazuj\u0105 w\u0142asciwe drogi do trwa\u0142o\u015bci, jedno\u015bci pa\u0144stwa i dobra ich obywateli.<\/p>\n<p>\u015aw. Stanis\u0142aw przypomina nam wszystkim o wielko\u015bci i pi\u0119knie zdrowych ewangelicznych ambicji, a tak\u017ce o wielkim ryzyku jaki niesie z sob\u0105 wierno\u015b\u0107 Ewangelii, wierno\u015b\u0107 Chrystusowi w \u015bwiecie, gdzie Ewangeli\u0119 chce si\u0119 zepchna\u0107 do strefy prywatnej, osobistej ka\u017cdego cz\u0142owieka, gdzie chce si\u0119 budowa\u0107 spo\u0142ecze\u0144stwo na nie zawsze sprawiedliwych i r\u00f3wnych zasadach, wyrzucaj\u0105c Boga z \u017cycia narodu, jakby wiara i \u017cycie ewangeli\u0105 sprzeciwia\u0142y si\u0119 dobru cz\u0142owieka i pa\u0144stwa.<\/p>\n<p>\u015aw. Stanis\u0142aw jest wzorem chrze\u015bcijanina, pasterza, kt\u00f3remu wiara nie pozwoli\u0142a na oboj\u0119tne przygl\u0105danie si\u0119, na pob\u0142a\u017canie z\u0142u, niesprawiedliwo\u015bci, ciemi\u0119\u017ceniu poddanych, ale kaza\u0142a mu konsekw\u0119ntnie sprzeciwi\u0107 si\u0119 wobec niesprawiedliwemu, nieewangelicznemu post\u0119powaniu kr\u00f3la w zarz\u0105dzaniu pa\u0144stwem.<\/p>\n<p>Oby \u017cycie i ofiara \u015bw. Stanis\u0142awa by\u0142y dla nas \u017arod\u0142em zaufania i nadziei, inspiracji i ewangelicznego zaanga\u017cowania si\u0119 w codzienne sprawy naszego \u017cycia na polu spo\u0142ecznym, rodzinnym, osobistym.\u00a0\u015awi\u0119to\u015b\u0107 nie nale\u017cy do przesz\u0142o\u015bci!\u00a0Dzi\u015b potrzebujemy \u015bwiadk\u00f3w wiary, \u201em\u0119czennik\u00f3w\u201d (s\u0142owo greckie\u00a0m\u0119czennik\u00a0znaczy dos\u0142ownie\u00a0\u015bwiadek), kt\u00f3rzy z przekonaniem i ca\u0142ym swym \u017cyciem \u015bwiadcz\u0105, promuj\u0105 dobro, prawd\u0119, sprawiedliwo\u015b\u0107, te nieprzemijaj\u0105ce ewangeliczne warto\u015bci kr\u00f3lestwa bo\u017cego, kt\u00f3re gwarantuj\u0105 budow\u0119 zdrowego i trwa\u0142ego spo\u0142ecze\u0144stwa.<\/p>\n<p>Niech \u015bw. Stanis\u0142aw biskup, patron Polski, patron na trudne czasy dla naszego kraju, przez sw\u00f3j przyk\u0142ad wierno\u015bci ewangelii i Chrystusowi, obudzi w nas poczucie ewangelicznej odpowiedzialno\u015bci za nas samych, za nasz nar\u00f3d, za nasz\u0105 Ojczyzn\u0119.<\/p>\n","protected":false},"excerpt":{"rendered":"<p>\u015aw. Pawe\u0142 przypomina nam kim ma by\u0107 biskup. Podkre\u015bla najpierw, \u017ce jest on ustanowiony przez Ducha \u015awi\u0119tego, aby kierowa\u0142 Koscio\u0142em za kt\u00f3ry Jezus przela\u0142 sw\u0105 krew. Wybrany z ludu, ma strzec powierzonych sobie owieczek, ma kierowa\u0107 Koscio\u0142em Chrystusa broni\u0107 go, jak m\u00f3wi \u015bw. Pawe\u0142, przed \u00abdrapie\u017cnymi wilkami\u00bb, kt\u00f3re b\u0119d\u0105 pr\u00f3bowa\u0142y rozproszy\u0107, zdzisi\u0105tkowa\u0107 stado. Ma on tak\u017ce by\u0107 czujnym i rozwa\u017cnym, gdy\u017c nie zabraknie ludzi przewrotnych . Nie zabraknie nowych poglad\u00f3w, opini i nauk, kt\u00f3re zdob\u0119d\u0105 sobie zwolennik\u00f3w promuj\u0105c sw\u00f3j styl \u017cycia, my\u015blenia i postepowania. Biskup ma czuwa\u0107, aby nikt i \u017cadna nowa nauka poza t\u0105 przekazan\u0105 przez Chrystusa, nie od\u0142\u0105czy\u0142a wiernych od mi\u0142o\u015bci Chrystusa . Biskup jest odpowiedzialny za powierzone sobie stado, ma je umacnia\u0107, strzec, prowadzi\u0107, kierowac. Prawdziwy pasterz, jak to s\u0142yszeli\u015bmy w poprzedni\u0105 niedziel\u0119, zostaje ze swymi owcami, broni je, daje swe \u017cycie za nie, jest na pierwszej lini, nie chowa si\u0119 ale wychodzi naprzeciw niebezpiecze\u0144stwu, jak to&hellip;<\/p>\n<p> <a class=\"more-link\" href=\"http:\/\/www.franciszek-walcz.pl\/?p=15728\">Czytaj dalej<\/a><\/p>\n","protected":false},"author":1,"featured_media":0,"comment_status":"closed","ping_status":"open","sticky":false,"template":"","format":"standard","meta":{"footnotes":""},"categories":[5],"tags":[],"class_list":{"0":"post-15728","1":"post","2":"type-post","3":"status-publish","4":"format-standard","6":"category-artykuly"},"brizy_media":[],"_links":{"self":[{"href":"http:\/\/www.franciszek-walcz.pl\/index.php?rest_route=\/wp\/v2\/posts\/15728","targetHints":{"allow":["GET"]}}],"collection":[{"href":"http:\/\/www.franciszek-walcz.pl\/index.php?rest_route=\/wp\/v2\/posts"}],"about":[{"href":"http:\/\/www.franciszek-walcz.pl\/index.php?rest_route=\/wp\/v2\/types\/post"}],"author":[{"embeddable":true,"href":"http:\/\/www.franciszek-walcz.pl\/index.php?rest_route=\/wp\/v2\/users\/1"}],"replies":[{"embeddable":true,"href":"http:\/\/www.franciszek-walcz.pl\/index.php?rest_route=%2Fwp%2Fv2%2Fcomments&post=15728"}],"version-history":[{"count":1,"href":"http:\/\/www.franciszek-walcz.pl\/index.php?rest_route=\/wp\/v2\/posts\/15728\/revisions"}],"predecessor-version":[{"id":15729,"href":"http:\/\/www.franciszek-walcz.pl\/index.php?rest_route=\/wp\/v2\/posts\/15728\/revisions\/15729"}],"wp:attachment":[{"href":"http:\/\/www.franciszek-walcz.pl\/index.php?rest_route=%2Fwp%2Fv2%2Fmedia&parent=15728"}],"wp:term":[{"taxonomy":"category","embeddable":true,"href":"http:\/\/www.franciszek-walcz.pl\/index.php?rest_route=%2Fwp%2Fv2%2Fcategories&post=15728"},{"taxonomy":"post_tag","embeddable":true,"href":"http:\/\/www.franciszek-walcz.pl\/index.php?rest_route=%2Fwp%2Fv2%2Ftags&post=15728"}],"curies":[{"name":"wp","href":"https:\/\/api.w.org\/{rel}","templated":true}]}}