{"id":16192,"date":"2021-06-05T16:58:25","date_gmt":"2021-06-05T14:58:25","guid":{"rendered":"http:\/\/www.franciszek-walcz.pl\/?p=16192"},"modified":"2021-06-05T16:58:25","modified_gmt":"2021-06-05T14:58:25","slug":"odnowienie-aktu-poswiecenia-narodu-polskiego-najswietszemu-sercu-pana-jezusa","status":"publish","type":"post","link":"http:\/\/www.franciszek-walcz.pl\/?p=16192","title":{"rendered":"ODNOWIENIE  AKTU PO\u015aWI\u0118CENIA NARODU POLSKIEGO  NAJ\u015aWI\u0118TSZEMU SERCU PANA JEZUSA"},"content":{"rendered":"<p align=\"justify\"><span style=\"font-family: Cambria;\">Panie nasz Jezu Chryste,<\/span><\/p>\n<p align=\"justify\"><span style=\"font-family: Cambria;\">Dzi\u015b, tak jak przed stu laty, zbieramy si\u0119 w \u015bwi\u0105tyni po\u015bwi\u0119conej czci Naj\u015bwi\u0119tszego Serca Twego w Krakowie. W osobach swoich pasterzy, os\u00f3b \u017cycia konsekrowanego i wiernych \u2013 staje przed Tob\u0105 nar\u00f3d i Ko\u015bci\u00f3\u0142 w Polsce, aby uroczy\u015bcie ponowi\u0107 akt oddania si\u0119 Twojemu Naj\u015bwi\u0119tszemu Sercu.<\/span><\/p>\n<p align=\"justify\"><span style=\"font-family: Cambria;\">Podobnie jak nasi przodkowie u progu niepodleg\u0142o\u015bci, tak i my polecamy Ci dzisiaj Ko\u015bci\u00f3\u0142 i Ojczyzn\u0119, dzi\u0119kuj\u0105c za dar wolno\u015bci. Oddaj\u0105c si\u0119 Twojemu Naj\u015bwi\u0119tszemu Sercu, prosimy: Przyjd\u017a kr\u00f3lestwo Twoje! A w \u015blad za \u015bw. Janem Paw\u0142em II wo\u0142amy: \u201eNiech zst\u0105pi Duch Tw\u00f3j i odnowi oblicze ziemi. Tej ziemi!\u201d. <\/span><\/p>\n<p align=\"justify\"><span style=\"font-family: Cambria;\">W obliczu Twego mi\u0142osierdzia, wyznajemy ze skruch\u0105 nasze grzechy indywidualne i spo\u0142eczne. Przepraszamy za brak szacunku dla \u017cycia, tak\u017ce tego najs\u0142abszego, ukrytego pod sercem matki. Przepraszamy za grzechy wykorzystania seksualnego ma\u0142oletnich, <\/span><span style=\"font-family: Cambria;\"><span style=\"color: #262626;\">pope\u0142nione zw\u0142aszcza przez niekt\u00f3rych duchownych i zwi\u0105zane z tym grzechy zaniedbania ich prze\u0142o\u017conych.<\/span><\/span><span style=\"font-family: Cambria;\"> Przepraszamy za na\u0142ogi i uzale\u017cnienia, za prywat\u0119, partyjnictwo, agresj\u0119 i niezdolno\u015b\u0107 do dialogu. Przepraszamy za brak czci dla tego co \u015bwi\u0119te, w tym pr\u00f3by instrumentalnego traktowania religii. <\/span><\/p>\n<p align=\"justify\"><span style=\"font-family: Cambria;\">\u015awiadomi naszych wad i s\u0142abo\u015bci &#8211; stoj\u0105c wobec nowych i trudnych wyzwa\u0144 dla Ko\u015bcio\u0142a i Ojczyzny &#8211; z ufno\u015bci\u0105 wo\u0142amy: Otw\u00f3rz nasze oczy, ulecz chore serca, obmyj to, co brudne, daj \u0142ask\u0119 nawr\u00f3cenia i pokuty! Uwolnij nas od wzajemnej nienawi\u015bci i pogardy, od ducha niezgody i rani\u0105cych podzia\u0142\u00f3w. Daj nam \u015bwiat\u0142e oczy serca, aby\u015bmy przestali dostrzega\u0107 w sobie wzajemnie przeciwnik\u00f3w a zobaczyli wsp\u00f3\u0142domownik\u00f3w \u2013 w Twoim Domu, a tak\u017ce w tym domu, kt\u00f3ry ma na imi\u0119 Polska. Daj nam \u0142ask\u0119 szczerej mi\u0142o\u015bci do Ciebie, do Ko\u015bcio\u0142a, Ojczyzny i do siebie nawzajem. Zaszczep w nas ducha powszechnego braterstwa.<\/span><\/p>\n<p align=\"justify\"><span style=\"font-family: Cambria;\">Jezu, uczy\u0144 nasze serca na wz\u00f3r Serca Twego, aby\u015bmy umieli traci\u0107 \u017cycie w s\u0142u\u017cbie najbardziej potrzebuj\u0105cym, najs\u0142abszym i bezbronnym. W trudnym czasie pandemii poprowad\u017a nas ku chorym i starszym oraz tym, kt\u00f3rzy op\u0142akuj\u0105 swoich zmar\u0142ych. Otw\u00f3rz nasze serca na tych, kt\u00f3rzy zostali bole\u015bnie zranieni we wsp\u00f3lnocie Ko\u015bcio\u0142a, aby dzi\u0119ki Twojej \u0142asce ich rany si\u0119 zagoi\u0142y i aby ponownie zaznali pokoju. <\/span><\/p>\n<p align=\"justify\"><span style=\"font-family: Cambria;\">Spraw, aby polskie rodziny w Twoim mi\u0142uj\u0105cym sercu znajdowa\u0142y \u017ar\u00f3d\u0142o jedno\u015bci i odnowy. Aby by\u0142y ogniskami mi\u0142o\u015bci i pokoju, wolnymi od zdrady, agresji i przemocy, otwartymi na przyj\u0119cie nowego \u017cycia oraz zdolnymi do przekazu wiary nowym pokoleniom. Otw\u00f3rz serca m\u0142odych, by ich entuzjazm, si\u0142a wiary i \u015bwiadectwo nadziei odnawia\u0142o wsp\u00f3lnot\u0119 Ko\u015bcio\u0142a.<\/span><\/p>\n<p align=\"justify\"><span style=\"font-family: Cambria;\">Naucz nas kontemplowa\u0107 to, co sam stworzy\u0142e\u015b. Naucz nas dba\u0107 o pi\u0119kn\u0105 i niezniszczon\u0105 ziemi\u0119, aby\u015bmy &#8211; w darze od Ciebie \u2013 mogli przekaza\u0107 j\u0105 tym, kt\u00f3rzy przyjd\u0105 po nas. <\/span><\/p>\n<p align=\"justify\"><span style=\"font-family: Cambria;\">Powierzamy Ci ca\u0142e nasze \u017cycie osobiste, rodzinne i spo\u0142eczne, kt\u00f3re pragniemy oprze\u0107 na trwa\u0142ych zasadach Ewangelii. Podobnie jak przed stu laty, w pokorze po\u015bwi\u0119camy si\u0119 Twojemu Naj\u015bwi\u0119tszemu Sercu, oddaj\u0105c nasz\u0105 Ojczyzn\u0119 w Twoje w\u0142adanie. <\/span><\/p>\n<p align=\"justify\"><span style=\"font-family: Cambria;\">Z ufno\u015bci\u0105 wo\u0142amy: Chwa\u0142a niech b\u0119dzie Naj\u015bwi\u0119tszemu Sercu Twemu, kt\u00f3rym tak bardzo nas umi\u0142owa\u0142e\u015b i przez kt\u00f3re prowadzi droga do naszego zbawienia. Amen.<\/span><\/p>\n","protected":false},"excerpt":{"rendered":"<p>Panie nasz Jezu Chryste, Dzi\u015b, tak jak przed stu laty, zbieramy si\u0119 w \u015bwi\u0105tyni po\u015bwi\u0119conej czci Naj\u015bwi\u0119tszego Serca Twego w Krakowie. W osobach swoich pasterzy, os\u00f3b \u017cycia konsekrowanego i wiernych \u2013 staje przed Tob\u0105 nar\u00f3d i Ko\u015bci\u00f3\u0142 w Polsce, aby uroczy\u015bcie ponowi\u0107 akt oddania si\u0119 Twojemu Naj\u015bwi\u0119tszemu Sercu. Podobnie jak nasi przodkowie u progu niepodleg\u0142o\u015bci, tak i my polecamy Ci dzisiaj Ko\u015bci\u00f3\u0142 i Ojczyzn\u0119, dzi\u0119kuj\u0105c za dar wolno\u015bci. Oddaj\u0105c si\u0119 Twojemu Naj\u015bwi\u0119tszemu Sercu, prosimy: Przyjd\u017a kr\u00f3lestwo Twoje! A w \u015blad za \u015bw. Janem Paw\u0142em II wo\u0142amy: \u201eNiech zst\u0105pi Duch Tw\u00f3j i odnowi oblicze ziemi. Tej ziemi!\u201d. W obliczu Twego mi\u0142osierdzia, wyznajemy ze skruch\u0105 nasze grzechy indywidualne i spo\u0142eczne. Przepraszamy za brak szacunku dla \u017cycia, tak\u017ce tego najs\u0142abszego, ukrytego pod sercem matki. Przepraszamy za grzechy wykorzystania seksualnego ma\u0142oletnich, pope\u0142nione zw\u0142aszcza przez niekt\u00f3rych duchownych i zwi\u0105zane z tym grzechy zaniedbania ich prze\u0142o\u017conych. Przepraszamy za na\u0142ogi i uzale\u017cnienia, za prywat\u0119, partyjnictwo, agresj\u0119 i&hellip;<\/p>\n<p> <a class=\"more-link\" href=\"http:\/\/www.franciszek-walcz.pl\/?p=16192\">Czytaj dalej<\/a><\/p>\n","protected":false},"author":1,"featured_media":0,"comment_status":"closed","ping_status":"open","sticky":false,"template":"","format":"standard","meta":{"footnotes":""},"categories":[1],"tags":[],"class_list":{"0":"post-16192","1":"post","2":"type-post","3":"status-publish","4":"format-standard","6":"category-uncategorized"},"brizy_media":[],"_links":{"self":[{"href":"http:\/\/www.franciszek-walcz.pl\/index.php?rest_route=\/wp\/v2\/posts\/16192","targetHints":{"allow":["GET"]}}],"collection":[{"href":"http:\/\/www.franciszek-walcz.pl\/index.php?rest_route=\/wp\/v2\/posts"}],"about":[{"href":"http:\/\/www.franciszek-walcz.pl\/index.php?rest_route=\/wp\/v2\/types\/post"}],"author":[{"embeddable":true,"href":"http:\/\/www.franciszek-walcz.pl\/index.php?rest_route=\/wp\/v2\/users\/1"}],"replies":[{"embeddable":true,"href":"http:\/\/www.franciszek-walcz.pl\/index.php?rest_route=%2Fwp%2Fv2%2Fcomments&post=16192"}],"version-history":[{"count":1,"href":"http:\/\/www.franciszek-walcz.pl\/index.php?rest_route=\/wp\/v2\/posts\/16192\/revisions"}],"predecessor-version":[{"id":16193,"href":"http:\/\/www.franciszek-walcz.pl\/index.php?rest_route=\/wp\/v2\/posts\/16192\/revisions\/16193"}],"wp:attachment":[{"href":"http:\/\/www.franciszek-walcz.pl\/index.php?rest_route=%2Fwp%2Fv2%2Fmedia&parent=16192"}],"wp:term":[{"taxonomy":"category","embeddable":true,"href":"http:\/\/www.franciszek-walcz.pl\/index.php?rest_route=%2Fwp%2Fv2%2Fcategories&post=16192"},{"taxonomy":"post_tag","embeddable":true,"href":"http:\/\/www.franciszek-walcz.pl\/index.php?rest_route=%2Fwp%2Fv2%2Ftags&post=16192"}],"curies":[{"name":"wp","href":"https:\/\/api.w.org\/{rel}","templated":true}]}}