{"id":16308,"date":"2021-06-19T21:39:35","date_gmt":"2021-06-19T19:39:35","guid":{"rendered":"http:\/\/www.franciszek-walcz.pl\/?p=16308"},"modified":"2021-06-19T21:39:35","modified_gmt":"2021-06-19T19:39:35","slug":"zyjemy-w-czasach-burz","status":"publish","type":"post","link":"http:\/\/www.franciszek-walcz.pl\/?p=16308","title":{"rendered":"\u017byjemy w czasach burz"},"content":{"rendered":"<p>Nieporozumienia w rodzinie, k\u0142opot ze znalezieniem uczciwej i zapewniaj\u0105cej godziwe utrzymanie pracy, polityczne i ekonomiczne szwindle i kanty w kraju, europejskie i mi\u0119dzynarodowe konflikty i problemy; Ukraina i problemy emigracyjne, wzrost terroryzmu i zagro\u017cenie ze strony fundamentalist\u00f3w islamskich, niepewno\u015b\u0107 jutra, co najmniej kontrowersyjne ideologie i eksperymenty socjologiczne, wzrost liczby zachorowa\u0144 na raka, wzrastaj\u0105ca ilo\u015b\u0107 wypadk\u00f3w samolotowych i drogowych, alarmistyczne wie\u015bci o nieodwracalnych i katastroficznych zmianach klimatycznych, ekscytuj\u0105ce i bardzo cz\u0119sto jedynie sensacyjne doniesienia z Watykanu &#8230; i mo\u017cna by t\u0119 list\u0119 wyd\u0142u\u017ca\u0107 w niesko\u0144czono\u015b\u0107. Ogl\u0105danie TV i \u015bledzenie portali internetowych przygn\u0119bia, frustruje, doprowadza do bezsilnej z\u0142o\u015bci czy zniech\u0119cenia a nawet depresji. Ludzie s\u0105 widocznie coraz bardziej nerwowi i aroganccy &#8230;, a kto nie chce zwariowa\u0107 nie ogl\u0105da TV i nie czyta gazet.<\/p>\n<p>To wszystko prowadzi nieuchronnie do jednego i wcale nie przesadzonego stwierdzenie: \u017bYJEMY W CZASACH BURZ. I jak Aposto\u0142owie w \u0142odzi na jeziorze chcieliby\u015bmy zawo\u0142a\u0107: &#8222;Bo\u017ce, nic Ci\u0119 to nie obchodzi, \u017ce giniemy?&#8221; Wydaje nam si\u0119 bowiem, \u017ce B\u00f3g gdzie\u015b \u015bpi, \u017ce nie interesuje si\u0119 naszym \u017cyciem, Ko\u015bcio\u0142em, swoimi uczniami. Wydaje si\u0119 nam \u017ce B\u00f3g nas opu\u015bci\u0142, \u017ce o nas zapomnia\u0142, \u017ce \u015bwiat si\u0119 powolutku wali w gruzy, a Boga to nie obchodzi.<\/p>\n<p>Tylko czy tak naprawd\u0119 jest? Czy rzeczywi\u015bcie to wszystko wina Pana Boga, oboj\u0119tnego na nasze k\u0142opoty? Czy nie jest tak, \u017ce my wszyscy jako\u015b do\u0142o\u017cyli\u015bmy do tego r\u0119ki nasz\u0105 oboj\u0119tno\u015bci\u0105, chciwo\u015bci\u0105, arogancj\u0105, egoizmem, niemoralno\u015bci\u0105? Czy nie jest tak, \u017ce przypominamy sobie o Bogu jedynie w chwilach trudnych i kryzysowych, zgodnie z polskim przys\u0142owiem: &#8222;jak trwoga, to do Boga&#8221;? Czy nie nale\u017ca\u0142oby zwraca\u0107 si\u0119 jednak Niego s\u0142owami &#8222;Jezu ufam Tobie&#8221; ustawiczne a nie tylko w chwilach burz?<\/p>\n<p>Zr\u00f3bmy ma\u0142y, prywatny rachunek sumienia i powiedzmy sobie uczciwie: &#8222;czemu traktuj\u0119 Boga tylko jak kamizelk\u0119 ratunkow\u0105, jak ostatni\u0105 desk\u0119 ratunku&#8221; \u017cyj\u0105c na co dzie\u0144 wed\u0142ug w\u0142asnego widzimisi\u0119 i w\u0142asnej, egoistycznej moralno\u015bci?<\/p>\n<p>Skoro chc\u0119, aby B\u00f3g traktowa\u0142 mnie powa\u017cnie i trosk\u0105, to mo\u017ce czas najwy\u017cszy abym i ja potraktowa\u0142 go powa\u017cnie, a nie tylko jak zapasowe ko\u0142o w baga\u017cniku?<\/p>\n","protected":false},"excerpt":{"rendered":"<p>Nieporozumienia w rodzinie, k\u0142opot ze znalezieniem uczciwej i zapewniaj\u0105cej godziwe utrzymanie pracy, polityczne i ekonomiczne szwindle i kanty w kraju, europejskie i mi\u0119dzynarodowe konflikty i problemy; Ukraina i problemy emigracyjne, wzrost terroryzmu i zagro\u017cenie ze strony fundamentalist\u00f3w islamskich, niepewno\u015b\u0107 jutra, co najmniej kontrowersyjne ideologie i eksperymenty socjologiczne, wzrost liczby zachorowa\u0144 na raka, wzrastaj\u0105ca ilo\u015b\u0107 wypadk\u00f3w samolotowych i drogowych, alarmistyczne wie\u015bci o nieodwracalnych i katastroficznych zmianach klimatycznych, ekscytuj\u0105ce i bardzo cz\u0119sto jedynie sensacyjne doniesienia z Watykanu &#8230; i mo\u017cna by t\u0119 list\u0119 wyd\u0142u\u017ca\u0107 w niesko\u0144czono\u015b\u0107. Ogl\u0105danie TV i \u015bledzenie portali internetowych przygn\u0119bia, frustruje, doprowadza do bezsilnej z\u0142o\u015bci czy zniech\u0119cenia a nawet depresji. Ludzie s\u0105 widocznie coraz bardziej nerwowi i aroganccy &#8230;, a kto nie chce zwariowa\u0107 nie ogl\u0105da TV i nie czyta gazet. To wszystko prowadzi nieuchronnie do jednego i wcale nie przesadzonego stwierdzenie: \u017bYJEMY W CZASACH BURZ. I jak Aposto\u0142owie w \u0142odzi na jeziorze chcieliby\u015bmy zawo\u0142a\u0107: &#8222;Bo\u017ce, nic Ci\u0119 to&hellip;<\/p>\n<p> <a class=\"more-link\" href=\"http:\/\/www.franciszek-walcz.pl\/?p=16308\">Czytaj dalej<\/a><\/p>\n","protected":false},"author":1,"featured_media":0,"comment_status":"closed","ping_status":"open","sticky":false,"template":"","format":"standard","meta":{"footnotes":""},"categories":[5],"tags":[],"class_list":{"0":"post-16308","1":"post","2":"type-post","3":"status-publish","4":"format-standard","6":"category-artykuly"},"brizy_media":[],"_links":{"self":[{"href":"http:\/\/www.franciszek-walcz.pl\/index.php?rest_route=\/wp\/v2\/posts\/16308","targetHints":{"allow":["GET"]}}],"collection":[{"href":"http:\/\/www.franciszek-walcz.pl\/index.php?rest_route=\/wp\/v2\/posts"}],"about":[{"href":"http:\/\/www.franciszek-walcz.pl\/index.php?rest_route=\/wp\/v2\/types\/post"}],"author":[{"embeddable":true,"href":"http:\/\/www.franciszek-walcz.pl\/index.php?rest_route=\/wp\/v2\/users\/1"}],"replies":[{"embeddable":true,"href":"http:\/\/www.franciszek-walcz.pl\/index.php?rest_route=%2Fwp%2Fv2%2Fcomments&post=16308"}],"version-history":[{"count":1,"href":"http:\/\/www.franciszek-walcz.pl\/index.php?rest_route=\/wp\/v2\/posts\/16308\/revisions"}],"predecessor-version":[{"id":16309,"href":"http:\/\/www.franciszek-walcz.pl\/index.php?rest_route=\/wp\/v2\/posts\/16308\/revisions\/16309"}],"wp:attachment":[{"href":"http:\/\/www.franciszek-walcz.pl\/index.php?rest_route=%2Fwp%2Fv2%2Fmedia&parent=16308"}],"wp:term":[{"taxonomy":"category","embeddable":true,"href":"http:\/\/www.franciszek-walcz.pl\/index.php?rest_route=%2Fwp%2Fv2%2Fcategories&post=16308"},{"taxonomy":"post_tag","embeddable":true,"href":"http:\/\/www.franciszek-walcz.pl\/index.php?rest_route=%2Fwp%2Fv2%2Ftags&post=16308"}],"curies":[{"name":"wp","href":"https:\/\/api.w.org\/{rel}","templated":true}]}}