{"id":16506,"date":"2021-07-03T11:34:10","date_gmt":"2021-07-03T09:34:10","guid":{"rendered":"http:\/\/www.franciszek-walcz.pl\/?p=16506"},"modified":"2021-07-03T11:34:10","modified_gmt":"2021-07-03T09:34:10","slug":"moje-niedowiarstwo","status":"publish","type":"post","link":"http:\/\/www.franciszek-walcz.pl\/?p=16506","title":{"rendered":"Moje niedowiarstwo"},"content":{"rendered":"<p>W czasie wakacji przemierzamy rozmaite drogi.\u00a0Je\u017adzimy nad morze, w g\u00f3ry, zwiedzamy r\u00f3\u017cnorakie miasta. Z pewno\u015bci\u0105 niekt\u00f3rzy wyje\u017cd\u017caj\u0105 w bardziej odleg\u0142e zak\u0105tki, za granic\u0119 swojego pa\u0144stwa. Ale taki czas \u2013 w dobie, gdy jeste\u015bmy rozproszeni w r\u00f3\u017cnych zak\u0105tkach \u015bwiata \u2013 jest r\u00f3wnie\u017c doskona\u0142\u0105 okazj\u0105 do tego, by odwiedzi\u0107 swoich najbli\u017cszych. I cz\u0119sto tak si\u0119 dzieje. Jedziemy w rodzinne strony.\u00a0Spotykamy si\u0119 z naszymi najbli\u017cszymi i z tymi, kt\u00f3rych doskonale znamy.\u00a0Spotkania te s\u0105\u00a0pe\u0142ne rado\u015bci, opowiada\u0144, wspomnie\u0144 o tym, co si\u0119 wydarzy\u0142o. Jest to doskona\u0142a\u00a0okazja, by pog\u0142\u0119bi\u0107 wi\u0119zi rodzinne czy te\u017c odnowi\u0107 relacje z tymi, kt\u00f3rych dawno ju\u017c nie widzieli\u015bmy.<\/p>\n<p>I w dzisiejszej Ewangelii s\u0142yszymy o wizycie Jezusa w Nazarecie, Jego rodzinnym mie\u015bcie. Nie przyby\u0142 On jednak w to miejsce po to, by odpocz\u0105\u0107 czy spotka\u0107 si\u0119 z najbli\u017cszymi. Jezus przyby\u0142 do Nazaretu, by tak jak w innych miejscowo\u015bciach g\u0142osi\u0107 kr\u00f3lestwo Bo\u017ce.<\/p>\n<p>Do tej pory g\u0142osi\u0142 Ewangeli\u0119 w miejscowo\u015bciach znajduj\u0105cych si\u0119 wok\u00f3\u0142 Jeziora Galilejskiego. Jak czytamy we wcze\u015bniejszych fragmentach, Jezus dokona\u0142 niezwyk\u0142ych cud\u00f3w: uciszy\u0142 burz\u0119 na jeziorze, uzdrowi\u0142 op\u0119tanego oraz kobiet\u0119 cierpi\u0105c\u0105 na krwotok, a tak\u017ce wskrzesi\u0142 c\u00f3rk\u0119 Jaira. Ludzie przez te znaki widzieli w Nim nauczyciela, kt\u00f3ry swoje s\u0142owo potwierdza Bo\u017c\u0105 moc\u0105. Tymczasem w dzisiejszej Ewangelii widzimy zupe\u0142nie co innego. Jezus nie mo\u017ce zdzia\u0142a\u0107 w Nazarecie \u017cadnego cudu.<\/p>\n<p>Jaki by\u0142 tego pow\u00f3d? Jego rodacy pow\u0105tpiewaj\u0105 o Nim. W\u0105tpi\u0105 w to, \u017ce mo\u017ce w Nim by\u0107 moc Bo\u017ca. Rodz\u0105 si\u0119 w\u015br\u00f3d nich r\u00f3\u017cnorakie pytania. S\u0142yszymy:\u00a0Sk\u0105d to u Niego? I co to za m\u0105dro\u015b\u0107, kt\u00f3ra Mu jest dana? I takie cuda dziej\u0105 si\u0119 przez Jego r\u0119ce!<\/p>\n<p>Powodem tego, \u017ce rodacy Jezusa pow\u0105tpiewaj\u0105 o Nim, sta\u0142a si\u0119 wiedza na Jego temat. Znaj\u0105 Go. Mo\u017cna powiedzie\u0107, \u017ce wiedz\u0105 na Jego temat wi\u0119cej, ani\u017celi inni ludzie. Znaj\u0105 Maryj\u0119, Jego Matk\u0119, pami\u0119taj\u0105 J\u00f3zefa, kt\u00f3ry by\u0142 cie\u015bl\u0105. Potrafi\u0105 wyliczy\u0107 po imieniu wszystkich kuzyn\u00f3w Jezusa. Nie pozwala im to dotrze\u0107 do Jego tajemnicy, kim On naprawd\u0119 jest.<\/p>\n<p>Papie\u017c Benedykt XVI w swoim rozwa\u017caniu przed modlitw\u0105 \u201eAnio\u0142 Pa\u0144ski\u201d tak skomentowa\u0142 t\u0119 postaw\u0119 mieszka\u0144c\u00f3w Nazaretu:<\/p>\n<p>\u201eDlaczego nie otwieraj\u0105 si\u0119 na dobro\u0107 Boga, kt\u00f3ry zechcia\u0142 przyj\u0105\u0107 nasze cz\u0142owiecze\u0144stwo? W istocie, Jezus z Nazaretu \u2013 cz\u0142owiek, jest przejrzystym obrazem Boga, w Nim B\u00f3g mieszka w pe\u0142ni. I podczas gdy szukamy zawsze innych znak\u00f3w, innych cud\u00f3w, nie dostrzegamy, \u017ce prawdziwym Znakiem jest On \u2013 B\u00f3g, kt\u00f3ry si\u0119 wcieli\u0142; to On jest najwi\u0119kszym cudem wszech\u015bwiata: jest ca\u0142\u0105 mi\u0142o\u015bci\u0105 Boga zamkni\u0119t\u0105 w sercu ludzkim, w obliczu cz\u0142owieka.<\/p>\n<p>T\u0105, kt\u00f3ra naprawd\u0119 zrozumia\u0142a t\u0119 rzeczywisto\u015b\u0107, jest Maryja Panna, b\u0142ogos\u0142awiona, gdy\u017c uwierzy\u0142a (por. \u0141k 1, 45). Maryja nie zgorszy\u0142a si\u0119 swoim Synem: zdumienie Nim jest pe\u0142ne wiary, pe\u0142ne mi\u0142o\u015bci i rado\u015bci, gdy widzi, \u017ce jest On tak ludzki a zarazem tak boski. Uczmy si\u0119 zatem od Niej, naszej Matki w wierze, rozpoznawa\u0107 w cz\u0142owiecze\u0144stwie Chrystusa doskona\u0142e objawienie si\u0119 Boga\u201d\u00a0(Rozwa\u017canie przed modlitw\u0105 \u201eAnio\u0142 Pa\u0144ski\u201d, Castel Gandolfo, 8 lipca 2012)<\/p>\n<p>Jakie wnioski mo\u017cemy wyci\u0105gn\u0105\u0107 dla siebie? Wiara to ci\u0105g\u0142e odkrywanie, kim jest Jezus. Nie jest ona spraw\u0105 tylko i wy\u0142\u0105cznie wiedzy, lecz przede wszystkim mi\u0142o\u015bci. Mieszka\u0144cy Nazaretu zapomnieli o tym. Ich wiedza o Jezusie sprawi\u0142a, \u017ce stali si\u0119 zbyt pewni siebie. Zaowocowa\u0142o to pych\u0105 i samozadowoleniem. Swoj\u0105 wiedz\u0119 o Jezusie uznali za wystarczaj\u0105c\u0105. Z drugiej strony, jak ukaza\u0142 papie\u017c, dla Maryi, kt\u00f3ra poznawa\u0142a swojego Syna z mi\u0142o\u015bci\u0105 \u2013 \u017cadna wiedza na Jego temat nie by\u0142a do\u015b\u0107 wystarczaj\u0105ca. Ona z ka\u017cdym dniem by\u0142a Go coraz bardziej ciekawa i spragniona Jego poznania.<\/p>\n<p>Wakacje to czas odpoczynku, zbierania si\u0142 przed wyzwaniami,\u00a0kt\u00f3re stoj\u0105 przed nami: prac\u0105, nauk\u0105.\u00a0Ale to te\u017c doskona\u0142y czas do tego, aby odnowi\u0107 i pog\u0142\u0119bi\u0107 nasz\u0105 relacj\u0119 z Jezusem\u00a0\u2013 wzmocni\u0107 nasz\u0105 wiar\u0119. Wykorzystajmy ten czas tak, aby w naszym \u017cyciu m\u00f3g\u0142 On zdzia\u0142a\u0107 niejeden cud.<\/p>\n","protected":false},"excerpt":{"rendered":"<p>W czasie wakacji przemierzamy rozmaite drogi.\u00a0Je\u017adzimy nad morze, w g\u00f3ry, zwiedzamy r\u00f3\u017cnorakie miasta. Z pewno\u015bci\u0105 niekt\u00f3rzy wyje\u017cd\u017caj\u0105 w bardziej odleg\u0142e zak\u0105tki, za granic\u0119 swojego pa\u0144stwa. Ale taki czas \u2013 w dobie, gdy jeste\u015bmy rozproszeni w r\u00f3\u017cnych zak\u0105tkach \u015bwiata \u2013 jest r\u00f3wnie\u017c doskona\u0142\u0105 okazj\u0105 do tego, by odwiedzi\u0107 swoich najbli\u017cszych. I cz\u0119sto tak si\u0119 dzieje. Jedziemy w rodzinne strony.\u00a0Spotykamy si\u0119 z naszymi najbli\u017cszymi i z tymi, kt\u00f3rych doskonale znamy.\u00a0Spotkania te s\u0105\u00a0pe\u0142ne rado\u015bci, opowiada\u0144, wspomnie\u0144 o tym, co si\u0119 wydarzy\u0142o. Jest to doskona\u0142a\u00a0okazja, by pog\u0142\u0119bi\u0107 wi\u0119zi rodzinne czy te\u017c odnowi\u0107 relacje z tymi, kt\u00f3rych dawno ju\u017c nie widzieli\u015bmy. I w dzisiejszej Ewangelii s\u0142yszymy o wizycie Jezusa w Nazarecie, Jego rodzinnym mie\u015bcie. Nie przyby\u0142 On jednak w to miejsce po to, by odpocz\u0105\u0107 czy spotka\u0107 si\u0119 z najbli\u017cszymi. Jezus przyby\u0142 do Nazaretu, by tak jak w innych miejscowo\u015bciach g\u0142osi\u0107 kr\u00f3lestwo Bo\u017ce. Do tej pory g\u0142osi\u0142 Ewangeli\u0119 w miejscowo\u015bciach znajduj\u0105cych si\u0119 wok\u00f3\u0142 Jeziora Galilejskiego.&hellip;<\/p>\n<p> <a class=\"more-link\" href=\"http:\/\/www.franciszek-walcz.pl\/?p=16506\">Czytaj dalej<\/a><\/p>\n","protected":false},"author":1,"featured_media":0,"comment_status":"closed","ping_status":"closed","sticky":false,"template":"","format":"standard","meta":{"footnotes":""},"categories":[5],"tags":[],"class_list":{"0":"post-16506","1":"post","2":"type-post","3":"status-publish","4":"format-standard","6":"category-artykuly"},"brizy_media":[],"_links":{"self":[{"href":"http:\/\/www.franciszek-walcz.pl\/index.php?rest_route=\/wp\/v2\/posts\/16506","targetHints":{"allow":["GET"]}}],"collection":[{"href":"http:\/\/www.franciszek-walcz.pl\/index.php?rest_route=\/wp\/v2\/posts"}],"about":[{"href":"http:\/\/www.franciszek-walcz.pl\/index.php?rest_route=\/wp\/v2\/types\/post"}],"author":[{"embeddable":true,"href":"http:\/\/www.franciszek-walcz.pl\/index.php?rest_route=\/wp\/v2\/users\/1"}],"replies":[{"embeddable":true,"href":"http:\/\/www.franciszek-walcz.pl\/index.php?rest_route=%2Fwp%2Fv2%2Fcomments&post=16506"}],"version-history":[{"count":1,"href":"http:\/\/www.franciszek-walcz.pl\/index.php?rest_route=\/wp\/v2\/posts\/16506\/revisions"}],"predecessor-version":[{"id":16507,"href":"http:\/\/www.franciszek-walcz.pl\/index.php?rest_route=\/wp\/v2\/posts\/16506\/revisions\/16507"}],"wp:attachment":[{"href":"http:\/\/www.franciszek-walcz.pl\/index.php?rest_route=%2Fwp%2Fv2%2Fmedia&parent=16506"}],"wp:term":[{"taxonomy":"category","embeddable":true,"href":"http:\/\/www.franciszek-walcz.pl\/index.php?rest_route=%2Fwp%2Fv2%2Fcategories&post=16506"},{"taxonomy":"post_tag","embeddable":true,"href":"http:\/\/www.franciszek-walcz.pl\/index.php?rest_route=%2Fwp%2Fv2%2Ftags&post=16506"}],"curies":[{"name":"wp","href":"https:\/\/api.w.org\/{rel}","templated":true}]}}