{"id":1658,"date":"2018-03-10T11:27:29","date_gmt":"2018-03-10T10:27:29","guid":{"rendered":"http:\/\/www.franciszek-walcz.pl\/?p=1658"},"modified":"2018-03-10T11:27:29","modified_gmt":"2018-03-10T10:27:29","slug":"umilowal-az-tak","status":"publish","type":"post","link":"http:\/\/www.franciszek-walcz.pl\/?p=1658","title":{"rendered":"UMI\u0141OWA\u0141 A\u017b TAK"},"content":{"rendered":"<p>Ludzko\u015b\u0107 mia\u0142a wielu dobroczy\u0144c\u00f3w, wielu bohater\u00f3w i obro\u0144c\u00f3w, lecz Zbawiciela tylko jednego: Jezusa Chrystusa. Powiedziano o Nim: \u201eCzy\u017c mo\u017ce by\u0107 co dobrego z Nazaretu?\u201d. Wielu w Niego pow\u0105tpiewa\u0142o, wielu odesz\u0142o; m\u00f3wili, \u017ce trudna jest Jego mowa, kt\u00f3\u017c jej mo\u017ce s\u0142ucha\u0107. Przysz\u0142y i takie chwile, \u017ce Go zdradzili, pojmali, um\u0119czyli i wywy\u017cszyli na drzewie krzy\u017ca. \u201e&#8230;potrzeba, by wywy\u017cszono Syna Cz\u0142owieczego, aby ka\u017cdy, kto w Niego wierzy, mia\u0142 \u017cycie wieczne\u201d.<\/p>\n<p>Okres Wielkiego Postu to czas g\u0142\u0119bokiego prze\u017cywania tajemnic naszego zbawienia i dzi\u0119kczynienia za nie. Szczeg\u00f3lnym znakiem Roku Jubileuszowego jest pielgrzymka, ale pielgrzymowanie \u2014 chocia\u017c wa\u017cne i symboliczne \u2014 nie jest najistotniejsze. Ojciec \u015awi\u0119ty s\u0142owem i czynem przypomina nam, \u017ce chodzi bardziej o darowanie d\u0142ug\u00f3w, o darowanie wzajemnych uraz, o zwr\u00f3cenie wi\u0119kszej uwagi na sprawiedliwo\u015b\u0107 spo\u0142eczn\u0105, na pojednanie. Cieszy zebrana pomoc materialna, szczeg\u00f3lnie medyczna, na Zambi\u0119, ciesz\u0105 klerycy i tylu innych ludzi dobrej woli oddaj\u0105cych krew \u2014 dar \u017cycia, ciesz\u0105 dzieci ofiaruj\u0105ce swoje zabawki biedniejszym. Wiele jest znak\u00f3w nadziei. Takie znaki \u2014 to r\u00f3wnie\u017c codzienna uczciwa praca, punktualno\u015b\u0107, s\u0142owno\u015b\u0107, bezinteresowno\u015b\u0107&#8230;<\/p>\n<p>Jak mam \u017cy\u0107, by ewangelizowa\u0107? Mam najpierw zaufa\u0107 Bogu i czyni\u0107 to, co do mnie nale\u017cy \u2014 w tym miejscu i w tej chwili. Mam spe\u0142nia\u0107 wymagania Prawdy i wierzy\u0107 w Tego, kt\u00f3ry bogaty jest w mi\u0142osierdzie.<\/p>\n<p>B\u00f3g jest odpowiedzialny za to, co stworzy\u0142. Odpowiedzialny w najwy\u017cszym stopniu. Odpowiedzialny za \u017cycie ka\u017cdego z nas. Nie chce \u015bmierci grzesznika, lecz aby si\u0119 nawr\u00f3ci\u0142 i mia\u0142 \u017cycie. A\u017c tak umi\u0142owa\u0142 \u015bwiat, \u201e\u017ce Syna swego Jednorodzonego da\u0142, aby ka\u017cdy, kto w Niego wierzy, nie zgin\u0105\u0142, ale mia\u0142 \u017cycie wieczne\u201d.<\/p>\n<p>Ks. Tadeusz Czaka\u0144ski<\/p>\n","protected":false},"excerpt":{"rendered":"<p>Ludzko\u015b\u0107 mia\u0142a wielu dobroczy\u0144c\u00f3w, wielu bohater\u00f3w i obro\u0144c\u00f3w, lecz Zbawiciela tylko jednego: Jezusa Chrystusa. Powiedziano o Nim: \u201eCzy\u017c mo\u017ce by\u0107 co dobrego z Nazaretu?\u201d. Wielu w Niego pow\u0105tpiewa\u0142o, wielu odesz\u0142o; m\u00f3wili, \u017ce trudna jest Jego mowa, kt\u00f3\u017c jej mo\u017ce s\u0142ucha\u0107. Przysz\u0142y i takie chwile, \u017ce Go zdradzili, pojmali, um\u0119czyli i wywy\u017cszyli na drzewie krzy\u017ca. \u201e&#8230;potrzeba, by wywy\u017cszono Syna Cz\u0142owieczego, aby ka\u017cdy, kto w Niego wierzy, mia\u0142 \u017cycie wieczne\u201d. Okres Wielkiego Postu to czas g\u0142\u0119bokiego prze\u017cywania tajemnic naszego zbawienia i dzi\u0119kczynienia za nie. Szczeg\u00f3lnym znakiem Roku Jubileuszowego jest pielgrzymka, ale pielgrzymowanie \u2014 chocia\u017c wa\u017cne i symboliczne \u2014 nie jest najistotniejsze. Ojciec \u015awi\u0119ty s\u0142owem i czynem przypomina nam, \u017ce chodzi bardziej o darowanie d\u0142ug\u00f3w, o darowanie wzajemnych uraz, o zwr\u00f3cenie wi\u0119kszej uwagi na sprawiedliwo\u015b\u0107 spo\u0142eczn\u0105, na pojednanie. Cieszy zebrana pomoc materialna, szczeg\u00f3lnie medyczna, na Zambi\u0119, ciesz\u0105 klerycy i tylu innych ludzi dobrej woli oddaj\u0105cych krew \u2014 dar \u017cycia, ciesz\u0105 dzieci ofiaruj\u0105ce swoje&hellip;<\/p>\n<p> <a class=\"more-link\" href=\"http:\/\/www.franciszek-walcz.pl\/?p=1658\">Czytaj dalej<\/a><\/p>\n","protected":false},"author":1,"featured_media":0,"comment_status":"open","ping_status":"open","sticky":false,"template":"","format":"standard","meta":{"footnotes":""},"categories":[5],"tags":[],"class_list":{"0":"post-1658","1":"post","2":"type-post","3":"status-publish","4":"format-standard","6":"category-artykuly"},"brizy_media":[],"_links":{"self":[{"href":"http:\/\/www.franciszek-walcz.pl\/index.php?rest_route=\/wp\/v2\/posts\/1658","targetHints":{"allow":["GET"]}}],"collection":[{"href":"http:\/\/www.franciszek-walcz.pl\/index.php?rest_route=\/wp\/v2\/posts"}],"about":[{"href":"http:\/\/www.franciszek-walcz.pl\/index.php?rest_route=\/wp\/v2\/types\/post"}],"author":[{"embeddable":true,"href":"http:\/\/www.franciszek-walcz.pl\/index.php?rest_route=\/wp\/v2\/users\/1"}],"replies":[{"embeddable":true,"href":"http:\/\/www.franciszek-walcz.pl\/index.php?rest_route=%2Fwp%2Fv2%2Fcomments&post=1658"}],"version-history":[{"count":1,"href":"http:\/\/www.franciszek-walcz.pl\/index.php?rest_route=\/wp\/v2\/posts\/1658\/revisions"}],"predecessor-version":[{"id":1659,"href":"http:\/\/www.franciszek-walcz.pl\/index.php?rest_route=\/wp\/v2\/posts\/1658\/revisions\/1659"}],"wp:attachment":[{"href":"http:\/\/www.franciszek-walcz.pl\/index.php?rest_route=%2Fwp%2Fv2%2Fmedia&parent=1658"}],"wp:term":[{"taxonomy":"category","embeddable":true,"href":"http:\/\/www.franciszek-walcz.pl\/index.php?rest_route=%2Fwp%2Fv2%2Fcategories&post=1658"},{"taxonomy":"post_tag","embeddable":true,"href":"http:\/\/www.franciszek-walcz.pl\/index.php?rest_route=%2Fwp%2Fv2%2Ftags&post=1658"}],"curies":[{"name":"wp","href":"https:\/\/api.w.org\/{rel}","templated":true}]}}