{"id":16611,"date":"2021-07-17T21:41:40","date_gmt":"2021-07-17T19:41:40","guid":{"rendered":"http:\/\/www.franciszek-walcz.pl\/?p=16611"},"modified":"2021-07-17T21:45:28","modified_gmt":"2021-07-17T19:45:28","slug":"msze-sw-sp-radoslaw-miller","status":"publish","type":"post","link":"http:\/\/www.franciszek-walcz.pl\/?p=16611","title":{"rendered":"Msze \u015bw. -\u015bp. Rados\u0142aw Miller"},"content":{"rendered":"<p><strong>w 30 dzie\u0144 po pogrzebie &#8211; 8 sierpnia , godz. 10,30<\/strong><\/p>\n<p><strong>od babci Janiny &#8211; 14 sierpnia , godz. 17,00<\/strong><\/p>\n<p><strong>od cioci Ani z rodzin\u0105 &#8211; 22 sierpnia , godz. 9,00<\/strong><\/p>\n<p><strong>od cioci Joli z rodzin\u0105- 29 sierpnia , godz. 10,30<\/strong><\/p>\n<p><strong>od P. Miller z bydgoszczy 7 wrze\u015bnia , godz. 18,00<\/strong><\/p>\n<p><strong>od siostry Oli z rodzin\u0105- 11 wrze\u015bnia , godz. 17,00<\/strong><\/p>\n<p><strong>od znajomych &#8211; 19 wrze\u015bnia , godz. 10,30<\/strong><\/p>\n<p><strong>od brata Arka z rodzin\u0105 &#8211; 26 wrze\u015bnia , godz.9,00<\/strong><\/p>\n<p>&nbsp;<\/p>\n<p><strong>Od 3 pa\u017adziernika rozpocznie si\u0119 Msza \u015aw. Gregoria\u0144ska<\/strong><\/p>\n","protected":false},"excerpt":{"rendered":"<p>w 30 dzie\u0144 po pogrzebie &#8211; 8 sierpnia , godz. 10,30 od babci Janiny &#8211; 14 sierpnia , godz. 17,00 od cioci Ani z rodzin\u0105 &#8211; 22 sierpnia , godz. 9,00 od cioci Joli z rodzin\u0105- 29 sierpnia , godz. 10,30 od P. Miller z bydgoszczy 7 wrze\u015bnia , godz. 18,00 od siostry Oli z rodzin\u0105- 11 wrze\u015bnia , godz. 17,00 od znajomych &#8211; 19 wrze\u015bnia , godz. 10,30 od brata Arka z rodzin\u0105 &#8211; 26 wrze\u015bnia , godz.9,00 &nbsp; Od 3 pa\u017adziernika rozpocznie si\u0119 Msza \u015aw. Gregoria\u0144ska<\/p>\n","protected":false},"author":1,"featured_media":0,"comment_status":"closed","ping_status":"closed","sticky":false,"template":"","format":"standard","meta":{"footnotes":""},"categories":[1],"tags":[],"class_list":{"0":"post-16611","1":"post","2":"type-post","3":"status-publish","4":"format-standard","6":"category-uncategorized"},"brizy_media":[],"_links":{"self":[{"href":"http:\/\/www.franciszek-walcz.pl\/index.php?rest_route=\/wp\/v2\/posts\/16611","targetHints":{"allow":["GET"]}}],"collection":[{"href":"http:\/\/www.franciszek-walcz.pl\/index.php?rest_route=\/wp\/v2\/posts"}],"about":[{"href":"http:\/\/www.franciszek-walcz.pl\/index.php?rest_route=\/wp\/v2\/types\/post"}],"author":[{"embeddable":true,"href":"http:\/\/www.franciszek-walcz.pl\/index.php?rest_route=\/wp\/v2\/users\/1"}],"replies":[{"embeddable":true,"href":"http:\/\/www.franciszek-walcz.pl\/index.php?rest_route=%2Fwp%2Fv2%2Fcomments&post=16611"}],"version-history":[{"count":1,"href":"http:\/\/www.franciszek-walcz.pl\/index.php?rest_route=\/wp\/v2\/posts\/16611\/revisions"}],"predecessor-version":[{"id":16612,"href":"http:\/\/www.franciszek-walcz.pl\/index.php?rest_route=\/wp\/v2\/posts\/16611\/revisions\/16612"}],"wp:attachment":[{"href":"http:\/\/www.franciszek-walcz.pl\/index.php?rest_route=%2Fwp%2Fv2%2Fmedia&parent=16611"}],"wp:term":[{"taxonomy":"category","embeddable":true,"href":"http:\/\/www.franciszek-walcz.pl\/index.php?rest_route=%2Fwp%2Fv2%2Fcategories&post=16611"},{"taxonomy":"post_tag","embeddable":true,"href":"http:\/\/www.franciszek-walcz.pl\/index.php?rest_route=%2Fwp%2Fv2%2Ftags&post=16611"}],"curies":[{"name":"wp","href":"https:\/\/api.w.org\/{rel}","templated":true}]}}