{"id":16613,"date":"2021-07-17T21:46:32","date_gmt":"2021-07-17T19:46:32","guid":{"rendered":"http:\/\/www.franciszek-walcz.pl\/?p=16613"},"modified":"2021-07-17T21:46:37","modified_gmt":"2021-07-17T19:46:37","slug":"sens-odpoczynku","status":"publish","type":"post","link":"http:\/\/www.franciszek-walcz.pl\/?p=16613","title":{"rendered":"Sens odpoczynku"},"content":{"rendered":"<p>Ekipa himalaist\u00f3w wybra\u0142a si\u0119 w najwy\u017csze g\u00f3ry \u015bwiata. Za\u0142o\u017cyli sobie bardzo ambitne cele. Szybko i sprawnie zak\u0142adali kolejne obozy, narzucaj\u0105c ostre tempo. Po jednej z kr\u00f3tkich przerw wynaj\u0119ci Szerpowie nie ruszyli si\u0119 z miejsca. Kierownik wyprawy zapyta\u0142:<\/p>\n<p>\u2013 Nie macie si\u0142? Chcecie wi\u0119kszej stawki?<br \/>\n\u2013 Zaczekamy a\u017c nasze dusze nas dogoni\u0105 \u2013 odpowiedzia\u0142 przewodnik.<\/p>\n<p>Po\u015bpiech i zabieganie s\u0105 jakby wpisane w nasze \u017cycie.\u00a0Ludzie biegaj\u0105 od jednej do drugiej sprawy. W kr\u00f3tkim czasie chc\u0105 rozwi\u0105za\u0107 ka\u017cde zadanie czy problem. Przez to o \u017cadnym odpoczynku nie ma mowy. Tymczasem Jezus w dzisiejszej Ewangelii kieruje do aposto\u0142\u00f3w s\u0142owa:\u00a0P\u00f3jd\u017acie wy sami osobno na miejsce pustynne i wypocznijcie nieco!\u00a0M\u00f3wi to do swoich uczni\u00f3w, kt\u00f3rzy powr\u00f3cili z pracy polegaj\u0105cej na g\u0142oszeniu Dobrej Nowiny. Ciekawe przy tym jest to, \u017ce nie proponuje im odpoczynku, kt\u00f3ry ma by\u0107 rozrywk\u0105 i zabaw\u0105. Ich odpoczynek ma polega\u0107 na udaniu si\u0119 w miejsce pustynne. To miejsce ma pom\u00f3c, aby nabra\u0107 si\u0142 duchowych przez modlitw\u0119 i ws\u0142uchanie si\u0119 w g\u0142os Boga. Dopiero wtedy ich misja zostanie zako\u0144czona.<\/p>\n<p>Dzi\u015b Jezus tak\u017ce do nas kieruje s\u0142owa:\u00a0P\u00f3jd\u017acie wy sami osobno na miejsce pustynne i wypocznijcie nieco!\u00a0Te s\u0142owa dobrze pasuj\u0105 do czasu, kt\u00f3ry teraz mamy. W czasie wakacji dzieci mog\u0105 zapomnie\u0107 o szkole. Wielu w tym czasie zapracowanych ludzi korzysta z d\u0142ugo wyczekiwanego urlopu. Najwa\u017cniejsze w tym czasie urlopowym to oderwa\u0107 si\u0119 od codziennych obowi\u0105zk\u00f3w w pracy. To wszystko niew\u0105tpliwie jest nam potrzebne. Ale s\u0142owa Jezusa s\u0105 g\u0142\u0119bsze. Nie chodzi tu tylko o poczucie luzu i beztroski. To \u201emiejsce pustynne\u201d to miejsce spotkania z Bogiem \u2013 czas na modlitw\u0119 i niedzieln\u0105 Eucharysti\u0119. Wyj\u0105tkowym czasem udania si\u0119 na pustkowie jest dla nas wierz\u0105cych ka\u017cda niedzielna Eucharystia. To w\u0142a\u015bnie tu mamy szans\u0119 spotka\u0107 Boga w naszym zapracowanym i zabieganym \u017cyciu. Dzi\u015b warto zada\u0107 sobie pytanie, jak traktujemy ten \u015bwi\u0119ty dzie\u0144, jakim jest niedziela.<\/p>\n<p>Pewien autor w \u017cartobliwy spos\u00f3b opisa\u0142 spotkanie z niedziel\u0105:<\/p>\n<p>Niedawno temu na deptaku wielkiego miasta spotka\u0142em przypadkowo niedziel\u0119. Nie pozna\u0142em jej od razu: wygl\u0105da\u0142a bardzo mizernie. Z ka\u017cdej jej tkanki wyziera\u0142o zm\u0119czenie i os\u0142abienie. Po zdawkowych powitaniach sama zacz\u0119\u0142a rozmow\u0119, kt\u00f3ra szybko przerodzi\u0142a si\u0119 w monolog:<br \/>\n\u2013 Rzeczywi\u015bcie, \u017ale wygl\u0105da\u0142am i \u017ale si\u0119 czuj\u0119; by\u0142am ju\u017c u wielu profesor\u00f3w i lekarzy, ale nikt nie potrafi\u0142 postawi\u0107 w\u0142a\u015bciwej diagnozy. Szuka\u0142am te\u017c pomocy u polityk\u00f3w i zwi\u0105zkowc\u00f3w, ale ci nie chcieli ze mn\u0105 nawet rozmawia\u0107. Nikt si\u0119 ze mn\u0105 teraz ju\u017c nie interesuje, tylko ostatnio moja najbli\u017csza s\u0105siadka sobota powiedzia\u0142a mi ze wsp\u00f3\u0142czuciem: \u201eOj, biedna jeste\u015b, staruszko niedzielo, ludzie wyrwali ci dusz\u0119, a teraz na stare lata \u2013 w oczekiwaniu na twoj\u0105 \u015bmier\u0107 \u2013 wsadzili ci\u0119 do domu pogodnej jesieni o obcej nazwie Weekend\u201d&#8230;<br \/>\n\u2013 A co z apteczk\u0105 Pana Boga? \u2013 przerwa\u0142em jej smutny wyw\u00f3d.<br \/>\n\u2013 O kt\u00f3r\u0105 pytasz? &#8211; chcia\u0142a wiedzie\u0107 niedziela.<br \/>\n\u2013 O t\u0119 naturaln\u0105 \u2013 odpowiedzia\u0142em.<br \/>\n\u2013 Ta cieszy si\u0119 jeszcze zainteresowaniem: ludzie szukaj\u0105 dla wypoczynku s\u0142o\u0144ca, ciszy, zieleni, lasu, trawy, kwiat\u00f3w i wielu r\u00f3\u017cnych zi\u00f3\u0142.<br \/>\n\u2013 A ta apteczka ko\u015bcielna? \u2013 zapyta\u0142em, aby podtrzyma\u0107 rozmow\u0119. \u2013 Ta apteczka \u2013 odpowiedzia\u0142a \u2013 to m\u00f3j najwi\u0119kszy skarb: Msza \u015bwi\u0119ta, nabo\u017ce\u0144stwo, modlitwa, lektura \u015bwi\u0119tych s\u0142\u00f3w \u2013 to oferta zbawienia. Ona jest jeszcze w moich r\u0119kach, ale coraz mniej ludzi o ni\u0105 pyta \u2013 doko\u0144czy\u0142a prawie szeptem staruszka i skr\u0119ci\u0142a zaraz w boczn\u0105 uliczk\u0119, prowadz\u0105c\u0105 do zamkni\u0119tego ko\u015bcio\u0142a.<\/p>\n<p>Kryzys \u015bwi\u0119towania niedzieli jest kryzysem to\u017csamo\u015bci. Cz\u0142owiek, kt\u00f3ry traci \u015bwi\u0119to\u015b\u0107 niedzieli, traci w swoim \u017cyciu Boga. Oddala si\u0119 od prawdziwego celu \u017cycia, jakim jest niebo.\u00a0Niekiedy starsze pokolenia z nostalgi\u0105 wspominaj\u0105 czasy, \u017ce kiedy\u015b \u201enormaln\u0105 rzecz\u0105 by\u0142o to, \u017ce przed po\u0142udniem w niedziel\u0119 sz\u0142o si\u0119 do ko\u015bcio\u0142a, a ca\u0142y dzie\u0144 niedzielny \u2013 poza pracami najbardziej koniecznymi \u2013 by\u0142 przeznaczony na odpoczynek, jak przysta\u0142o na dzie\u0144 Bo\u017cy\u201d. W naszych czasach niestety zaciera si\u0119 chrze\u015bcija\u0144ski spos\u00f3b \u015bwi\u0119towania niedzieli. Przy tym cz\u0142owiek, okradaj\u0105c \u00f3w dzie\u0144 Bo\u017cy ze \u015bwi\u0119to\u015bci, czyni go tylko dniem odpoczynku. Paradoksalnie przez to ten dzie\u0144 po jakim\u015b czasie stanie si\u0119 zwyk\u0142ym dniem roboczym. Nadzwyczajny dzie\u0144 bez Pana Boga straci swoj\u0105 nadzwyczajno\u015b\u0107.<\/p>\n<p>Mamy teraz czas wakacji. Z pewno\u015bci\u0105 zas\u0142ugujemy na odpoczynek. Ka\u017cdy odpoczynek jest potrzebny i mo\u017ce by\u0107 pi\u0119kny. Nie zmarnujmy tego czasu. Ten czas mo\u017ce by\u0107 jeszcze bardziej warto\u015bciowy i pi\u0119kny, kiedy zbli\u017cy nas do Boga.<\/p>\n","protected":false},"excerpt":{"rendered":"<p>Ekipa himalaist\u00f3w wybra\u0142a si\u0119 w najwy\u017csze g\u00f3ry \u015bwiata. Za\u0142o\u017cyli sobie bardzo ambitne cele. Szybko i sprawnie zak\u0142adali kolejne obozy, narzucaj\u0105c ostre tempo. Po jednej z kr\u00f3tkich przerw wynaj\u0119ci Szerpowie nie ruszyli si\u0119 z miejsca. Kierownik wyprawy zapyta\u0142: \u2013 Nie macie si\u0142? Chcecie wi\u0119kszej stawki? \u2013 Zaczekamy a\u017c nasze dusze nas dogoni\u0105 \u2013 odpowiedzia\u0142 przewodnik. Po\u015bpiech i zabieganie s\u0105 jakby wpisane w nasze \u017cycie.\u00a0Ludzie biegaj\u0105 od jednej do drugiej sprawy. W kr\u00f3tkim czasie chc\u0105 rozwi\u0105za\u0107 ka\u017cde zadanie czy problem. Przez to o \u017cadnym odpoczynku nie ma mowy. Tymczasem Jezus w dzisiejszej Ewangelii kieruje do aposto\u0142\u00f3w s\u0142owa:\u00a0P\u00f3jd\u017acie wy sami osobno na miejsce pustynne i wypocznijcie nieco!\u00a0M\u00f3wi to do swoich uczni\u00f3w, kt\u00f3rzy powr\u00f3cili z pracy polegaj\u0105cej na g\u0142oszeniu Dobrej Nowiny. Ciekawe przy tym jest to, \u017ce nie proponuje im odpoczynku, kt\u00f3ry ma by\u0107 rozrywk\u0105 i zabaw\u0105. Ich odpoczynek ma polega\u0107 na udaniu si\u0119 w miejsce pustynne. To miejsce ma pom\u00f3c, aby nabra\u0107 si\u0142&hellip;<\/p>\n<p> <a class=\"more-link\" href=\"http:\/\/www.franciszek-walcz.pl\/?p=16613\">Czytaj dalej<\/a><\/p>\n","protected":false},"author":1,"featured_media":0,"comment_status":"closed","ping_status":"closed","sticky":false,"template":"","format":"standard","meta":{"footnotes":""},"categories":[1],"tags":[],"class_list":{"0":"post-16613","1":"post","2":"type-post","3":"status-publish","4":"format-standard","6":"category-uncategorized"},"brizy_media":[],"_links":{"self":[{"href":"http:\/\/www.franciszek-walcz.pl\/index.php?rest_route=\/wp\/v2\/posts\/16613","targetHints":{"allow":["GET"]}}],"collection":[{"href":"http:\/\/www.franciszek-walcz.pl\/index.php?rest_route=\/wp\/v2\/posts"}],"about":[{"href":"http:\/\/www.franciszek-walcz.pl\/index.php?rest_route=\/wp\/v2\/types\/post"}],"author":[{"embeddable":true,"href":"http:\/\/www.franciszek-walcz.pl\/index.php?rest_route=\/wp\/v2\/users\/1"}],"replies":[{"embeddable":true,"href":"http:\/\/www.franciszek-walcz.pl\/index.php?rest_route=%2Fwp%2Fv2%2Fcomments&post=16613"}],"version-history":[{"count":1,"href":"http:\/\/www.franciszek-walcz.pl\/index.php?rest_route=\/wp\/v2\/posts\/16613\/revisions"}],"predecessor-version":[{"id":16614,"href":"http:\/\/www.franciszek-walcz.pl\/index.php?rest_route=\/wp\/v2\/posts\/16613\/revisions\/16614"}],"wp:attachment":[{"href":"http:\/\/www.franciszek-walcz.pl\/index.php?rest_route=%2Fwp%2Fv2%2Fmedia&parent=16613"}],"wp:term":[{"taxonomy":"category","embeddable":true,"href":"http:\/\/www.franciszek-walcz.pl\/index.php?rest_route=%2Fwp%2Fv2%2Fcategories&post=16613"},{"taxonomy":"post_tag","embeddable":true,"href":"http:\/\/www.franciszek-walcz.pl\/index.php?rest_route=%2Fwp%2Fv2%2Ftags&post=16613"}],"curies":[{"name":"wp","href":"https:\/\/api.w.org\/{rel}","templated":true}]}}